{"id":93724,"date":"2025-09-30T22:06:19","date_gmt":"2025-09-30T22:06:19","guid":{"rendered":"https:\/\/www.europesays.com\/pt\/93724\/"},"modified":"2025-09-30T22:06:19","modified_gmt":"2025-09-30T22:06:19","slug":"conte-lamenta-ausencias-e-elogia-sporting-equipa-de-primeiro-nivel","status":"publish","type":"post","link":"https:\/\/www.europesays.com\/pt\/93724\/","title":{"rendered":"Conte lamenta aus\u00eancias e elogia Sporting: \u00abEquipa de primeiro n\u00edvel\u00bb"},"content":{"rendered":"<p>Em antevis\u00e3o ao duelo da segunda jornada da Liga dos Campe\u00f5es entre Sporting e N\u00e1poles, o treinador da equipa italiana, Antonio Conte, lamentou as v\u00e1rias aus\u00eancias por les\u00e3o na prepara\u00e7\u00e3o para esta partida.<\/p>\n<p>\u00abHavendo mais jogos, \u00e9 l\u00f3gico que haja mais les\u00f5es. \u00c9 mais dif\u00edcil resistir assim.\u00a0Rrahmani\u00a0teve uma les\u00e3o na sele\u00e7\u00e3o, somada \u00e0 les\u00e3o de Buongiorno deixa poucas op\u00e7\u00f5es para centrais. Depois, h\u00e1 o cansa\u00e7o de Spinazzola, que est\u00e1 sempre a jogar, e depois Olivera. Mazzocchi e Marianucci n\u00e3o est\u00e3o no plantel, por isso acabamos com dois defesas-centrais\u00bb, referiu, em confer\u00eancia de imprensa realizada no est\u00e1dio Diego Armando Maradona.\u00a0<\/p>\n<p>Antonio Conte disse que Spinazzolla e Mathias Olivera treinaram \u00e0 parte na segunda-feira e deu a entender que Miguel Guti\u00e9rrez ser\u00e1 o dono da lateral esquerda. Conte equaciona at\u00e9 uma mudan\u00e7a de forma\u00e7\u00e3o t\u00e1tica.\u00a0<\/p>\n<p>\u00abTemos apenas dois defesas-centrais e poder\u00edamos manter uma defesa com tr\u00eas jogadores. Esperemos que o jogo n\u00e3o traga surpresas. Precisamos de encontrar solu\u00e7\u00f5es e vamos avaliar as coisas. Se tivermos que correr riscos, talvez o fa\u00e7amos, se as exig\u00eancias do jogo assim o exigem. Podemos considerar Elmas como lateral\u00bb, explicou.\u00a0<\/p>\n<p>Conte elogiou o Sporting e recordou at\u00e9 encontros anteriores com os le\u00f5es que n\u00e3o correram bem ao treinador italiano. Em 2022, empatou e perdeu com o Sporting de Ruben Amorim na fase de grupos da Champions.<\/p>\n<p>\u00abO Sporting \u00e9 uma equipa de topo. Conheci-os quando estava no Tottenham e muitos dos jogadores ganharam experi\u00eancia. Eles ganharam o campeonato e teremos de jogar sabendo que enfrentamos uma equipa forte. Mas n\u00f3s tamb\u00e9m somos\u00bb, garantiu.\u00a0<\/p>\n<p>Por fim, perguntaram a Conte se o facto de o Sporting ter mais um dia de folga favorece os le\u00f5es. Conte \u00abaceita\u00bb o calend\u00e1rio e diz n\u00e3o querer \u00abentrar em controv\u00e9rsias\u00bb.\u00a0<\/p>\n<p>Sporting e N\u00e1poles defrontam-se esta quarta-feira, pelas 20 horas, na segunda jornada da Liga dos Campe\u00f5es. Pode acompanhar o duelo <a href=\"https:\/\/maisfutebol.iol.pt\/jogo\/napoles\/sporting\/13830198\" rel=\"nofollow noopener\" target=\"_blank\"><strong>AO VIVO<\/strong><\/a> no <strong>Maisfutebol<\/strong>.\u00a0<\/p>\n<p>J\u00e1 segue o\u00a0<b><a data-auth=\"NotApplicable\" data-linkindex=\"0\" href=\"https:\/\/eur05.safelinks.protection.outlook.com\/?url=http%3A%2F%2Fwhatsapp.com%2Fchannel%2F0029Va9lGKPGOj9nW79Pd117&amp;data=05%7C02%7Ctobrito%40tvi.pt%7Cc89f401601d045b5d75d08ddfa7d0fda%7C13331a74bf1340369e500c52b4b83749%7C0%7C0%7C638942137220939375%7CUnknown%7CTWFpbGZsb3d8eyJFbXB0eU1hcGkiOnRydWUsIlYiOiIwLjAuMDAwMCIsIlAiOiJXaW4zMiIsIkFOIjoiTWFpbCIsIldUIjoyfQ%3D%3D%7C0%7C%7C%7C&amp;sdata=flr%2FsZCP2ajXyl2JzxHbjW4pmQdvGg%2FW6JdSHgH64oY%3D&amp;reserved=0\" id=\"LPlnk293865\" originalsrc=\"http:\/\/whatsapp.com\/channel\/0029Va9lGKPGOj9nW79Pd117\" title=\"Original URL: http:\/\/whatsapp.com\/channel\/0029Va9lGKPGOj9nW79Pd117. Click or tap if you trust this link.\" rel=\"nofollow noopener\" target=\"_blank\">canal de Whatsapp do Maisfutebol<\/a><\/b>?\u00a0<\/p>\n","protected":false},"excerpt":{"rendered":"Em antevis\u00e3o ao duelo da segunda jornada da Liga dos Campe\u00f5es entre Sporting e N\u00e1poles, o treinador da&hellip;\n","protected":false},"author":2,"featured_media":93725,"comment_status":"","ping_status":"","sticky":false,"template":"","format":"standard","meta":{"footnotes":""},"categories":[87],"tags":[22893,5043,135,7706,46,2100,32,33,47,34,134],"class_list":{"0":"post-93724","1":"post","2":"type-post","3":"status-publish","4":"format-standard","5":"has-post-thumbnail","7":"category-desporto","8":"tag-antonio-conte","9":"tag-champions","10":"tag-desporto","11":"tag-liga-campeoes","12":"tag-maisfutebol","13":"tag-napoles","14":"tag-portugal","15":"tag-pt","16":"tag-pura-paixao","17":"tag-sporting","18":"tag-sports"},"share_on_mastodon":{"url":"","error":""},"_links":{"self":[{"href":"https:\/\/www.europesays.com\/pt\/wp-json\/wp\/v2\/posts\/93724","targetHints":{"allow":["GET"]}}],"collection":[{"href":"https:\/\/www.europesays.com\/pt\/wp-json\/wp\/v2\/posts"}],"about":[{"href":"https:\/\/www.europesays.com\/pt\/wp-json\/wp\/v2\/types\/post"}],"author":[{"embeddable":true,"href":"https:\/\/www.europesays.com\/pt\/wp-json\/wp\/v2\/users\/2"}],"replies":[{"embeddable":true,"href":"https:\/\/www.europesays.com\/pt\/wp-json\/wp\/v2\/comments?post=93724"}],"version-history":[{"count":0,"href":"https:\/\/www.europesays.com\/pt\/wp-json\/wp\/v2\/posts\/93724\/revisions"}],"wp:featuredmedia":[{"embeddable":true,"href":"https:\/\/www.europesays.com\/pt\/wp-json\/wp\/v2\/media\/93725"}],"wp:attachment":[{"href":"https:\/\/www.europesays.com\/pt\/wp-json\/wp\/v2\/media?parent=93724"}],"wp:term":[{"taxonomy":"category","embeddable":true,"href":"https:\/\/www.europesays.com\/pt\/wp-json\/wp\/v2\/categories?post=93724"},{"taxonomy":"post_tag","embeddable":true,"href":"https:\/\/www.europesays.com\/pt\/wp-json\/wp\/v2\/tags?post=93724"}],"curies":[{"name":"wp","href":"https:\/\/api.w.org\/{rel}","templated":true}]}}