{"id":93819,"date":"2025-09-30T23:43:40","date_gmt":"2025-09-30T23:43:40","guid":{"rendered":"https:\/\/www.europesays.com\/pt\/93819\/"},"modified":"2025-09-30T23:43:40","modified_gmt":"2025-09-30T23:43:40","slug":"resumo-do-capitulo-de-quarta-feira-1o","status":"publish","type":"post","link":"https:\/\/www.europesays.com\/pt\/93819\/","title":{"rendered":"resumo do cap\u00edtulo de quarta-feira (1\u00ba)"},"content":{"rendered":"<p>                        <img width=\"944\" height=\"531\" src=\"https:\/\/www.europesays.com\/pt\/wp-content\/uploads\/2025\/09\/Globo-divulga-as-primeiras-imagens-da-familia-Roitman-descobrindo-que-Leonardo-esta-vivo-em-Vale-Tud.jpeg\" class=\"attachment-custom-large size-custom-large article-featured-image\" alt=\"\" fetchpriority=\"high\" decoding=\"async\"  \/><\/p>\n<p>Heleninha manda Celina reunir toda fam\u00edlia para contar que Leonardo est\u00e1 vivo (Foto: Reprodu\u00e7\u00e3o, TV Globo)<\/p>\n<p>Quem estava com coragem at\u00e9 agora de chantagear Odete Roitman (Debora Bloch) em Vale Tudo, \u00e9 melhor tomar cuidado. Depois do que ela foi capaz de fazer com Ana Clara (Samantha Jones) d\u00e1 para ver que a bilion\u00e1ria n\u00e3o est\u00e1 para brincadeira.<\/p>\n<p>Continua depois da publicidade<\/p>\n<p>E quem vai ser a primeira a notar isso \u00e9 Maria de F\u00e1tima (Bella Campos), que no cap\u00edtulo desta quarta-feira (1\u00ba) avisa C\u00e9sar (Cau\u00e3 Reymond) que Odete \u00e9 capaz de fazer qualquer coisa para proteger seus segredos.<\/p>\n<p>Assustada com a possibilidade do que pode acontecer com ela, Maria de F\u00e1tima procura Raquel (Ta\u00eds Ara\u00fajo) e pede abrigo para a m\u00e3e, pois est\u00e1 temendo a pr\u00f3pria vida.<\/p>\n<p>Compare o elenco de Vale Tudo em 1988 e em 20251<\/p>\n<p>VoltarAvan\u00e7ar<\/p>\n<p><img loading=\"lazy\" decoding=\"async\" width=\"1200\" height=\"675\" data-id=\"7466832\" src=\"data:image\/svg+xml,%3Csvg%20xmlns=\" http:=\"\" alt=\"Raquel e Maria de F\u00e1tima Compare o elenco de Vale Tudo em 1988 e em 2025\" class=\"wp-image-7466832\" data-lazy- data-lazy- data-lazy-src=\"https:\/\/www.europesays.com\/pt\/wp-content\/uploads\/2025\/07\/Raquel-e-Maria-de-Fatima.jpg\"\/><\/p>\n<p>Raquel e Maria de F\u00e1tima (Fotos: Bazilio Calazans, Mem\u00f3ria Globo |  F\u00e1bio Rocha, Manoella Mello, Globo)<\/p>\n<p><img loading=\"lazy\" decoding=\"async\" width=\"1200\" height=\"675\" data-id=\"7466831\" src=\"data:image\/svg+xml,%3Csvg%20xmlns=\" http:=\"\" alt=\"Odete Roitman Compare o elenco de Vale Tudo em 1988 e em 2025\" class=\"wp-image-7466831\" data-lazy- data-lazy- data-lazy-src=\"https:\/\/www.europesays.com\/pt\/wp-content\/uploads\/2025\/07\/Odete-Roitman.jpg\"\/><\/p>\n<p>Odete Roitman (Fotos: Bazilio Calazans, Mem\u00f3ria Globo |  F\u00e1bio Rocha, Manoella Mello, Globo)<\/p>\n<p><img loading=\"lazy\" decoding=\"async\" width=\"1200\" height=\"675\" data-id=\"7466833\" src=\"data:image\/svg+xml,%3Csvg%20xmlns=\" http:=\"\" alt=\"Raquel Compare o elenco de Vale Tudo em 1988 e em 2025\" class=\"wp-image-7466833\" data-lazy- data-lazy- data-lazy-src=\"https:\/\/www.europesays.com\/pt\/wp-content\/uploads\/2025\/08\/Raquel.jpg\"\/><\/p>\n<p>Raquel (Fotos: Bazilio Calazans, Mem\u00f3ria Globo |  F\u00e1bio Rocha, Manoella Mello, Globo)<\/p>\n<p><img loading=\"lazy\" decoding=\"async\" width=\"1200\" height=\"675\" data-id=\"7466830\" src=\"data:image\/svg+xml,%3Csvg%20xmlns=\" http:=\"\" alt=\"Maria de F\u00e1tima Compare o elenco de Vale Tudo em 1988 e em 2025\" class=\"wp-image-7466830\" data-lazy- data-lazy- data-lazy-src=\"https:\/\/www.europesays.com\/pt\/wp-content\/uploads\/2025\/07\/Maria-de-Fatima.jpg\"\/><\/p>\n<p>Maria de F\u00e1tima (Fotos: Bazilio Calazans, Mem\u00f3ria Globo |  F\u00e1bio Rocha, Manoella Mello, Globo)<\/p>\n<p><img loading=\"lazy\" decoding=\"async\" width=\"1200\" height=\"675\" data-id=\"7466816\" src=\"data:image\/svg+xml,%3Csvg%20xmlns=\" http:=\"\" alt=\"C\u00e9sar Ribeiro Compare o elenco de Vale Tudo em 1988 e em 2025\" class=\"wp-image-7466816\" data-lazy- data-lazy- data-lazy-src=\"https:\/\/www.europesays.com\/pt\/wp-content\/uploads\/2025\/07\/Cesar-Ribeiro.jpg\"\/><\/p>\n<p>C\u00e9sar Ribeiro (Fotos: Bazilio Calazans, Mem\u00f3ria Globo |  F\u00e1bio Rocha, Manoella Mello, Globo)<\/p>\n<p><img loading=\"lazy\" decoding=\"async\" width=\"1200\" height=\"675\" data-id=\"7466829\" src=\"data:image\/svg+xml,%3Csvg%20xmlns=\" http:=\"\" alt=\"Heleninha Roitman Compare o elenco de Vale Tudo em 1988 e em 2025\" class=\"wp-image-7466829\" data-lazy- data-lazy- data-lazy-src=\"https:\/\/www.europesays.com\/pt\/wp-content\/uploads\/2025\/07\/Heleninha-Roitman.jpg\"\/><\/p>\n<p>Heleninha Roitman (Fotos: Bazilio Calazans, Mem\u00f3ria Globo |  F\u00e1bio Rocha, Manoella Mello, Globo)<\/p>\n<p><img loading=\"lazy\" decoding=\"async\" width=\"1200\" height=\"675\" data-id=\"7466820\" src=\"data:image\/svg+xml,%3Csvg%20xmlns=\" http:=\"\" alt=\"Ivan Meirelles Compare o elenco de Vale Tudo em 1988 e em 2025\" class=\"wp-image-7466820\" data-lazy- data-lazy- data-lazy-src=\"https:\/\/www.europesays.com\/pt\/wp-content\/uploads\/2025\/07\/Ivan-Meirelles.jpg\"\/><\/p>\n<p>Ivan Meirelles (Fotos: Bazilio Calazans, Mem\u00f3ria Globo |  F\u00e1bio Rocha, Manoella Mello, Globo)<\/p>\n<p><img loading=\"lazy\" decoding=\"async\" width=\"1200\" height=\"675\" data-id=\"7466827\" src=\"data:image\/svg+xml,%3Csvg%20xmlns=\" http:=\"\" alt=\"Afonso Roitman Compare o elenco de Vale Tudo em 1988 e em 2025\" class=\"wp-image-7466827\" data-lazy- data-lazy- data-lazy-src=\"https:\/\/www.europesays.com\/pt\/wp-content\/uploads\/2025\/08\/Afonso-Roitman.jpg\"\/><\/p>\n<p>Afonso Roitman (Fotos: Bazilio Calazans, Mem\u00f3ria Globo |  F\u00e1bio Rocha, Manoella Mello, Globo)<\/p>\n<p><img loading=\"lazy\" decoding=\"async\" width=\"1200\" height=\"675\" data-id=\"7466834\" src=\"data:image\/svg+xml,%3Csvg%20xmlns=\" http:=\"\" alt=\"Solange Compare o elenco de Vale Tudo em 1988 e em 2025\" class=\"wp-image-7466834\" data-lazy- data-lazy- data-lazy-src=\"https:\/\/www.europesays.com\/pt\/wp-content\/uploads\/2025\/08\/Solange.jpg\"\/><\/p>\n<p>Solange (Fotos: Bazilio Calazans, Mem\u00f3ria Globo |  F\u00e1bio Rocha, Manoella Mello, Globo)<\/p>\n<p><img loading=\"lazy\" decoding=\"async\" width=\"1200\" height=\"675\" data-id=\"7466824\" src=\"data:image\/svg+xml,%3Csvg%20xmlns=\" http:=\"\" alt=\"Marco Aur\u00e9lio Compare o elenco de Vale Tudo em 1988 e em 2025\" class=\"wp-image-7466824\" data-lazy- data-lazy- data-lazy-src=\"https:\/\/www.europesays.com\/pt\/wp-content\/uploads\/2025\/08\/Marco-Aurelio.jpg\"\/><\/p>\n<p>Marco Aur\u00e9lio (Fotos: Bazilio Calazans, Mem\u00f3ria Globo |  F\u00e1bio Rocha, Manoella Mello, Globo)<\/p>\n<p><img loading=\"lazy\" decoding=\"async\" width=\"1200\" height=\"675\" data-id=\"7466822\" src=\"data:image\/svg+xml,%3Csvg%20xmlns=\" http:=\"\" alt=\"Leila Compare o elenco de Vale Tudo em 1988 e em 2025\" class=\"wp-image-7466822\" data-lazy- data-lazy- data-lazy-src=\"https:\/\/www.europesays.com\/pt\/wp-content\/uploads\/2025\/07\/Leila.jpg\"\/><\/p>\n<p>Leila (Fotos: Bazilio Calazans, Mem\u00f3ria Globo |  F\u00e1bio Rocha, Manoella Mello, Globo)<\/p>\n<p><img loading=\"lazy\" decoding=\"async\" width=\"1200\" height=\"675\" data-id=\"7466815\" src=\"data:image\/svg+xml,%3Csvg%20xmlns=\" http:=\"\" alt=\"Celina Roitman Compare o elenco de Vale Tudo em 1988 e em 2025\" class=\"wp-image-7466815\" data-lazy- data-lazy- data-lazy-src=\"https:\/\/www.europesays.com\/pt\/wp-content\/uploads\/2025\/08\/Celina-Roitman.jpg\"\/><\/p>\n<p>Celina Roitman (Fotos: Bazilio Calazans, Mem\u00f3ria Globo |  F\u00e1bio Rocha, Manoella Mello, Globo)<\/p>\n<p><img loading=\"lazy\" decoding=\"async\" width=\"1200\" height=\"675\" data-id=\"7466813\" src=\"data:image\/svg+xml,%3Csvg%20xmlns=\" http:=\"\" alt=\"Alde\u00edde Compare o elenco de Vale Tudo em 1988 e em 2025\" class=\"wp-image-7466813\" data-lazy- data-lazy- data-lazy-src=\"https:\/\/www.europesays.com\/pt\/wp-content\/uploads\/2025\/08\/Aldeide.jpg\"\/><\/p>\n<p>Alde\u00edde (Fotos: Bazilio Calazans, Mem\u00f3ria Globo |  F\u00e1bio Rocha, Manoella Mello, Globo)<\/p>\n<p><img loading=\"lazy\" decoding=\"async\" width=\"1200\" height=\"675\" data-id=\"7466835\" src=\"data:image\/svg+xml,%3Csvg%20xmlns=\" http:=\"\" alt=\"Tiago Compare o elenco de Vale Tudo em 1988 e em 2025\" class=\"wp-image-7466835\" data-lazy- data-lazy- data-lazy-src=\"https:\/\/www.europesays.com\/pt\/wp-content\/uploads\/2025\/07\/Tiago.jpg\"\/><\/p>\n<p>Tiago (Fotos: Bazilio Calazans, Mem\u00f3ria Globo |  F\u00e1bio Rocha, Manoella Mello, Globo)<\/p>\n<p><img loading=\"lazy\" decoding=\"async\" width=\"1200\" height=\"675\" data-id=\"7466826\" src=\"data:image\/svg+xml,%3Csvg%20xmlns=\" http:=\"\" alt=\"Rubinho Compare o elenco de Vale Tudo em 1988 e em 2025\" class=\"wp-image-7466826\" data-lazy- data-lazy- data-lazy-src=\"https:\/\/www.europesays.com\/pt\/wp-content\/uploads\/2025\/08\/Rubinho.jpg\"\/><\/p>\n<p>Rubinho (Fotos: Bazilio Calazans, Mem\u00f3ria Globo |  F\u00e1bio Rocha, Manoella Mello, Globo)<\/p>\n<p><img loading=\"lazy\" decoding=\"async\" width=\"1200\" height=\"675\" data-id=\"7466811\" src=\"data:image\/svg+xml,%3Csvg%20xmlns=\" http:=\"\" alt=\"Renato Filipelli Compare o elenco de Vale Tudo em 1988 e em 2025\" class=\"wp-image-7466811\" data-lazy- data-lazy- data-lazy-src=\"https:\/\/www.europesays.com\/pt\/wp-content\/uploads\/2025\/07\/Renato-Filipelli.jpg\"\/><\/p>\n<p>Renato Filipelli (Fotos: Bazilio Calazans, Mem\u00f3ria Globo |  F\u00e1bio Rocha, Manoella Mello, Globo)<\/p>\n<p><img loading=\"lazy\" decoding=\"async\" width=\"1200\" height=\"675\" data-id=\"7466825\" src=\"data:image\/svg+xml,%3Csvg%20xmlns=\" http:=\"\" alt=\"Poliana\" class=\"wp-image-7466825\" data-lazy- data-lazy- data-lazy-src=\"https:\/\/www.europesays.com\/pt\/wp-content\/uploads\/2025\/08\/1754186719_584_Poliana.jpg\"\/><\/p>\n<p>Poliana (Fotos: Bazilio Calazans, Mem\u00f3ria Globo |  F\u00e1bio Rocha, Manoella Mello, Globo)<\/p>\n<p><img loading=\"lazy\" decoding=\"async\" width=\"1200\" height=\"675\" data-id=\"7466814\" src=\"data:image\/svg+xml,%3Csvg%20xmlns=\" http:=\"\" alt=\"Bartolomeu\" class=\"wp-image-7466814\" data-lazy- data-lazy- data-lazy-src=\"https:\/\/www.europesays.com\/pt\/wp-content\/uploads\/2025\/07\/Bartolomeu.jpg\"\/><\/p>\n<p>Bartolomeu (Fotos: Bazilio Calazans, Mem\u00f3ria Globo |  F\u00e1bio Rocha, Manoella Mello, Globo)<\/p>\n<p><img loading=\"lazy\" decoding=\"async\" width=\"1200\" height=\"675\" data-id=\"7466817\" src=\"data:image\/svg+xml,%3Csvg%20xmlns=\" http:=\"\" alt=\"Consuelo\" class=\"wp-image-7466817\" data-lazy- data-lazy- data-lazy-src=\"https:\/\/www.europesays.com\/pt\/wp-content\/uploads\/2025\/07\/Consuelo.jpg\"\/><\/p>\n<p>Consuelo (Fotos: Bazilio Calazans, Mem\u00f3ria Globo |  F\u00e1bio Rocha, Manoella Mello, Globo)<\/p>\n<p><img loading=\"lazy\" decoding=\"async\" width=\"1200\" height=\"675\" data-id=\"7466818\" src=\"data:image\/svg+xml,%3Csvg%20xmlns=\" http:=\"\" alt=\"Eug\u00eanio\" class=\"wp-image-7466818\" data-lazy- data-lazy- data-lazy-src=\"https:\/\/www.europesays.com\/pt\/wp-content\/uploads\/2025\/08\/1754186720_871_Eugenio.jpg\"\/><\/p>\n<p>Eug\u00eanio (Fotos: Bazilio Calazans, Mem\u00f3ria Globo |  F\u00e1bio Rocha, Manoella Mello, Globo)<\/p>\n<p><img loading=\"lazy\" decoding=\"async\" width=\"1200\" height=\"675\" data-id=\"7466819\" src=\"data:image\/svg+xml,%3Csvg%20xmlns=\" http:=\"\" alt=\"Fernanda\" class=\"wp-image-7466819\" data-lazy- data-lazy- data-lazy-src=\"https:\/\/www.europesays.com\/pt\/wp-content\/uploads\/2025\/07\/Fernanda.jpg\"\/><\/p>\n<p>Fernanda (Fotos: Bazilio Calazans, Mem\u00f3ria Globo |  F\u00e1bio Rocha, Manoella Mello, Globo)<\/p>\n<p><img loading=\"lazy\" decoding=\"async\" width=\"1200\" height=\"675\" data-id=\"7466821\" src=\"data:image\/svg+xml,%3Csvg%20xmlns=\" http:=\"\" alt=\"Jarbas\" class=\"wp-image-7466821\" data-lazy- data-lazy- data-lazy-src=\"https:\/\/www.europesays.com\/pt\/wp-content\/uploads\/2025\/07\/Jarbas.jpg\"\/><\/p>\n<p>Jarbas (Fotos: Bazilio Calazans, Mem\u00f3ria Globo |  F\u00e1bio Rocha, Manoella Mello, Globo)<\/p>\n<p><img loading=\"lazy\" decoding=\"async\" width=\"1200\" height=\"675\" data-id=\"7466812\" src=\"data:image\/svg+xml,%3Csvg%20xmlns=\" http:=\"\" alt=\"Sardinha\" class=\"wp-image-7466812\" data-lazy- data-lazy- data-lazy-src=\"https:\/\/www.europesays.com\/pt\/wp-content\/uploads\/2025\/07\/Sardinha.jpg\"\/><\/p>\n<p>Sardinha (Fotos: Bazilio Calazans, Mem\u00f3ria Globo |  F\u00e1bio Rocha, Manoella Mello, Globo)<\/p>\n<p><img loading=\"lazy\" decoding=\"async\" width=\"1200\" height=\"675\" data-id=\"7466823\" src=\"data:image\/svg+xml,%3Csvg%20xmlns=\" http:=\"\" alt=\"Lucimar\" class=\"wp-image-7466823\" data-lazy- data-lazy- data-lazy-src=\"https:\/\/www.europesays.com\/pt\/wp-content\/uploads\/2025\/07\/Lucimar.jpg\"\/><\/p>\n<p>Lucimar (Fotos: Bazilio Calazans, Mem\u00f3ria Globo |  F\u00e1bio Rocha, Manoella Mello, Globo)<\/p>\n<p><img loading=\"lazy\" decoding=\"async\" width=\"1200\" height=\"675\" data-id=\"7626233\" src=\"data:image\/svg+xml,%3Csvg%20xmlns=\" http:=\"\" alt=\"\" class=\"wp-image-7626233\" data-lazy- data-lazy- data-lazy-src=\"https:\/\/www.europesays.com\/pt\/wp-content\/uploads\/2025\/08\/Joao-Camargo-e-Luis-Lobianco-os-dois-viveram-o-Freitas-em-Vale-Tudo.jpg\"\/><\/p>\n<p>Freitas \u2013 Jo\u00e3o Camargo e Luis Lobianco (Foto: Mem\u00f3ria Globo e Divulga\u00e7\u00e3o, Globo)<\/p>\n<p><img loading=\"lazy\" decoding=\"async\" width=\"1200\" height=\"675\" data-id=\"7626234\" src=\"data:image\/svg+xml,%3Csvg%20xmlns=\" http:=\"\" alt=\"\" class=\"wp-image-7626234\" data-lazy- data-lazy- data-lazy-src=\"https:\/\/www.europesays.com\/pt\/wp-content\/uploads\/2025\/08\/Walter-na-versao-original-de-Vale-tudo-e-agora-no-remake.jpg\"\/><\/p>\n<p>Walter \u2013 Jo\u00e3o Bourbonnais e Leandro Lima (Foto: Mem\u00f3ria Globo e Divulga\u00e7\u00e3o, Globo)<\/p>\n<p><img loading=\"lazy\" decoding=\"async\" width=\"1200\" height=\"675\" data-id=\"7626232\" src=\"data:image\/svg+xml,%3Csvg%20xmlns=\" http:=\"\" alt=\"\" class=\"wp-image-7626232\" data-lazy- data-lazy- data-lazy-src=\"https:\/\/www.europesays.com\/pt\/wp-content\/uploads\/2025\/08\/Laudelino-na-versao-original-de-Vale-Tudo.jpg\"\/><\/p>\n<p>Laudelino \u2013 Ivan de Abulquerque e Herson Capri (Foto: Reprodu\u00e7\u00e3o, Globo e Divulga\u00e7\u00e3o, Globo)<\/p>\n<p><img loading=\"lazy\" decoding=\"async\" width=\"1200\" height=\"675\" data-id=\"7626242\" src=\"data:image\/svg+xml,%3Csvg%20xmlns=\" http:=\"\" alt=\"\" class=\"wp-image-7626242\" data-lazy- data-lazy- data-lazy-src=\"https:\/\/www.europesays.com\/pt\/wp-content\/uploads\/2025\/08\/Quem-era-a-Ana-psicanalista-de-Heleninha-na-versao-original-de-Vale-Tudo-1-1.jpg\"\/><\/p>\n<p>Gerson e Ana \u2013 Carlos Greg\u00f3rio e Arieta Corr\u00eaa (Foto: Reprodu\u00e7\u00e3o, Globo e Divulga\u00e7\u00e3o, Globo)<\/p>\n<p><img loading=\"lazy\" decoding=\"async\" width=\"1200\" height=\"675\" data-id=\"7626246\" src=\"data:image\/svg+xml,%3Csvg%20xmlns=\" http:=\"\" alt=\"\" class=\"wp-image-7626246\" data-lazy- data-lazy- data-lazy-src=\"https:\/\/www.europesays.com\/pt\/wp-content\/uploads\/2025\/08\/Quem-era-a-Marina-na-versao-original-de-Vale-Tudo.jpg\"\/><\/p>\n<p>Marina \u2013 Ana L\u00facia Monteiro e Fernanda Botelho (Foto: Reprodu\u00e7\u00e3o, Globo e Divulga\u00e7\u00e3o, Globo)<\/p>\n<p><img loading=\"lazy\" decoding=\"async\" width=\"1200\" height=\"675\" data-id=\"7626250\" src=\"data:image\/svg+xml,%3Csvg%20xmlns=\" http:=\"\" alt=\"\" class=\"wp-image-7626250\" data-lazy- data-lazy- data-lazy-src=\"https:\/\/www.europesays.com\/pt\/wp-content\/uploads\/2025\/08\/Quem-era-o-Carlos-na-versao-original-de-Vale-Tudo.jpg\"\/><\/p>\n<p>Carlos \u2013 Edson Fieschi e Felipe Ricca (Foto: Reprodu\u00e7\u00e3o, Globo e Divulga\u00e7\u00e3o, Globo)<\/p>\n<p><img loading=\"lazy\" decoding=\"async\" width=\"1200\" height=\"675\" data-id=\"7626244\" src=\"data:image\/svg+xml,%3Csvg%20xmlns=\" http:=\"\" alt=\"\" class=\"wp-image-7626244\" data-lazy- data-lazy- data-lazy-src=\"https:\/\/www.europesays.com\/pt\/wp-content\/uploads\/2025\/08\/Quem-era-o-Suzana-na-versao-original-de-Vale-Tudo.jpg\"\/><\/p>\n<p>Suzana \u2013 Martha Linhares e Bruna Aiiso (Foto: Reprodu\u00e7\u00e3o, Globo e Divulga\u00e7\u00e3o, Globo)<\/p>\n<p><img loading=\"lazy\" decoding=\"async\" width=\"1200\" height=\"675\" data-id=\"7626247\" src=\"data:image\/svg+xml,%3Csvg%20xmlns=\" http:=\"\" alt=\"\" class=\"wp-image-7626247\" data-lazy- data-lazy- data-lazy-src=\"https:\/\/www.europesays.com\/pt\/wp-content\/uploads\/2025\/08\/Quem-era-o-Salvador-na-versao-original-de-Vale-Tudo.jpg\"\/><\/p>\n<p>Salvador \u2013 Sebasti\u00e3o Vasconcellos e Antonio Pitanga (Foto: Reprodu\u00e7\u00e3o, Globo e Divulga\u00e7\u00e3o, Globo)<\/p>\n<p><img loading=\"lazy\" decoding=\"async\" width=\"1200\" height=\"675\" data-id=\"7626243\" src=\"data:image\/svg+xml,%3Csvg%20xmlns=\" http:=\"\" alt=\"\" class=\"wp-image-7626243\" data-lazy- data-lazy- data-lazy-src=\"https:\/\/www.europesays.com\/pt\/wp-content\/uploads\/2025\/08\/Olavo-na-versao-original-de-Vale-Tudo-1.jpg\"\/><\/p>\n<p>Olavo \u2013 Paulo Reis e Ricardo Teodoro (Foto: Reprodu\u00e7\u00e3o, Globo e Divulga\u00e7\u00e3o, Globo)<\/p>\n<p><img loading=\"lazy\" decoding=\"async\" width=\"1200\" height=\"675\" data-id=\"7626248\" src=\"data:image\/svg+xml,%3Csvg%20xmlns=\" http:=\"\" alt=\"\" class=\"wp-image-7626248\" data-lazy- data-lazy- data-lazy-src=\"https:\/\/www.europesays.com\/pt\/wp-content\/uploads\/2025\/08\/Quem-era-a-Marieta-na-versao-original-de-Vale-Tudo.jpg\"\/><\/p>\n<p>Marieta \u2013 Rita Malot e Cac\u00e1 Ottoni (Foto: Reprodu\u00e7\u00e3o, Globo e Divulga\u00e7\u00e3o, Globo)<\/p>\n<p><img loading=\"lazy\" decoding=\"async\" width=\"1200\" height=\"675\" data-id=\"7626240\" src=\"data:image\/svg+xml,%3Csvg%20xmlns=\" http:=\"\" alt=\"\" class=\"wp-image-7626240\" data-lazy- data-lazy- data-lazy-src=\"https:\/\/www.europesays.com\/pt\/wp-content\/uploads\/2025\/09\/Jairo-Lourenco-e-Licinio-Januario-os-dois-interpretes-de-Luciano-em-Vale-Tudo.jpg\"\/><\/p>\n<p>Luciano \u2013 Jairo Louren\u00e7o e Licinio Janu\u00e1rio (Foto: Reprodu\u00e7\u00e3o, Globo e Divulga\u00e7\u00e3o, Globo)<\/p>\n<p><img loading=\"lazy\" decoding=\"async\" width=\"1200\" height=\"675\" data-id=\"7626238\" src=\"data:image\/svg+xml,%3Csvg%20xmlns=\" http:=\"\" alt=\"\" class=\"wp-image-7626238\" data-lazy- data-lazy- data-lazy-src=\"https:\/\/www.europesays.com\/pt\/wp-content\/uploads\/2025\/08\/Gildo-agora-e-Gilda-no-remake-de-Vale-Tudo.jpg\"\/><\/p>\n<p>Gildo e Gilda \u2013 Fernando Almeida e Let\u00edcia Vieira (Foto: Reprodu\u00e7\u00e3o, Globo e Divulga\u00e7\u00e3o, Globo)<\/p>\n<p><img loading=\"lazy\" decoding=\"async\" width=\"1200\" height=\"675\" data-id=\"7626249\" src=\"data:image\/svg+xml,%3Csvg%20xmlns=\" http:=\"\" alt=\"\" class=\"wp-image-7626249\" data-lazy- data-lazy- data-lazy-src=\"https:\/\/www.europesays.com\/pt\/wp-content\/uploads\/2025\/08\/Quem-era-a-Flavia-na-versao-original-de-Vale-Tudo.jpg\"\/><\/p>\n<p>Fl\u00e1via \u2013 Renata Castro Barbosa e Ywyzar Guajajara (Foto: Reprodu\u00e7\u00e3o, Globo e Divulga\u00e7\u00e3o, Globo)<\/p>\n<p><img loading=\"lazy\" decoding=\"async\" width=\"1200\" height=\"675\" data-id=\"7626245\" src=\"data:image\/svg+xml,%3Csvg%20xmlns=\" http:=\"\" alt=\"\" class=\"wp-image-7626245\" data-lazy- data-lazy- data-lazy-src=\"https:\/\/www.europesays.com\/pt\/wp-content\/uploads\/2025\/08\/Quem-era-a-Daniela-na-versao-original-de-Vale-Tudo.jpg\"\/><\/p>\n<p>Daniela \u2013 Paula Lavigne e Jessica Marques (Foto: Reprodu\u00e7\u00e3o, Globo e Divulga\u00e7\u00e3o, Globo)<\/p>\n<p><img loading=\"lazy\" decoding=\"async\" width=\"1200\" height=\"675\" data-id=\"7626241\" src=\"data:image\/svg+xml,%3Csvg%20xmlns=\" http:=\"\" alt=\"\" class=\"wp-image-7626241\" data-lazy- data-lazy- data-lazy-src=\"https:\/\/www.europesays.com\/pt\/wp-content\/uploads\/2025\/08\/Quem-eram-Lais-e-Cecilia-na-versao-original-de-Vale-Tudo.jpg\"\/><\/p>\n<p>La\u00eds e Cec\u00edlia \u2013 Cristina Prochaska e Lala Deheinzelin \/ Lorena Lima e Maeve Jinkings (Foto: Reprodu\u00e7\u00e3o, Globo e Divulga\u00e7\u00e3o, Globo)<\/p>\n<p><img loading=\"lazy\" decoding=\"async\" width=\"1200\" height=\"675\" data-id=\"7626235\" src=\"data:image\/svg+xml,%3Csvg%20xmlns=\" http:=\"\" alt=\"\" class=\"wp-image-7626235\" data-lazy- data-lazy- data-lazy-src=\"https:\/\/www.europesays.com\/pt\/wp-content\/uploads\/2025\/08\/Danton-Melo-e-Miguel-Moro-os-atores-que-fizeram-o-Bruno-em-Vale-Tudo.jpg\"\/><\/p>\n<p>Bruno \u2013 Danton Mello e Miguel Moro (Foto: Reprodu\u00e7\u00e3o, Globo e Divulga\u00e7\u00e3o, Globo)<\/p>\n<p><img loading=\"lazy\" decoding=\"async\" width=\"1200\" height=\"675\" data-id=\"7626239\" src=\"data:image\/svg+xml,%3Csvg%20xmlns=\" http:=\"\" alt=\"\" class=\"wp-image-7626239\" data-lazy- data-lazy- data-lazy-src=\"https:\/\/www.europesays.com\/pt\/wp-content\/uploads\/2025\/08\/1756361379_918_eunice-de-vale-tudo.jpg\"\/><\/p>\n<p>Eunice \u2013 \u00cdris Bruzzi e Edvana Carvalho (Foto: Reprodu\u00e7\u00e3o, Globo e Divulga\u00e7\u00e3o, Globo)<\/p>\n<p><img loading=\"lazy\" decoding=\"async\" width=\"1200\" height=\"675\" data-id=\"7626237\" src=\"data:image\/svg+xml,%3Csvg%20xmlns=\" http:=\"\" alt=\"\" class=\"wp-image-7626237\" data-lazy- data-lazy- data-lazy-src=\"https:\/\/www.europesays.com\/pt\/wp-content\/uploads\/2025\/08\/1756361379_482_Marcello-Novaes-e-Breno-Ferreira-.jpg\"\/><\/p>\n<p>Andr\u00e9 \u2013 Marcello Novaes e Breno Ferreira (Foto: Reprodu\u00e7\u00e3o, Globo e Divulga\u00e7\u00e3o, Globo)<\/p>\n<p><img loading=\"lazy\" decoding=\"async\" width=\"1200\" height=\"675\" data-id=\"7626236\" src=\"data:image\/svg+xml,%3Csvg%20xmlns=\" http:=\"\" alt=\"\" class=\"wp-image-7626236\" data-lazy- data-lazy- data-lazy-src=\"https:\/\/www.europesays.com\/pt\/wp-content\/uploads\/2025\/08\/Quem-era-o-Vasco-na-versao-original-de-Vale-Tudo.jpg\"\/><\/p>\n<p>Vasco \u2013 Paulo Rezende e Thiago Martins (Foto: Reprodu\u00e7\u00e3o, Globo e Divulga\u00e7\u00e3o, Globo)<\/p>\n<p><img fetchpriority=\"high\" decoding=\"async\" width=\"1200\" height=\"675\" data-id=\"7626255\" src=\"https:\/\/www.europesays.com\/pt\/wp-content\/uploads\/2025\/08\/Mario-Sergio-em-Vale-Tudo.jpg\" alt=\"\" class=\"wp-image-7626255\"  \/><\/p>\n<p>Continua depois da publicidade<\/p>\n<p>Resumo do cap\u00edtulo de quarta-feira (1\u00ba de outubro de 2025) de Vale Tudo<\/p>\n<p>Maria de F\u00e1tima alerta C\u00e9sar sobre Leonardo, e o perigo que corre com Odete. C\u00e9sar fica assustado com a forma com que Odete se refere a Leonardo. Maria de F\u00e1tima pede abrigo a Raquel.<\/p>\n<p><strong><a href=\"https:\/\/www.nsctotal.com.br\/noticias\/vale-tudo-familia-roitman-descobre-que-leonardo-esta-vivo-e-quem-foi-enterrado-em-seu-lugar\" target=\"_blank\" rel=\"noreferrer noopener nofollow\">Vale Tudo: fam\u00edlia Roitman descobre que Leonardo est\u00e1 vivo e quem foi enterrado em seu lugar<\/a><\/strong><\/p>\n","protected":false},"excerpt":{"rendered":"Heleninha manda Celina reunir toda fam\u00edlia para contar que Leonardo est\u00e1 vivo (Foto: Reprodu\u00e7\u00e3o, TV Globo) Quem estava&hellip;\n","protected":false},"author":2,"featured_media":93820,"comment_status":"","ping_status":"","sticky":false,"template":"","format":"standard","meta":{"footnotes":""},"categories":[142],"tags":[114,115,32,33,151,543],"class_list":{"0":"post-93819","1":"post","2":"type-post","3":"status-publish","4":"format-standard","5":"has-post-thumbnail","7":"category-tv","8":"tag-entertainment","9":"tag-entretenimento","10":"tag-portugal","11":"tag-pt","12":"tag-tv","13":"tag-ver-ouvir-ler"},"share_on_mastodon":{"url":"","error":""},"_links":{"self":[{"href":"https:\/\/www.europesays.com\/pt\/wp-json\/wp\/v2\/posts\/93819","targetHints":{"allow":["GET"]}}],"collection":[{"href":"https:\/\/www.europesays.com\/pt\/wp-json\/wp\/v2\/posts"}],"about":[{"href":"https:\/\/www.europesays.com\/pt\/wp-json\/wp\/v2\/types\/post"}],"author":[{"embeddable":true,"href":"https:\/\/www.europesays.com\/pt\/wp-json\/wp\/v2\/users\/2"}],"replies":[{"embeddable":true,"href":"https:\/\/www.europesays.com\/pt\/wp-json\/wp\/v2\/comments?post=93819"}],"version-history":[{"count":0,"href":"https:\/\/www.europesays.com\/pt\/wp-json\/wp\/v2\/posts\/93819\/revisions"}],"wp:featuredmedia":[{"embeddable":true,"href":"https:\/\/www.europesays.com\/pt\/wp-json\/wp\/v2\/media\/93820"}],"wp:attachment":[{"href":"https:\/\/www.europesays.com\/pt\/wp-json\/wp\/v2\/media?parent=93819"}],"wp:term":[{"taxonomy":"category","embeddable":true,"href":"https:\/\/www.europesays.com\/pt\/wp-json\/wp\/v2\/categories?post=93819"},{"taxonomy":"post_tag","embeddable":true,"href":"https:\/\/www.europesays.com\/pt\/wp-json\/wp\/v2\/tags?post=93819"}],"curies":[{"name":"wp","href":"https:\/\/api.w.org\/{rel}","templated":true}]}}