{"id":93821,"date":"2025-09-30T23:44:08","date_gmt":"2025-09-30T23:44:08","guid":{"rendered":"https:\/\/www.europesays.com\/pt\/93821\/"},"modified":"2025-09-30T23:44:08","modified_gmt":"2025-09-30T23:44:08","slug":"jeremy-allen-white-canta-born-to-run-em-cena-do-filme","status":"publish","type":"post","link":"https:\/\/www.europesays.com\/pt\/93821\/","title":{"rendered":"Jeremy Allen White canta &#8220;Born to Run&#8221; em cena do filme"},"content":{"rendered":"<p>O filme\u00a0<strong>Springsteen: Salve-me do Desconhecido<\/strong>,\u00a0cinebiografia de <strong>Bruce Springsteen\u00a0<\/strong>estrelada por\u00a0<strong>Jeremy Allen White\u00a0<\/strong>(O Urso) ganhou um trailer mostrando o cantor interpretando a m\u00fasica\u00a0&#8220;Born to Run&#8221;,\u00a0m\u00fasica de Springsteen.\u00a0<\/p>\n<p>A cena, que parece ser em um dos shows do cantor, mostra Allen White no palco. Infelizmente, o v\u00eddeo n\u00e3o mostra a can\u00e7\u00e3o completa, contudo, \u00e9 bem prov\u00e1vel que no longa seja poss\u00edvel que a can\u00e7\u00e3o esteja completa.<\/p>\n<p>      <strong>Quando lan\u00e7a o filme de Bruce Springsteen?<\/strong><\/p>\n<p>Springsteen: Salve-me do Desconhecido\u00a0(ou\u00a0Deliver\u00a0Me From Nowhere)\u00a0adapta o livro hom\u00f4nimo lan\u00e7ado em 2023 e escrito por\u00a0<strong>Warren Zanes<\/strong>. A obra mostra\u00a0Bruce Springsteen e sua jornada para fazer seu sexto \u00e1lbum de est\u00fadio,\u00a0Nebraska, uma cole\u00e7\u00e3o obscura e despojada de m\u00fasicas que marcou uma nova dire\u00e7\u00e3o art\u00edstica em sua carreira.<\/p>\n<p data-gtm-vis-first-on-screen67967661_30=\"1082\" data-gtm-vis-has-fired67967661_30=\"1\" data-gtm-vis-total-visible-time67967661_30=\"100\"><strong>Scott Cooper\u00a0<\/strong>(Cora\u00e7\u00e3o Louco, O P\u00e1lido Olho Azul) ser\u00e1 o diretor. O elenco conta com\u00a0<strong>Stephen Graham<\/strong>\u00a0(Venom 3: A \u00daltima Rodada) interpretando o pai de Springsteen.\u00a0<strong>Paul Walter Hauser<\/strong>\u00a0(Divertida Mente 2) viver\u00e1 o t\u00e9cnico de guitarras Mike Batlan, e<strong>\u00a0<\/strong><strong>Odessa Young<\/strong>\u00a0(Assassination Nation)\u00a0deve interpretar o par rom\u00e2ntico de Bruce.\u00a0<strong>Jeremy Strong<\/strong>\u00a0(Succession, O Aprendiz) est\u00e1 no filme como Jon Landau, agente de Springsteen por anos.<\/p>\n<p>Nos Estados Unidos, o filme chega aos cinemas em 24 de outubro. No Brasil, o filme chega uma semana depois, em\u00a0<strong>30 de outubro<\/strong>.<\/p>\n","protected":false},"excerpt":{"rendered":"O filme\u00a0Springsteen: Salve-me do Desconhecido,\u00a0cinebiografia de Bruce Springsteen\u00a0estrelada por\u00a0Jeremy Allen White\u00a0(O Urso) ganhou um trailer mostrando o cantor&hellip;\n","protected":false},"author":2,"featured_media":93822,"comment_status":"","ping_status":"","sticky":false,"template":"","format":"standard","meta":{"footnotes":""},"categories":[141],"tags":[114,115,149,150,32,33],"class_list":{"0":"post-93821","1":"post","2":"type-post","3":"status-publish","4":"format-standard","5":"has-post-thumbnail","7":"category-musica","8":"tag-entertainment","9":"tag-entretenimento","10":"tag-music","11":"tag-musica","12":"tag-portugal","13":"tag-pt"},"share_on_mastodon":{"url":"","error":""},"_links":{"self":[{"href":"https:\/\/www.europesays.com\/pt\/wp-json\/wp\/v2\/posts\/93821","targetHints":{"allow":["GET"]}}],"collection":[{"href":"https:\/\/www.europesays.com\/pt\/wp-json\/wp\/v2\/posts"}],"about":[{"href":"https:\/\/www.europesays.com\/pt\/wp-json\/wp\/v2\/types\/post"}],"author":[{"embeddable":true,"href":"https:\/\/www.europesays.com\/pt\/wp-json\/wp\/v2\/users\/2"}],"replies":[{"embeddable":true,"href":"https:\/\/www.europesays.com\/pt\/wp-json\/wp\/v2\/comments?post=93821"}],"version-history":[{"count":0,"href":"https:\/\/www.europesays.com\/pt\/wp-json\/wp\/v2\/posts\/93821\/revisions"}],"wp:featuredmedia":[{"embeddable":true,"href":"https:\/\/www.europesays.com\/pt\/wp-json\/wp\/v2\/media\/93822"}],"wp:attachment":[{"href":"https:\/\/www.europesays.com\/pt\/wp-json\/wp\/v2\/media?parent=93821"}],"wp:term":[{"taxonomy":"category","embeddable":true,"href":"https:\/\/www.europesays.com\/pt\/wp-json\/wp\/v2\/categories?post=93821"},{"taxonomy":"post_tag","embeddable":true,"href":"https:\/\/www.europesays.com\/pt\/wp-json\/wp\/v2\/tags?post=93821"}],"curies":[{"name":"wp","href":"https:\/\/api.w.org\/{rel}","templated":true}]}}