{"id":93823,"date":"2025-09-30T23:45:21","date_gmt":"2025-09-30T23:45:21","guid":{"rendered":"https:\/\/www.europesays.com\/pt\/93823\/"},"modified":"2025-09-30T23:45:21","modified_gmt":"2025-09-30T23:45:21","slug":"tron-ares-garrett-hedlund-explica-ausencia-na-sequencia","status":"publish","type":"post","link":"https:\/\/www.europesays.com\/pt\/93823\/","title":{"rendered":"&#8216;Tron: Ares&#8217;: Garrett Hedlund explica aus\u00eancia na sequ\u00eancia"},"content":{"rendered":"<p><strong>Garrett Hedlund<\/strong>, ator que interpretou Sam Flynn em <strong>\u2018<a href=\"https:\/\/cinepop.com.br\/tag\/tron\/\" title=\"Tron\" rel=\"nofollow noopener\" target=\"_blank\">Tron<\/a>: O Legado\u2019<\/strong>, abordou recentemente sua aus\u00eancia na sequ\u00eancia do filme, intitulada <strong>\u2018<a href=\"https:\/\/cinepop.com.br\/tag\/tron\/\" title=\"Tron\" rel=\"nofollow noopener\" target=\"_blank\">Tron<\/a>: <a href=\"https:\/\/cinepop.com.br\/tag\/ares\/\" title=\"Ares\" rel=\"nofollow noopener\" target=\"_blank\">Ares<\/a>\u2019.<\/strong><\/p>\n<p>Conforme o <a href=\"https:\/\/collider.com\/tron-ares-garrett-hedlund-sam-flynn-absence-response\/\" rel=\"nofollow noopener\" target=\"_blank\">Collider<\/a>, durante uma entrevista na FanX Salt Lake Comic Convention, <strong>Hedlund<\/strong> expressou seu entusiasmo pelo novo filme, apesar de n\u00e3o retornar:<\/p>\n<p>\u201cBom, antes de tudo, mal posso esperar para ver o que eles fizeram com <a href=\"https:\/\/cinepop.com.br\/tag\/ares\/\" title=\"Ares\" rel=\"nofollow noopener\" target=\"_blank\">Ares<\/a>. Estou muito orgulhoso de todos os envolvidos. Os produtores s\u00e3o os mesmos que trouxeram O Legado \u00e0 vida e trabalharam duro neste novo filme. Serei o primeiro na fila para assistir. E os f\u00e3s est\u00e3o muito empolgados, o que \u00e9 maravilhoso. H\u00e1 muito amor por <a href=\"https:\/\/cinepop.com.br\/tag\/tron\/\" title=\"Tron\" rel=\"nofollow noopener\" target=\"_blank\">Tron<\/a> por a\u00ed\u201d, afirmou.<\/p>\n<p>Embora <strong>Hedlund<\/strong> n\u00e3o tenha revelado se recusou um convite para reprisar o papel de Sam Flynn, suas palavras transmitem um entusiasmo genu\u00edno, sem ressentimento. Para os f\u00e3s da franquia, essa postura ajuda a amenizar a frustra\u00e7\u00e3o de n\u00e3o v\u00ea-lo novamente na Grade.<\/p>\n<p><a href=\"https:\/\/cinepop.com.br\/tron-ares-disney-descartou-personagem-feito-por-ia-devido-ao-risco-de-uma-ma-repercussao-685201\/\" rel=\"nofollow noopener\" target=\"_blank\">\u2018Tron: Ares\u2019: Disney descartou personagem feito por IA devido ao \u201crisco de uma m\u00e1 repercuss\u00e3o\u201d<\/a><\/p>\n<p>O diretor<strong> <a href=\"https:\/\/cinepop.com.br\/tag\/joachim-ronning\/\" title=\"Joachim R\u00f8nning\" rel=\"nofollow noopener\" target=\"_blank\">Joachim R\u00f8nning<\/a><\/strong> confirmou recentemente que Sam Flynn (<strong>Garrett Hedlund<\/strong>) e Dillinger Jr. (<strong>Cillian Murphy<\/strong>) n\u00e3o estar\u00e3o em <a href=\"https:\/\/cinepop.com.br\/tag\/ares\/\" title=\"Ares\" rel=\"nofollow noopener\" target=\"_blank\">Ares<\/a>, citando uma combina\u00e7\u00e3o de escolhas criativas e decis\u00f5es dos pr\u00f3prios atores de n\u00e3o retornarem.<\/p>\n<p>O produtor <strong>Justin Springer<\/strong> refor\u00e7ou que o novo filme n\u00e3o est\u00e1 tentando se apoiar em participa\u00e7\u00f5es nost\u00e1lgicas para contar sua hist\u00f3ria:<\/p>\n<p>\u201cEssas decis\u00f5es n\u00e3o s\u00e3o apenas criativas; \u00e0s vezes os atores simplesmente n\u00e3o querem mais participar. H\u00e1 v\u00e1rias maneiras de enxergar isso, mas sentimos que a hist\u00f3ria encontrou um caminho em que os personagens antigos n\u00e3o precisavam estar em destaque. Quer\u00edamos levar a narrativa para uma nova dire\u00e7\u00e3o, ao mesmo tempo em que honramos o universo no qual estamos inseridos\u201d, afirmou.<\/p>\n<p>Vale lembrar que nomes como Garrett Hedlund (<strong>Sam Flynn<\/strong>), Olivia Wilde (<strong>Quorra<\/strong>) e Cillian Murphy (<strong>Dillinger Jr.<\/strong>) n\u00e3o devem retornar para o longa-metragem.<\/p>\n<p><strong>\u2018<a href=\"https:\/\/cinepop.com.br\/tag\/tron\/\" title=\"Tron\" rel=\"nofollow noopener\" target=\"_blank\">Tron<\/a>: <a href=\"https:\/\/cinepop.com.br\/tag\/ares\/\" title=\"Ares\" rel=\"nofollow noopener\" target=\"_blank\">Ares<\/a>\u2019 tem lan\u00e7amento previsto para 10 de outubro de 2025.<\/strong><\/p>\n<p><a href=\"https:\/\/cinepop.com.br\/tron-ares-surpreende-na-comic-con-com-cenas-alucinantes-corridas-de-lightcycle-e-trilha-do-nine-inch-nails-682995\/\" rel=\"nofollow noopener\" target=\"_blank\">\u2018Tron: Ares\u2019 Surpreende na Comic-Con com cenas alucinantes, corridas de Lightcycle e trilha do Nine Inch Nails<\/a><\/p>\n<p class=\"pp-has-text\">Confira e siga o\u00a0<a href=\"https:\/\/www.youtube.com\/cinepop?sub_confirmation=1\" target=\"_blank\" rel=\"noopener nofollow\"><strong>CinePOP no Youtube<\/strong><\/a>:<\/p>\n<p>Na trama, <strong>Leto<\/strong> (\u2018Morbius\u2019) interpreta <a href=\"https:\/\/cinepop.com.br\/tag\/ares\/\" title=\"Ares\" rel=\"nofollow noopener\" target=\"_blank\">Ares<\/a>, a manifesta\u00e7\u00e3o do programa <a href=\"https:\/\/cinepop.com.br\/tag\/tron\/\" title=\"Tron\" rel=\"nofollow noopener\" target=\"_blank\">Tron<\/a>.<\/p>\n<p>O elenco ainda conta com <strong><a href=\"https:\/\/cinepop.com.br\/tag\/evan-peters\/\" title=\"Evan Peters\" rel=\"nofollow noopener\" target=\"_blank\">Evan Peters<\/a><\/strong> (\u2018Dahmer: Um Canibal Americano\u2019), <strong>Greta Lee<\/strong> (\u2018The Morning Show\u2019), <strong>Jodie Turner-Smith<\/strong> (\u2018Mist\u00e9rio em Paris\u2019), <strong>Cameron Monaghan<\/strong><strong>\u00a0<\/strong>(\u2018Gotham\u2019) e\u00a0<strong><a href=\"https:\/\/cinepop.com.br\/tag\/jeff-bridges\/\" title=\"Jeff Bridges\" rel=\"nofollow noopener\" target=\"_blank\">Jeff Bridges<\/a><\/strong> (\u2018The Old Man\u2019).<\/p>\n<p><a href=\"https:\/\/cinepop.com.br\/tron-ares-sequencia-com-jared-leto-ganha-trailer-insano-e-novos-cartazes-690540\/\" rel=\"nofollow noopener\" target=\"_blank\">\u2018Tron: Ares\u2019: Sequ\u00eancia com Jared Leto ganha trailer INSANO e novos cartazes<\/a><\/p>\n<p><img fetchpriority=\"high\" decoding=\"async\" src=\"https:\/\/www.europesays.com\/pt\/wp-content\/uploads\/2025\/09\/imagem_2024-05-06_163216859-1024x512.jpg\" alt=\"\" width=\"1024\" height=\"512\"  \/><\/p>\n<p><img loading=\"lazy\" decoding=\"async\" class=\"alignnone size-full wp-image-690544\" src=\"https:\/\/www.europesays.com\/pt\/wp-content\/uploads\/2025\/09\/tronares_3.jpeg\" alt=\"\" width=\"800\" height=\"1000\"  \/><\/p>\n","protected":false},"excerpt":{"rendered":"Garrett Hedlund, ator que interpretou Sam Flynn em \u2018Tron: O Legado\u2019, abordou recentemente sua aus\u00eancia na sequ\u00eancia do&hellip;\n","protected":false},"author":2,"featured_media":93824,"comment_status":"","ping_status":"","sticky":false,"template":"","format":"standard","meta":{"footnotes":""},"categories":[140],"tags":[23300,23301,12724,15222,1579,23302,114,115,23303,23304,3639,147,148,16720,18166,23305,23306,23307,792,146,14969,32,33,5418,23308,23309],"class_list":{"0":"post-93823","1":"post","2":"type-post","3":"status-publish","4":"format-standard","5":"has-post-thumbnail","7":"category-filmes","8":"tag-ares","9":"tag-atticus-ross","10":"tag-cinemacon-2025","11":"tag-d23","12":"tag-disney","13":"tag-dona-do-mal","14":"tag-entertainment","15":"tag-entretenimento","16":"tag-evan-peters","17":"tag-expo-d23","18":"tag-featured","19":"tag-film","20":"tag-filmes","21":"tag-jared-leto","22":"tag-jeff-bridges","23":"tag-joachim-ronning","24":"tag-joseph-kosinski","25":"tag-malevola","26":"tag-marvel","27":"tag-movies","28":"tag-nine-inch-nails","29":"tag-portugal","30":"tag-pt","31":"tag-star-wars","32":"tag-trent-reznor","33":"tag-tron"},"share_on_mastodon":{"url":"","error":""},"_links":{"self":[{"href":"https:\/\/www.europesays.com\/pt\/wp-json\/wp\/v2\/posts\/93823","targetHints":{"allow":["GET"]}}],"collection":[{"href":"https:\/\/www.europesays.com\/pt\/wp-json\/wp\/v2\/posts"}],"about":[{"href":"https:\/\/www.europesays.com\/pt\/wp-json\/wp\/v2\/types\/post"}],"author":[{"embeddable":true,"href":"https:\/\/www.europesays.com\/pt\/wp-json\/wp\/v2\/users\/2"}],"replies":[{"embeddable":true,"href":"https:\/\/www.europesays.com\/pt\/wp-json\/wp\/v2\/comments?post=93823"}],"version-history":[{"count":0,"href":"https:\/\/www.europesays.com\/pt\/wp-json\/wp\/v2\/posts\/93823\/revisions"}],"wp:featuredmedia":[{"embeddable":true,"href":"https:\/\/www.europesays.com\/pt\/wp-json\/wp\/v2\/media\/93824"}],"wp:attachment":[{"href":"https:\/\/www.europesays.com\/pt\/wp-json\/wp\/v2\/media?parent=93823"}],"wp:term":[{"taxonomy":"category","embeddable":true,"href":"https:\/\/www.europesays.com\/pt\/wp-json\/wp\/v2\/categories?post=93823"},{"taxonomy":"post_tag","embeddable":true,"href":"https:\/\/www.europesays.com\/pt\/wp-json\/wp\/v2\/tags?post=93823"}],"curies":[{"name":"wp","href":"https:\/\/api.w.org\/{rel}","templated":true}]}}