{"id":93842,"date":"2025-10-01T00:11:13","date_gmt":"2025-10-01T00:11:13","guid":{"rendered":"https:\/\/www.europesays.com\/pt\/93842\/"},"modified":"2025-10-01T00:11:13","modified_gmt":"2025-10-01T00:11:13","slug":"secret-story-fabio-vai-ser-sancionado-esta-noite-apos-quebrar-regra-basilar-secret-story","status":"publish","type":"post","link":"https:\/\/www.europesays.com\/pt\/93842\/","title":{"rendered":"Secret Story: F\u00e1bio vai ser sancionado esta noite ap\u00f3s quebrar regra basilar &#8211; Secret Story"},"content":{"rendered":"<p data-end=\"795\" data-start=\"482\">O ambiente dentro da <strong data-end=\"532\" data-start=\"503\">casa mais vigiada do pa\u00eds<\/strong> promete ferver ainda mais esta noite. Durante o segmento <strong data-end=\"605\" data-start=\"590\">\u00daltima Hora<\/strong> do <a href=\"https:\/\/tvi.iol.pt\/secretstory\/\" rel=\"nofollow noopener\" target=\"_blank\"><strong data-end=\"629\" data-start=\"609\">\u201cSecret Story 9\u201d<\/strong><\/a>, transmitido pela TVI, <strong data-end=\"666\" data-start=\"653\">Nuno Eir\u00f3<\/strong> anunciou que a <strong data-end=\"689\" data-start=\"682\">Voz<\/strong> j\u00e1 tem um concorrente em mira para ser sancionado no <strong data-end=\"755\" data-start=\"743\">Especial<\/strong>, conduzido por <strong data-end=\"792\" data-start=\"771\">Cristina Ferreira<\/strong>.<\/p>\n<p data-end=\"1108\" data-start=\"797\">O motivo e o nome do concorrente j\u00e1 s\u00e3o conhecidos: <strong data-end=\"874\" data-start=\"849\">F\u00e1bio ser\u00e1 sancionado<\/strong> por ter quebrado uma das regras fundamentais do jogo \u2014 a confidencialidade do segredo. O jovem revelou a <strong data-end=\"991\" data-start=\"980\">Liliana<\/strong> que o seu segredo envolve <strong data-end=\"1026\" data-start=\"1018\">Vera<\/strong>, comprometendo assim todo o mist\u00e9rio que deveria manter ao longo da competi\u00e7\u00e3o.<\/p>\n<p data-end=\"1108\" data-start=\"797\">Veja as imagens exclusivas, no v\u00eddeo em baixo.<\/p>\n<p data-end=\"1108\" data-start=\"797\">\u00a0<\/p>\n<p data-end=\"1108\" data-start=\"797\">Esta infra\u00e7\u00e3o n\u00e3o passou despercebida e vai agora ter consequ\u00eancias diretas. A Voz ir\u00e1 confrontar F\u00e1bio esta noite em direto, num momento que promete marcar o rumo do jogo e testar a rela\u00e7\u00e3o do concorrente com os restantes habitantes da casa.<\/p>\n<p data-end=\"1594\" data-start=\"1356\">As imagens exclusivas do momento em que F\u00e1bio revela a informa\u00e7\u00e3o j\u00e1 est\u00e3o a circular e mostram a forma espont\u00e2nea como o concorrente deixou escapar um detalhe decisivo, colocando em risco a sua perman\u00eancia e estrat\u00e9gia no reality show.<\/p>\n<p data-end=\"1711\" data-start=\"1596\">O <strong data-end=\"1630\" data-start=\"1598\">Especial do \u201cSecret Story 9\u201d<\/strong> promete, assim, fortes emo\u00e7\u00f5es e uma das san\u00e7\u00f5es mais comentadas desta edi\u00e7\u00e3o.<\/p>\n","protected":false},"excerpt":{"rendered":"O ambiente dentro da casa mais vigiada do pa\u00eds promete ferver ainda mais esta noite. Durante o segmento&hellip;\n","protected":false},"author":2,"featured_media":93843,"comment_status":"","ping_status":"","sticky":false,"template":"","format":"standard","meta":{"footnotes":""},"categories":[142],"tags":[8113,2632,329,333,328,335,336,114,115,334,19082,330,19016,1326,338,19019,13,32,33,1014,5916,1315,8174,151,162,2512,11841,19020,227],"class_list":{"0":"post-93842","1":"post","2":"type-post","3":"status-publish","4":"format-standard","5":"has-post-thumbnail","7":"category-tv","8":"tag-alice-alves","9":"tag-casa-dos-segredos","10":"tag-claudio-ramos","11":"tag-comentadores","12":"tag-concorrentes","13":"tag-confrontos","14":"tag-discussoes","15":"tag-entertainment","16":"tag-entretenimento","17":"tag-exclusivos","18":"tag-fabio","19":"tag-gala","20":"tag-liliana","21":"tag-mafalda-castro","22":"tag-maria-botelho-moniz","23":"tag-marta-cardoso","24":"tag-noticias","25":"tag-portugal","26":"tag-pt","27":"tag-reality-show","28":"tag-sancao","29":"tag-secret-story","30":"tag-segredos","31":"tag-tv","32":"tag-tvi","33":"tag-ultima-hora","34":"tag-vera","35":"tag-video-do-dia","36":"tag-videos"},"share_on_mastodon":{"url":"","error":""},"_links":{"self":[{"href":"https:\/\/www.europesays.com\/pt\/wp-json\/wp\/v2\/posts\/93842","targetHints":{"allow":["GET"]}}],"collection":[{"href":"https:\/\/www.europesays.com\/pt\/wp-json\/wp\/v2\/posts"}],"about":[{"href":"https:\/\/www.europesays.com\/pt\/wp-json\/wp\/v2\/types\/post"}],"author":[{"embeddable":true,"href":"https:\/\/www.europesays.com\/pt\/wp-json\/wp\/v2\/users\/2"}],"replies":[{"embeddable":true,"href":"https:\/\/www.europesays.com\/pt\/wp-json\/wp\/v2\/comments?post=93842"}],"version-history":[{"count":0,"href":"https:\/\/www.europesays.com\/pt\/wp-json\/wp\/v2\/posts\/93842\/revisions"}],"wp:featuredmedia":[{"embeddable":true,"href":"https:\/\/www.europesays.com\/pt\/wp-json\/wp\/v2\/media\/93843"}],"wp:attachment":[{"href":"https:\/\/www.europesays.com\/pt\/wp-json\/wp\/v2\/media?parent=93842"}],"wp:term":[{"taxonomy":"category","embeddable":true,"href":"https:\/\/www.europesays.com\/pt\/wp-json\/wp\/v2\/categories?post=93842"},{"taxonomy":"post_tag","embeddable":true,"href":"https:\/\/www.europesays.com\/pt\/wp-json\/wp\/v2\/tags?post=93842"}],"curies":[{"name":"wp","href":"https:\/\/api.w.org\/{rel}","templated":true}]}}