{"id":93861,"date":"2025-10-01T00:36:15","date_gmt":"2025-10-01T00:36:15","guid":{"rendered":"https:\/\/www.europesays.com\/pt\/93861\/"},"modified":"2025-10-01T00:36:15","modified_gmt":"2025-10-01T00:36:15","slug":"joana-diniz-confessa-saudades-de-estar-apaixonada-e-ex-marido-surpreende-com-comentario-secret-story","status":"publish","type":"post","link":"https:\/\/www.europesays.com\/pt\/93861\/","title":{"rendered":"Joana Diniz confessa saudades de estar apaixonada e ex-marido surpreende com coment\u00e1rio &#8211; Secret Story"},"content":{"rendered":"<p data-end=\"626\" data-start=\"149\">Joana Diniz recorreu \u00e0s redes sociais para partilhar um<a href=\"https:\/\/tvi.iol.pt\/secretstory\/joana-diniz\/separacao\/joana-diniz-assume-que-sentiu-a-separacao-como-um-fracasso-o-que-e-que-eu-nao-tenho\" rel=\"nofollow noopener\" target=\"_blank\"> momento de desabafo com os seguidores.<\/a> A empres\u00e1ria e ex-concorrente da Casa dos Segredos publicou uma montagem fotogr\u00e1fica em que\u00a0 revelou que sente falta de viver uma nova paix\u00e3o, admitindo at\u00e9 que por vezes acredita que o seu lado rom\u00e2ntico se perdeu. A publica\u00e7\u00e3o, feita em tom descontra\u00eddo, rapidamente gerou intera\u00e7\u00e3o, com f\u00e3s a responderem ao desafio lan\u00e7ado pela pr\u00f3pria sobre aquilo de que sentem mais saudades.<\/p>\n<blockquote class=\"instagram-media\" data-instgrm-captioned=\"\" data-instgrm-permalink=\"https:\/\/www.instagram.com\/p\/DPKT2s3AoDZ\/?utm_source=ig_embed&amp;utm_campaign=loading\" data-instgrm-version=\"14\" style=\" background:#FFF; border:0; border-radius:3px; box-shadow:0 0 1px 0 rgba(0,0,0,0.5),0 1px 10px 0 rgba(0,0,0,0.15); margin: 1px; max-width:540px; min-width:326px; padding:0; width:99.375%; width:-webkit-calc(100% - 2px); width:calc(100% - 2px);\">\n<\/blockquote>\n<p data-end=\"626\" data-start=\"149\">\u00a0<\/p>\n<p data-end=\"910\" data-start=\"628\">Entre os coment\u00e1rios recebidos <a href=\"https:\/\/tvi.iol.pt\/secretstory\/jessica-maria\/flavio-miguel\/ja-nao-se-escondem-em-danca-cumplice-jessica-maria-e-flavio-miguel-dao-beijo-apaixonado\" rel=\"nofollow noopener\" target=\"_blank\">destacou-se o de Fl\u00e1vio Migue<\/a>l, <a href=\"https:\/\/tvi.iol.pt\/secretstory\/videos\/goucha-recorda-a-relacao-de-joana-diniz-com-o-ex-marido-e-confronta-a-sentiu-se-anulada\/67ddb54f0cf2ba9f720eb389\" rel=\"nofollow noopener\" target=\"_blank\">ex-marido de Joana Diniz<\/a>, que deixou uma mensagem de apoio e carinho. O gesto n\u00e3o passou despercebido e acabou por gerar dos coment\u00e1rios por parte dos seguidores, que se mostraram saudosos em rela\u00e7\u00e3o ao ex-casal e teceram coment\u00e1rios como <strong>\u00abvoltem.. \ud83d\ude15\u00bb. <\/strong>Por\u00e9m, o<a href=\"https:\/\/tvi.iol.pt\/secretstory\/joana-diniz\/flavio-miguel\/conheca-a-namorada-de-flavio-miguel-ex-marido-de-joana-diniz-e-que-tambem-e-ex-concorrente\" rel=\"nofollow noopener\" target=\"_blank\"> coment\u00e1rio do ex-marido<\/a> tamb\u00e9m gerou intera\u00e7\u00f5es negativas: <strong>\u00abQue falta de respeito pela pessoa que o Fl\u00e1vio tem ao lado&#8230;\ud83d\ude44\ud83d\ude44\ud83d\ude44<\/strong><strong>\u00bb<\/strong><\/p>\n<p data-end=\"910\" data-start=\"628\">Esta n\u00e3o \u00e9 a primeira declara\u00e7\u00e3o de amor do ex-casal em plena internet. Fl\u00e1vio Miguel partilhou uma fotografia com a filha de Joana, Valentina. A foto fez com que Joana se declara-se a Fl\u00e1vio e, respetivamente, \u00e0 filha:<strong> \u00abAmo-vos <\/strong>\u2764\ufe0f<strong>\u00bb.<\/strong><\/p>\n<blockquote class=\"instagram-media\" data-instgrm-captioned=\"\" data-instgrm-permalink=\"https:\/\/www.instagram.com\/p\/DOfqv-EDIZ0\/?utm_source=ig_embed&amp;utm_campaign=loading\" data-instgrm-version=\"14\" style=\" background:#FFF; border:0; border-radius:3px; box-shadow:0 0 1px 0 rgba(0,0,0,0.5),0 1px 10px 0 rgba(0,0,0,0.15); margin: 1px; max-width:540px; min-width:326px; padding:0; width:99.375%; width:-webkit-calc(100% - 2px); width:calc(100% - 2px);\">\n<\/blockquote>\n<p>                        <script async src=\"\/\/www.instagram.com\/embed.js\"><\/script><\/p>\n","protected":false},"excerpt":{"rendered":"Joana Diniz recorreu \u00e0s redes sociais para partilhar um momento de desabafo com os seguidores. A empres\u00e1ria e&hellip;\n","protected":false},"author":2,"featured_media":93862,"comment_status":"","ping_status":"","sticky":false,"template":"","format":"standard","meta":{"footnotes":""},"categories":[145],"tags":[18706,211,210,114,115,18705,3213,32,33,18704],"class_list":{"0":"post-93861","1":"post","2":"type-post","3":"status-publish","4":"format-standard","5":"has-post-thumbnail","7":"category-celebridades","8":"tag-bastidores-secret-story","9":"tag-celebridades","10":"tag-celebrities","11":"tag-entertainment","12":"tag-entretenimento","13":"tag-entrevistas-concorrentes-tvi","14":"tag-joana-diniz","15":"tag-portugal","16":"tag-pt","17":"tag-vida-fora-da-casa"},"share_on_mastodon":{"url":"","error":""},"_links":{"self":[{"href":"https:\/\/www.europesays.com\/pt\/wp-json\/wp\/v2\/posts\/93861","targetHints":{"allow":["GET"]}}],"collection":[{"href":"https:\/\/www.europesays.com\/pt\/wp-json\/wp\/v2\/posts"}],"about":[{"href":"https:\/\/www.europesays.com\/pt\/wp-json\/wp\/v2\/types\/post"}],"author":[{"embeddable":true,"href":"https:\/\/www.europesays.com\/pt\/wp-json\/wp\/v2\/users\/2"}],"replies":[{"embeddable":true,"href":"https:\/\/www.europesays.com\/pt\/wp-json\/wp\/v2\/comments?post=93861"}],"version-history":[{"count":0,"href":"https:\/\/www.europesays.com\/pt\/wp-json\/wp\/v2\/posts\/93861\/revisions"}],"wp:featuredmedia":[{"embeddable":true,"href":"https:\/\/www.europesays.com\/pt\/wp-json\/wp\/v2\/media\/93862"}],"wp:attachment":[{"href":"https:\/\/www.europesays.com\/pt\/wp-json\/wp\/v2\/media?parent=93861"}],"wp:term":[{"taxonomy":"category","embeddable":true,"href":"https:\/\/www.europesays.com\/pt\/wp-json\/wp\/v2\/categories?post=93861"},{"taxonomy":"post_tag","embeddable":true,"href":"https:\/\/www.europesays.com\/pt\/wp-json\/wp\/v2\/tags?post=93861"}],"curies":[{"name":"wp","href":"https:\/\/api.w.org\/{rel}","templated":true}]}}