{"id":93865,"date":"2025-10-01T00:40:09","date_gmt":"2025-10-01T00:40:09","guid":{"rendered":"https:\/\/www.europesays.com\/pt\/93865\/"},"modified":"2025-10-01T00:40:09","modified_gmt":"2025-10-01T00:40:09","slug":"este-concorrente-da-casa-dos-segredos-9-mudou-radicalmente-e-a-transformacao-esta-a-dar-que-falar-secret-story","status":"publish","type":"post","link":"https:\/\/www.europesays.com\/pt\/93865\/","title":{"rendered":"Este concorrente da Casa dos Segredos 9 mudou radicalmente e a transforma\u00e7\u00e3o est\u00e1 a dar que falar &#8211; Secret Story"},"content":{"rendered":"<p style=\"margin-bottom:11px\"><a href=\"https:\/\/tvi.iol.pt\/secretstory\/search?pagina=1&amp;pesquisa=leandro\" rel=\"nofollow noopener\" target=\"_blank\">Leandro<\/a> <strong>\u00e9 um dos concorrentes que mais tem dado que falar na nona edi\u00e7\u00e3o da Casa dos Segredos.<\/strong> O seu sotaque caracter\u00edstico, t\u00edpico de Vila Nova de Gaia, denuncia logo as origens e, aliado \u00e0 sua postura confiante, <strong>torna imposs\u00edvel que passe despercebido dentro da casa mais vigiada do pa\u00eds<\/strong>.<\/p>\n<p><strong>Mas aquilo que mais tem chamado a aten\u00e7\u00e3o dos f\u00e3s n\u00e3o \u00e9 apenas a sua forma de estar,<\/strong> mas tamb\u00e9m a sua transforma\u00e7\u00e3o ao longo dos anos. Quem hoje o v\u00ea na televis\u00e3o dificilmente imagina como era o<a href=\"https:\/\/tvi.iol.pt\/secretstory\/search?pagina=1&amp;pesquisa=leandro\" rel=\"nofollow noopener\" target=\"_blank\"> Leandro <\/a>do passado<strong>. Um simples olhar pelas fotografias mais antigas,<\/strong> dispon\u00edveis no seu Instagram, <strong>mostra um concorrente quase irreconhec\u00edvel<\/strong>. Rostos sem barba, express\u00f5es mais suaves e um estilo completamente diferente fazem parte de um passado que contrasta com o visual atual, muito mais maduro e marcado.<\/p>\n<p><strong>As mudan\u00e7as f\u00edsicas saltam \u00e0 vista<\/strong>, mas tamb\u00e9m revelam a sua <strong>evolu\u00e7\u00e3o pessoal<\/strong>. O<a href=\"https:\/\/tvi.iol.pt\/secretstory\/search?pagina=1&amp;pesquisa=leandro\" rel=\"nofollow noopener\" target=\"_blank\"> Leandro<\/a> de hoje mostra-se mais <strong>confiante, seguro de si e orgulhoso do caminho percorrido<\/strong>. Enquanto chef de cozinha e apaixonado pela pastelaria, j\u00e1 serviu celebridades nacionais e internacionais, construindo um percurso que lhe deu disciplina e rigor, <strong>qualidades que agora leva para dentro da casa mais vigiada do Pa\u00eds<\/strong>.<\/p>\n<p><strong>Conhe\u00e7a melhor o concorrente:\u00a0<\/strong><\/p>\n<p>\u00a0<\/p>\n<p style=\"margin-bottom:11px\">\u00a0<\/p>\n","protected":false},"excerpt":{"rendered":"Leandro \u00e9 um dos concorrentes que mais tem dado que falar na nona edi\u00e7\u00e3o da Casa dos Segredos.&hellip;\n","protected":false},"author":2,"featured_media":93866,"comment_status":"","ping_status":"","sticky":false,"template":"","format":"standard","meta":{"footnotes":""},"categories":[142],"tags":[8113,2632,329,333,328,335,336,114,115,334,330,12397,1326,338,19019,13,32,33,1315,8174,151,162,19020,227],"class_list":{"0":"post-93865","1":"post","2":"type-post","3":"status-publish","4":"format-standard","5":"has-post-thumbnail","7":"category-tv","8":"tag-alice-alves","9":"tag-casa-dos-segredos","10":"tag-claudio-ramos","11":"tag-comentadores","12":"tag-concorrentes","13":"tag-confrontos","14":"tag-discussoes","15":"tag-entertainment","16":"tag-entretenimento","17":"tag-exclusivos","18":"tag-gala","19":"tag-leandro","20":"tag-mafalda-castro","21":"tag-maria-botelho-moniz","22":"tag-marta-cardoso","23":"tag-noticias","24":"tag-portugal","25":"tag-pt","26":"tag-secret-story","27":"tag-segredos","28":"tag-tv","29":"tag-tvi","30":"tag-video-do-dia","31":"tag-videos"},"share_on_mastodon":{"url":"","error":""},"_links":{"self":[{"href":"https:\/\/www.europesays.com\/pt\/wp-json\/wp\/v2\/posts\/93865","targetHints":{"allow":["GET"]}}],"collection":[{"href":"https:\/\/www.europesays.com\/pt\/wp-json\/wp\/v2\/posts"}],"about":[{"href":"https:\/\/www.europesays.com\/pt\/wp-json\/wp\/v2\/types\/post"}],"author":[{"embeddable":true,"href":"https:\/\/www.europesays.com\/pt\/wp-json\/wp\/v2\/users\/2"}],"replies":[{"embeddable":true,"href":"https:\/\/www.europesays.com\/pt\/wp-json\/wp\/v2\/comments?post=93865"}],"version-history":[{"count":0,"href":"https:\/\/www.europesays.com\/pt\/wp-json\/wp\/v2\/posts\/93865\/revisions"}],"wp:featuredmedia":[{"embeddable":true,"href":"https:\/\/www.europesays.com\/pt\/wp-json\/wp\/v2\/media\/93866"}],"wp:attachment":[{"href":"https:\/\/www.europesays.com\/pt\/wp-json\/wp\/v2\/media?parent=93865"}],"wp:term":[{"taxonomy":"category","embeddable":true,"href":"https:\/\/www.europesays.com\/pt\/wp-json\/wp\/v2\/categories?post=93865"},{"taxonomy":"post_tag","embeddable":true,"href":"https:\/\/www.europesays.com\/pt\/wp-json\/wp\/v2\/tags?post=93865"}],"curies":[{"name":"wp","href":"https:\/\/api.w.org\/{rel}","templated":true}]}}