{"id":93867,"date":"2025-10-01T00:41:21","date_gmt":"2025-10-01T00:41:21","guid":{"rendered":"https:\/\/www.europesays.com\/pt\/93867\/"},"modified":"2025-10-01T00:41:21","modified_gmt":"2025-10-01T00:41:21","slug":"radio-educadora-90-3-fm-taio-e-salete-recebem-novas-estacoes-hidrologicas","status":"publish","type":"post","link":"https:\/\/www.europesays.com\/pt\/93867\/","title":{"rendered":"R\u00e1dio Educadora 90.3 FM \u00bb Tai\u00f3 e Salete recebem novas esta\u00e7\u00f5es hidrol\u00f3gicas"},"content":{"rendered":"<p>&#13;<br \/>\n                &#13;<br \/>\n                    &#13;<br \/>\n                    &#13;<br \/>\n                    &#13;<br \/>\n                    &#13;<br \/>\n                    &#13;<br \/>\n                    &#13;<br \/>\n                    30\/09\/2025 16h05&#13;<br \/>\n                    &#13;<br \/>\n                    &#13;<br \/>\n                    &#13;<br \/>\n                    \u200bA\u00e7\u00e3o faz parte do planejamento de amplia\u00e7\u00e3o da rede de monitoramento da Defesa Civil de Santa Catarina                &#13;<br \/>\n&#13;<br \/>\n                &#13;<br \/>\n                &#13;<br \/>\n&#13;<\/p>\n<p>                            <img decoding=\"async\" border=\"0\" width=\"700px\" height=\"100px\" src=\"https:\/\/www.europesays.com\/pt\/wp-content\/uploads\/2025\/10\/assistencia-familiar-alto-vale.gif\" alt=\"Assist\u00eancia Familiar Alto Vale\" title=\"Assist\u00eancia Familiar Alto Vale\"\/>                      &#13;<br \/>\n&#13;<br \/>\n&#13;<br \/>\n&#13;<\/p>\n<p>                                <a href=\"\" title=\"Tai\u00f3 e Salete recebem novas esta\u00e7\u00f5es hidrol\u00f3gicas\">&#13;<br \/>\n                                    <img decoding=\"async\" alt=\"Foto: SPDC \/ Divulga\u00e7\u00e3o\" title=\"Tai\u00f3 e Salete recebem novas esta\u00e7\u00f5es hidrol\u00f3gicas\" src=\"https:\/\/www.europesays.com\/pt\/wp-content\/uploads\/2025\/10\/whatsapp-image-2025-09-25-at-18-21-28.jpeg\" class=\"size-full\"\/>&#13;<br \/>\n                                <\/a><\/p>\n<p class=\"wp-caption-text\">Foto: SPDC \/ Divulga\u00e7\u00e3o<\/p>\n<p data-raofz=\"16\">A Secretaria da Prote\u00e7\u00e3o e Defesa Civil de Santa Catarina (SPDC) instalou duas novas esta\u00e7\u00f5es hidrol\u00f3gicas na regi\u00e3o do Alto Vale. Uma em Tai\u00f3, na localidade de Passo Manso, para monitorar o Rio Itaja\u00ed do Oeste, outra em Salete, no bairro Schreiber, para monitorar o Ribeir\u00e3o Grande.\u00a0<\/p>\n<p data-raofz=\"16\">\u00a0<\/p>\n<p data-raofz=\"16\">De acordo com o coordenador da Regional de Tai\u00f3, Jefferson Souza Pereira, as esta\u00e7\u00f5es, al\u00e9m de monitorar o n\u00edvel dos rios, tamb\u00e9m v\u00e3o fazer a pluviometria, ou seja, a medi\u00e7\u00e3o da quantidade de chuva que cai em cada regi\u00e3o. \u201cEstes ser\u00e3o pontos de monitoramento da \u00e1gua. A esta\u00e7\u00e3o de Tai\u00f3 ir\u00e1 contribuir para monitorar a \u00e1gua que chegar\u00e1 a montante da Barragem Oeste\u201d, explicou Jefferson. No caso de Salete, o coordenador informou que \u201ca \u00e1gua da chuva que cai em Salete acaba chegando no centro de Tai\u00f3, n\u00e3o passa pela barragem. A esta\u00e7\u00e3o vai ajudar a monitorar este volume de \u00e1gua, al\u00e9m de contribuir com o monitoramento do rio em Salete\u201d, completou.<\/p>\n<p data-raofz=\"16\">\u00a0<\/p>\n<p data-raofz=\"16\">\u200bA a\u00e7\u00e3o faz parte do planejamento de amplia\u00e7\u00e3o da rede de monitoramento da Defesa Civil de Santa Catarina.<\/p>\n<p data-raofz=\"16\">\u00a0<\/p>\n<p>                Fonte: Secretaria de Estado de Prote\u00e7\u00e3o e Defesa Civil                &#13;<br \/>\n                &#13;<br \/>\n                        <a href=\"https:\/\/instagram.com\/justencelulares\/\" rel=\"nofollow noopener\" target=\"_blank\"><img decoding=\"async\" border=\"0\" width=\"700px\" height=\"100px\" src=\"https:\/\/www.europesays.com\/pt\/wp-content\/uploads\/2025\/10\/materia.gif\" alt=\"Justen Celulares\" title=\"Justen Celulares\"\/><\/a>  &#13;<br \/>\n                     &#13;<br \/>\n                &#13;<br \/>\n                    &#13;<br \/>\n                &#13;<\/p>\n<p>                &#13;<br \/>\n                &#13;<br \/>\n                &#13;<br \/>\n            <script async src=\"\/\/www.instagram.com\/embed.js\"><\/script><\/p>\n","protected":false},"excerpt":{"rendered":"&#13; &#13; &#13; &#13; &#13; &#13; &#13; &#13; 30\/09\/2025 16h05&#13; &#13; &#13; &#13; \u200bA\u00e7\u00e3o faz parte do planejamento&hellip;\n","protected":false},"author":2,"featured_media":93868,"comment_status":"","ping_status":"","sticky":false,"template":"","format":"standard","meta":{"footnotes":""},"categories":[141],"tags":[114,115,149,150,32,33],"class_list":{"0":"post-93867","1":"post","2":"type-post","3":"status-publish","4":"format-standard","5":"has-post-thumbnail","7":"category-musica","8":"tag-entertainment","9":"tag-entretenimento","10":"tag-music","11":"tag-musica","12":"tag-portugal","13":"tag-pt"},"share_on_mastodon":{"url":"","error":""},"_links":{"self":[{"href":"https:\/\/www.europesays.com\/pt\/wp-json\/wp\/v2\/posts\/93867","targetHints":{"allow":["GET"]}}],"collection":[{"href":"https:\/\/www.europesays.com\/pt\/wp-json\/wp\/v2\/posts"}],"about":[{"href":"https:\/\/www.europesays.com\/pt\/wp-json\/wp\/v2\/types\/post"}],"author":[{"embeddable":true,"href":"https:\/\/www.europesays.com\/pt\/wp-json\/wp\/v2\/users\/2"}],"replies":[{"embeddable":true,"href":"https:\/\/www.europesays.com\/pt\/wp-json\/wp\/v2\/comments?post=93867"}],"version-history":[{"count":0,"href":"https:\/\/www.europesays.com\/pt\/wp-json\/wp\/v2\/posts\/93867\/revisions"}],"wp:featuredmedia":[{"embeddable":true,"href":"https:\/\/www.europesays.com\/pt\/wp-json\/wp\/v2\/media\/93868"}],"wp:attachment":[{"href":"https:\/\/www.europesays.com\/pt\/wp-json\/wp\/v2\/media?parent=93867"}],"wp:term":[{"taxonomy":"category","embeddable":true,"href":"https:\/\/www.europesays.com\/pt\/wp-json\/wp\/v2\/categories?post=93867"},{"taxonomy":"post_tag","embeddable":true,"href":"https:\/\/www.europesays.com\/pt\/wp-json\/wp\/v2\/tags?post=93867"}],"curies":[{"name":"wp","href":"https:\/\/api.w.org\/{rel}","templated":true}]}}