{"id":93875,"date":"2025-10-01T00:46:13","date_gmt":"2025-10-01T00:46:13","guid":{"rendered":"https:\/\/www.europesays.com\/pt\/93875\/"},"modified":"2025-10-01T00:46:13","modified_gmt":"2025-10-01T00:46:13","slug":"galaxy-tab-a11-e-tab-a11-sao-lancados-com-preco-baixo-e-7-anos-de-atualizacoes","status":"publish","type":"post","link":"https:\/\/www.europesays.com\/pt\/93875\/","title":{"rendered":"Galaxy Tab A11 e Tab A11+ s\u00e3o lan\u00e7ados com pre\u00e7o baixo e 7 anos de atualiza\u00e7\u00f5es"},"content":{"rendered":"<p>A <strong>Samsung <\/strong>acaba de oficializar sua nova linha de tablets de entrada: o <strong data-end=\"683\">Galaxy Tab A11<\/strong> e o <strong data-end=\"707\">Galaxy Tab A11+<\/strong>. <a class=\"tg-link-manual\" href=\"https:\/\/www.oficinadanet.com.br\/samsung\/63994-galaxy-tab-a11-lte-aparece-certificacao\" rel=\"nofollow noopener\" target=\"_blank\">O modelo base j\u00e1 tinha sido flagrado recebendo uma certifica\u00e7\u00e3o no m\u00eas de agosto<\/a>. Ambos chegam como sucessores diretos do Tab A9 e Tab A9+, mas com algumas mudan\u00e7as, como telas maiores, suporte a <a class=\"lib tg-lib\" href=\"https:\/\/www.oficinadanet.com.br\/headphones\/31405-o-que-e-o-dolby-atmos-music-e-onde-podemos-ouvi-lo\" rel=\"nofollow noopener\" target=\"_blank\">Dolby Atmos<\/a>, armazenamento expans\u00edvel e a promessa de <strong>7 anos de atualiza\u00e7\u00f5es de sistema e seguran\u00e7a<\/strong>.<\/p>\n<p>Galaxy Tab A11<\/p>\n<p>O modelo mais compacto vem com uma tela <strong>LCD de 8,7 polegadas<\/strong> com taxa de atualiza\u00e7\u00e3o de <strong>90 Hz<\/strong>. Por dentro, ele \u00e9 alimentado pelo <strong>chip MediaTek Helio G99<\/strong>, modelo b\u00e1sico e vai oferecer um desempenho satisfat\u00f3rio em apps do dia a dia, mas n\u00e3o em jogos ou tarefas mais pesadas.<\/p>\n<p>            &#13;<br \/>\n                    &#13;<br \/>\n                        &#13;<br \/>\n                        &#13;<br \/>\n                        &#13;<br \/>\n                        &#13;<br \/>\n                        <img decoding=\"async\" loading=\"lazy\" width=\"330\" height=\"186\" src=\"https:\/\/www.europesays.com\/pt\/wp-content\/uploads\/2025\/10\/galaxy-tab-a11.jpg\"  alt=\"Galaxy Tab A11\" title=\"Galaxy Tab A11\"\/>&#13;<br \/>\n                    Galaxy Tab A11&#13;<\/p>\n<p>A bateria \u00e9 de <strong>5.400 mAh<\/strong>, com suporte prov\u00e1vel a carregamento de <strong>15 W<\/strong> (sem confirma\u00e7\u00e3o oficial). O Tab A11 mant\u00e9m o <strong>conector P2 para fones de ouvido<\/strong> e suporte a <strong>Dolby Atmos<\/strong>, al\u00e9m de permitir expans\u00e3o de mem\u00f3ria via cart\u00e3o microSD de at\u00e9 <strong>2 TB<\/strong>. A configura\u00e7\u00e3o padr\u00e3o dele \u00e9 de 4 GB de RAM com 64 GB ou at\u00e9 128 GB de armazenamento.<\/p>\n<p>As c\u00e2meras tamb\u00e9m s\u00e3o bem b\u00e1sicas, com um conjunto formado por uma lente frontal de 5 MP e uma<strong> principal de 8 MP<\/strong> na traseira.<\/p>\n<p>Galaxy Tab A11+<\/p>\n<p>O Tab A11+ \u00e9 a vers\u00e3o maior e mais robusta da linha, com tela <strong>LCD <\/strong>de <strong>11 polegadas<\/strong> e taxa de 90 Hz. A bateria tamb\u00e9m cresce, chegando a <strong>7.040 mAh<\/strong>, agora com carregamento mais r\u00e1pido de <strong>25 W<\/strong>.<\/p>\n<p>            &#13;<br \/>\n                    &#13;<br \/>\n                        &#13;<br \/>\n                        &#13;<br \/>\n                        &#13;<br \/>\n                        &#13;<br \/>\n                        <img decoding=\"async\" loading=\"lazy\" width=\"330\" height=\"186\" src=\"https:\/\/www.europesays.com\/pt\/wp-content\/uploads\/2025\/10\/galaxy-tab-a11_1.jpg\"  alt=\"Galaxy Tab A11+\" title=\"Galaxy Tab A11+\"\/>&#13;<br \/>\n                    Galaxy Tab A11+&#13;<\/p>\n<p>Seu grande diferencial \u00e9 o suporte ao <strong>Samsung DeX<\/strong>, recurso que transforma o tablet em uma esp\u00e9cie de PC port\u00e1til ao ser conectado a <a class=\"lib tg-lib\" href=\"https:\/\/www.oficinadanet.com.br\/monitores\" rel=\"nofollow noopener\" target=\"_blank\">monitores<\/a> ou usado em modo multitarefa. Um detalhe ainda pendente \u00e9 o chipset, j\u00e1 que a <a class=\"lib tg-lib\" href=\"https:\/\/www.oficinadanet.com.br\/samsung\" rel=\"nofollow noopener\" target=\"_blank\">Samsung<\/a> n\u00e3o revelou qual processador equipa o modelo Plus.<\/p>\n<p>Assim como o A11, o tablet suporta <strong>cart\u00e3o microSD de at\u00e9 2 TB<\/strong>, traz entrada P2 para fones e estar\u00e1 dispon\u00edvel nas cores <strong>cinza e prata<\/strong>. Nas mem\u00f3rias, ele conta com op\u00e7\u00f5es de 128 GB ou at\u00e9 256 GB de armazenamento, al\u00e9m de 8 GB de RAM.<\/p>\n<p>O conjunto de c\u00e2meras \u00e9 o mesmo do modelo base, com 5 MP nas selfies e 8 MP na principal traseira.<\/p>\n<p>Pre\u00e7o e disponibilidade<\/p>\n<p>O Tab A11 j\u00e1 est\u00e1 dispon\u00edvel em alguns mercados e deve chegar a mais regi\u00f5es nos pr\u00f3ximos dias. J\u00e1 o Tab A11+, mais avan\u00e7ado, tem lan\u00e7amento previsto apenas para o <strong>fim de 2025<\/strong>, mas promete recursos extras que justificam a espera.<\/p>\n<p>Os pre\u00e7os variam conforme a vers\u00e3o escolhida. Confira abaixo os valores oficiais j\u00e1 revelados, com convers\u00e3o direta para o real (R$), sem considerar impostos:<\/p>\n<p><strong>Galaxy Tab A11<\/strong><\/p>\n<ul>\n<li><strong> Wi-Fi 4GB + 64GB: <\/strong>\u20ac180 (~R$ 1.060)<\/li>\n<li><strong>Wi-Fi 8GB + 128GB: <\/strong>\u20ac230 (~R$ 1.355)<\/li>\n<\/ul>\n<p><strong>Galaxy Tab A11 5G<\/strong><\/p>\n<ul>\n<li><strong> 4GB + 64GB: <\/strong>\u20b916.000 (~R$ 1.200)<\/li>\n<li><strong>8GB + 128GB: <\/strong>\u20b921.000 (~R$ 1.575)<\/li>\n<\/ul>\n<p><strong>Galaxy Tab A11+<\/strong><\/p>\n<ul>\n<li>Pre\u00e7os ainda n\u00e3o revelados<\/li>\n<\/ul>\n<p><a href=\"https:\/\/www.gsmarena.com\/samsung_galaxy_tab_a11_and_a11_go_official_a11_coming_later_this_year_with_dex_support-news-69724.php\" class=\"tg-link-manual\" rel=\"nofollow  noopener\" target=\"_blank\">Fonte<\/a><\/p>\n","protected":false},"excerpt":{"rendered":"A Samsung acaba de oficializar sua nova linha de tablets de entrada: o Galaxy Tab A11 e o&hellip;\n","protected":false},"author":2,"featured_media":93876,"comment_status":"","ping_status":"","sticky":false,"template":"","format":"standard","meta":{"footnotes":""},"categories":[84],"tags":[109,107,108,23315,23316,13,32,33,952,105,103,104,11694,106,110],"class_list":{"0":"post-93875","1":"post","2":"type-post","3":"status-publish","4":"format-standard","5":"has-post-thumbnail","7":"category-ciencia-e-tecnologia","8":"tag-ciencia","9":"tag-ciencia-e-tecnologia","10":"tag-cienciaetecnologia","11":"tag-galaxy-tab-a11","12":"tag-galaxy-tab-a11-plus","13":"tag-noticias","14":"tag-portugal","15":"tag-pt","16":"tag-samsung","17":"tag-science","18":"tag-science-and-technology","19":"tag-scienceandtechnology","20":"tag-tablets","21":"tag-technology","22":"tag-tecnologia"},"share_on_mastodon":{"url":"","error":""},"_links":{"self":[{"href":"https:\/\/www.europesays.com\/pt\/wp-json\/wp\/v2\/posts\/93875","targetHints":{"allow":["GET"]}}],"collection":[{"href":"https:\/\/www.europesays.com\/pt\/wp-json\/wp\/v2\/posts"}],"about":[{"href":"https:\/\/www.europesays.com\/pt\/wp-json\/wp\/v2\/types\/post"}],"author":[{"embeddable":true,"href":"https:\/\/www.europesays.com\/pt\/wp-json\/wp\/v2\/users\/2"}],"replies":[{"embeddable":true,"href":"https:\/\/www.europesays.com\/pt\/wp-json\/wp\/v2\/comments?post=93875"}],"version-history":[{"count":0,"href":"https:\/\/www.europesays.com\/pt\/wp-json\/wp\/v2\/posts\/93875\/revisions"}],"wp:featuredmedia":[{"embeddable":true,"href":"https:\/\/www.europesays.com\/pt\/wp-json\/wp\/v2\/media\/93876"}],"wp:attachment":[{"href":"https:\/\/www.europesays.com\/pt\/wp-json\/wp\/v2\/media?parent=93875"}],"wp:term":[{"taxonomy":"category","embeddable":true,"href":"https:\/\/www.europesays.com\/pt\/wp-json\/wp\/v2\/categories?post=93875"},{"taxonomy":"post_tag","embeddable":true,"href":"https:\/\/www.europesays.com\/pt\/wp-json\/wp\/v2\/tags?post=93875"}],"curies":[{"name":"wp","href":"https:\/\/api.w.org\/{rel}","templated":true}]}}