{"id":93877,"date":"2025-10-01T00:51:17","date_gmt":"2025-10-01T00:51:17","guid":{"rendered":"https:\/\/www.europesays.com\/pt\/93877\/"},"modified":"2025-10-01T00:51:17","modified_gmt":"2025-10-01T00:51:17","slug":"gracyanne-barbosa-deixa-hospital-apos-cirurgia-no-joelho","status":"publish","type":"post","link":"https:\/\/www.europesays.com\/pt\/93877\/","title":{"rendered":"Gracyanne Barbosa deixa hospital ap\u00f3s cirurgia no joelho"},"content":{"rendered":"<p><a href=\"https:\/\/caras.com.br\/tags\/gracyanne-barbosa\" rel=\"nofollow noopener\" target=\"_blank\"><strong>Gracyanne Barbosa<\/strong><\/a> recebeu alta hospitalar nesta ter\u00e7a-feira, 30, ap\u00f3s permanecer internada no Hospital Copa Star, em Copacabana, no Rio de Janeiro. A fisiculturista de 40 anos precisou passar por uma cirurgia no tend\u00e3o patelar depois de se lesionar no quadro Dan\u00e7a dos Famosos, exibido no Doming\u00e3o com Huck, na \u00faltima quinta-feira, 25.<\/p>\n<p>A ex-bailarina foi acompanhada por familiares e equipe m\u00e9dica ao longo dos dias em que esteve internada. Mesmo com a alta, o processo de recupera\u00e7\u00e3o exigir\u00e1 cuidados espec\u00edficos e poder\u00e1 se estender por um per\u00edodo de tr\u00eas a seis meses, impedindo que ela volte \u00e0 competi\u00e7\u00e3o.<\/p>\n<p> <img loading=\"lazy\" decoding=\"async\" class=\"wp-image-1011500 size-full img-fluid lazy\" alt=\"Gracyanne Barbosa sai do hospital ap\u00f3s cirurgia no joelho - Foto: JC Pereira \/ AgNews\" width=\"629\" height=\"420\" src=\"https:\/\/www.europesays.com\/pt\/wp-content\/uploads\/2025\/10\/IMG_8290_copy_629x420.jpg\"  \/>Gracyanne Barbosa sai do hospital ap\u00f3s cirurgia no joelho \u2013 Foto: JC Pereira \/ AgNews <img loading=\"lazy\" decoding=\"async\" class=\"wp-image-1011499 size-full img-fluid lazy\" alt=\"Gracyanne Barbosa sai do hospital ap\u00f3s cirurgia no joelho - Foto: JC Pereira \/ AgNews\" width=\"899\" height=\"1403\" src=\"https:\/\/www.europesays.com\/pt\/wp-content\/uploads\/2025\/10\/IMG_8282_copy_899x1403.jpg\"  \/>Gracyanne Barbosa sai do hospital ap\u00f3s cirurgia no joelho \u2013 Foto: JC Pereira \/ AgNews <img loading=\"lazy\" decoding=\"async\" class=\"wp-image-1011498 size-full img-fluid lazy\" alt=\"Gracyanne Barbosa sai do hospital ap\u00f3s cirurgia no joelho - Foto: JC Pereira \/ AgNews\" width=\"889\" height=\"1422\" src=\"https:\/\/www.europesays.com\/pt\/wp-content\/uploads\/2025\/10\/IMG_8262_copy_889x1422.jpg\"  \/>Gracyanne Barbosa sai do hospital ap\u00f3s cirurgia no joelho \u2013 Foto: JC Pereira \/ AgNews <img loading=\"lazy\" decoding=\"async\" class=\"wp-image-1011497 size-full img-fluid lazy\" alt=\"Gracyanne Barbosa sai do hospital ap\u00f3s cirurgia no joelho - Foto: JC Pereira \/ AgNews\" width=\"864\" height=\"1395\" src=\"https:\/\/www.europesays.com\/pt\/wp-content\/uploads\/2025\/10\/IMG_8255_copy_864x1395.jpg\"  \/>Gracyanne Barbosa sai do hospital ap\u00f3s cirurgia no joelho \u2013 Foto: JC Pereira \/ AgNews M\u00e9dico explica condi\u00e7\u00e3o e tratamento <\/p>\n<p>Ao portal LeoDias, o ortopedista <strong>Isa\u00edas Chaves,<\/strong> especialista em quadril e joelho, detalhou a gravidade da les\u00e3o. \u201cA les\u00e3o do tend\u00e3o patelar, que faz parte do mecanismo extensor do joelho. Ou seja, com a ruptura desse tend\u00e3o, o paciente tem dificuldade ou impossibilidade de esticar o joelho. A cirurgia se baseia em reconstruir esse tend\u00e3o, devolvendo for\u00e7a total ao joelho\u201d, explicou.<\/p>\n<p>Gracy contou que inicialmente acreditou que a contus\u00e3o n\u00e3o era grave. Por\u00e9m, nas \u00faltimas semanas, ela perdeu cerca de 15 kg de massa muscular, o que pode ter sobrecarregado a regi\u00e3o e agravado a situa\u00e7\u00e3o. Com o incha\u00e7o controlado, a cirurgia tornou-se necess\u00e1ria para reparar o tend\u00e3o afetado.<\/p>\n<p>\t Impacto no programa e despedida especial <\/p>\n<p>A les\u00e3o acabou afastando a musa fitness do Dan\u00e7a dos Famosos. Ela n\u00e3o poder\u00e1 retornar \u00e0 disputa, mas, de acordo com informa\u00e7\u00f5es da colunista <strong>F\u00e1bia Oliveira,<\/strong> do portal Metr\u00f3poles, a produ\u00e7\u00e3o do programa prepara uma despedida especial.<\/p>\n<p>A ideia \u00e9 que o m\u00e9dico da influenciadora participe de uma edi\u00e7\u00e3o do Doming\u00e3o com Huck para explicar a gravidade da contus\u00e3o e os desafios da recupera\u00e7\u00e3o. O gesto ser\u00e1 uma forma de homenagear a participa\u00e7\u00e3o da atleta, mesmo com a sa\u00edda precoce da competi\u00e7\u00e3o.<\/p>\n<p>Agora, Gracyanne inicia a etapa de reabilita\u00e7\u00e3o, que inclui fisioterapia intensiva e acompanhamento constante. A expectativa \u00e9 que ela consiga retomar gradualmente sua rotina de treinos e compromissos profissionais ao longo do pr\u00f3ximo ano.<\/p>\n<p>Leia tamb\u00e9m: <a href=\"https:\/\/caras.com.br\/bem-estar\/no-hospital-gracyanne-barbosa-revela-real-estado-de-saude-apos-acidente.phtml\" rel=\"nofollow noopener\" target=\"_blank\">No hospital, Gracyanne Barbosa revela real estado de sa\u00fade ap\u00f3s acidente<\/a><\/p>\n<p>        <a href=\"https:\/\/caras.com.br\/autor\/izabella-nicolau\" rel=\"nofollow noopener\" target=\"_blank\">&#13;<br \/>\n          <img loading=\"lazy\" decoding=\"async\" alt=\"Izabella Nicolau\" src=\"https:\/\/www.europesays.com\/pt\/wp-content\/uploads\/2025\/09\/whatsapp_image_2025-08-12_at_15.10.50_1_sqmd.jpeg\" class=\"avatar avatar-115 photo rounded-circle\" height=\"115\" width=\"115\"\/>        <\/a><\/p>\n<p><strong>Izabella Nicolau<\/strong> \u00e9 rep\u00f3rter de conte\u00fado do site CARAS. Formada em jornalismo, j\u00e1 passou por sites como Observat\u00f3rio do Cinema e Ultraverso. Escreve sobre cultura, entretenimento e celebridades.<\/p>\n","protected":false},"excerpt":{"rendered":"Gracyanne Barbosa recebeu alta hospitalar nesta ter\u00e7a-feira, 30, ap\u00f3s permanecer internada no Hospital Copa Star, em Copacabana, no&hellip;\n","protected":false},"author":2,"featured_media":93878,"comment_status":"","ping_status":"","sticky":false,"template":"","format":"standard","meta":{"footnotes":""},"categories":[145],"tags":[211,210,4572,114,115,23317,2613,32,33],"class_list":{"0":"post-93877","1":"post","2":"type-post","3":"status-publish","4":"format-standard","5":"has-post-thumbnail","7":"category-celebridades","8":"tag-celebridades","9":"tag-celebrities","10":"tag-danca-dos-famosos","11":"tag-entertainment","12":"tag-entretenimento","13":"tag-gracyanne-barboza","14":"tag-lesao","15":"tag-portugal","16":"tag-pt"},"share_on_mastodon":{"url":"","error":""},"_links":{"self":[{"href":"https:\/\/www.europesays.com\/pt\/wp-json\/wp\/v2\/posts\/93877","targetHints":{"allow":["GET"]}}],"collection":[{"href":"https:\/\/www.europesays.com\/pt\/wp-json\/wp\/v2\/posts"}],"about":[{"href":"https:\/\/www.europesays.com\/pt\/wp-json\/wp\/v2\/types\/post"}],"author":[{"embeddable":true,"href":"https:\/\/www.europesays.com\/pt\/wp-json\/wp\/v2\/users\/2"}],"replies":[{"embeddable":true,"href":"https:\/\/www.europesays.com\/pt\/wp-json\/wp\/v2\/comments?post=93877"}],"version-history":[{"count":0,"href":"https:\/\/www.europesays.com\/pt\/wp-json\/wp\/v2\/posts\/93877\/revisions"}],"wp:featuredmedia":[{"embeddable":true,"href":"https:\/\/www.europesays.com\/pt\/wp-json\/wp\/v2\/media\/93878"}],"wp:attachment":[{"href":"https:\/\/www.europesays.com\/pt\/wp-json\/wp\/v2\/media?parent=93877"}],"wp:term":[{"taxonomy":"category","embeddable":true,"href":"https:\/\/www.europesays.com\/pt\/wp-json\/wp\/v2\/categories?post=93877"},{"taxonomy":"post_tag","embeddable":true,"href":"https:\/\/www.europesays.com\/pt\/wp-json\/wp\/v2\/tags?post=93877"}],"curies":[{"name":"wp","href":"https:\/\/api.w.org\/{rel}","templated":true}]}}