{"id":93915,"date":"2025-10-01T01:40:40","date_gmt":"2025-10-01T01:40:40","guid":{"rendered":"https:\/\/www.europesays.com\/pt\/93915\/"},"modified":"2025-10-01T01:40:40","modified_gmt":"2025-10-01T01:40:40","slug":"resumo-de-dona-de-mim-o-que-acontece-com-rosa-no-capitulo-de-quarta-feira-1o","status":"publish","type":"post","link":"https:\/\/www.europesays.com\/pt\/93915\/","title":{"rendered":"Resumo de Dona de Mim: o que acontece com Rosa no cap\u00edtulo de quarta-feira (1\u00ba)"},"content":{"rendered":"<p>                        <img width=\"944\" height=\"531\" src=\"https:\/\/www.europesays.com\/pt\/wp-content\/uploads\/2025\/10\/Rosa-sofre-com-episodio-de-esquecimento-no-capitulo-de-quarta-feira-1-de-outubro-de-2025-944x531.jpg\" class=\"attachment-custom-large size-custom-large article-featured-image\" alt=\"Rosa sofre com epis\u00f3dio de esquecimento no cap\u00edtulo de quarta-feira 1 de outubro de 2025\" fetchpriority=\"high\" decoding=\"async\"  \/><\/p>\n<p>Rosa ter\u00e1 que se cuidar porque Jaques est\u00e1 de olho nela em Dona de Mim (Foto: Reprodu\u00e7\u00e3o, TV Globo)<\/p>\n<p>Todos os esfor\u00e7os de Jaques (Marcello Novaes) agora ser\u00e1 para interditar a m\u00e3e em Dona de Mim. Principalmente depois que Rosa (Suely Franco) fez um testamento deixando metade das a\u00e7\u00f5es dela para Sofia (Elis Cabral).<\/p>\n<p>Continua depois da publicidade<\/p>\n<p>E ela vai precisar se cuidar mesmo, porque vai ter um epis\u00f3dio de esquecimento na rua e isso vai vai ser muni\u00e7\u00e3o para Jaques agir. Al\u00e9m disso, ela tamb\u00e9m n\u00e3o vai reconhecer o filho, o que vai deixar ele com mais vontade ainda de agir contra a m\u00e3e.<\/p>\n<p>Voc\u00ea sabe quem est\u00e1 no elenco de Dona de Mim?1<\/p>\n<p>VoltarAvan\u00e7ar<\/p>\n<p><img loading=\"lazy\" decoding=\"async\" width=\"1200\" height=\"675\" data-id=\"7560361\" src=\"data:image\/svg+xml,%3Csvg%20xmlns=\" http:=\"\" alt=\"elenco dona de mim\" class=\"wp-image-7560361\" data-lazy- data-lazy- data-lazy-src=\"https:\/\/www.europesays.com\/pt\/wp-content\/uploads\/2025\/09\/Elenco-Dona-de-Mim.jpg\"\/><\/p>\n<p>Fam\u00edlia Boaz (Foto: Divulga\u00e7\u00e3o, Globo)<\/p>\n<p><img loading=\"lazy\" decoding=\"async\" width=\"1200\" height=\"675\" data-id=\"7560334\" src=\"data:image\/svg+xml,%3Csvg%20xmlns=\" http:=\"\" alt=\"\" class=\"wp-image-7560334\" data-lazy- data-lazy- data-lazy-src=\"https:\/\/www.europesays.com\/pt\/wp-content\/uploads\/2025\/09\/1759194371_854_Elenco-Dona-de-Mim-26.jpg\"\/><\/p>\n<p>Leo \u2013 Clara Moneke (Foto: Divulga\u00e7\u00e3o, Globo)<\/p>\n<p><img loading=\"lazy\" decoding=\"async\" width=\"1200\" height=\"675\" data-id=\"7560329\" src=\"data:image\/svg+xml,%3Csvg%20xmlns=\" http:=\"\" alt=\"elenco dona de mim\" class=\"wp-image-7560329\" data-lazy- data-lazy- data-lazy-src=\"https:\/\/www.europesays.com\/pt\/wp-content\/uploads\/2025\/09\/Elenco-Dona-de-Mim-29.jpg\"\/><\/p>\n<p>Sofia \u2013 Elis Cabral (Foto: Divulga\u00e7\u00e3o, Globo)<\/p>\n<p><img loading=\"lazy\" decoding=\"async\" width=\"1200\" height=\"675\" data-id=\"7560331\" src=\"data:image\/svg+xml,%3Csvg%20xmlns=\" http:=\"\" alt=\"\" class=\"wp-image-7560331\" data-lazy- data-lazy- data-lazy-src=\"https:\/\/www.europesays.com\/pt\/wp-content\/uploads\/2025\/09\/1759194372_671_Elenco-Dona-de-Mim-24.jpg\"\/><\/p>\n<p>Abel \u2013 Tony Ramos (Foto: Divulga\u00e7\u00e3o, Globo)<\/p>\n<p><img loading=\"lazy\" decoding=\"async\" width=\"1200\" height=\"675\" data-id=\"7560326\" src=\"data:image\/svg+xml,%3Csvg%20xmlns=\" http:=\"\" alt=\"elenco dona de mim\" class=\"wp-image-7560326\" data-lazy- data-lazy- data-lazy-src=\"https:\/\/www.europesays.com\/pt\/wp-content\/uploads\/2025\/09\/Elenco-Dona-de-Mim-32.jpg\"\/><\/p>\n<p>Filipa \u2013 Cl\u00e1udia Abreu (Foto: Divulga\u00e7\u00e3o, Globo)<\/p>\n<p><img loading=\"lazy\" decoding=\"async\" width=\"1200\" height=\"675\" data-id=\"7560330\" src=\"data:image\/svg+xml,%3Csvg%20xmlns=\" http:=\"\" alt=\"\" class=\"wp-image-7560330\" data-lazy- data-lazy- data-lazy-src=\"https:\/\/www.europesays.com\/pt\/wp-content\/uploads\/2025\/09\/Elenco-Dona-de-Mim-23.jpg\"\/><\/p>\n<p>Samuel \u2013 Juan Paiva (Foto: Divulga\u00e7\u00e3o, Globo)<\/p>\n<p><img loading=\"lazy\" decoding=\"async\" width=\"1200\" height=\"675\" data-id=\"7560357\" src=\"data:image\/svg+xml,%3Csvg%20xmlns=\" http:=\"\" alt=\"elenco dona de mim\" class=\"wp-image-7560357\" data-lazy- data-lazy- data-lazy-src=\"https:\/\/www.europesays.com\/pt\/wp-content\/uploads\/2025\/09\/Elenco-Dona-de-Mim-4.jpg\"\/><\/p>\n<p>Davi \u2013 Raffa Vitti (Foto: Divulga\u00e7\u00e3o, Globo)<\/p>\n<p><img loading=\"lazy\" decoding=\"async\" width=\"1200\" height=\"675\" data-id=\"7560345\" src=\"data:image\/svg+xml,%3Csvg%20xmlns=\" http:=\"\" alt=\"\" class=\"wp-image-7560345\" data-lazy- data-lazy- data-lazy-src=\"https:\/\/www.europesays.com\/pt\/wp-content\/uploads\/2025\/09\/Elenco-Dona-de-Mim-9.jpg\"\/><\/p>\n<p>Kami \u2013 Giovanna Lancellotti (Foto: Divulga\u00e7\u00e3o, Globo)<\/p>\n<p><img loading=\"lazy\" decoding=\"async\" width=\"1200\" height=\"675\" data-id=\"7560360\" src=\"data:image\/svg+xml,%3Csvg%20xmlns=\" http:=\"\" alt=\"\" class=\"wp-image-7560360\" data-lazy- data-lazy- data-lazy-src=\"https:\/\/www.europesays.com\/pt\/wp-content\/uploads\/2025\/09\/Elenco-Dona-de-Mim-7.jpg\"\/><\/p>\n<p>Marlon \u2013 Humberto Moraes (Foto: Divulga\u00e7\u00e3o, Globo)<\/p>\n<p><img loading=\"lazy\" decoding=\"async\" width=\"1200\" height=\"675\" data-id=\"7560340\" src=\"data:image\/svg+xml,%3Csvg%20xmlns=\" http:=\"\" alt=\"elenco dona de mim\" class=\"wp-image-7560340\" data-lazy- data-lazy- data-lazy-src=\"https:\/\/www.europesays.com\/pt\/wp-content\/uploads\/2025\/09\/Elenco-Dona-de-Mim-19.jpg\"\/><\/p>\n<p>Jaques \u2013 Marcello Novaes (Foto: Divulga\u00e7\u00e3o, Globo)<\/p>\n<p><img loading=\"lazy\" decoding=\"async\" width=\"1200\" height=\"675\" data-id=\"7560343\" src=\"data:image\/svg+xml,%3Csvg%20xmlns=\" http:=\"\" alt=\"\" class=\"wp-image-7560343\" data-lazy- data-lazy- data-lazy-src=\"https:\/\/www.europesays.com\/pt\/wp-content\/uploads\/2025\/09\/Elenco-Dona-de-Mim-22.jpg\"\/><\/p>\n<p>Vanderson \u2013 Armando Babaioff (Foto: Divulga\u00e7\u00e3o, Globo)<\/p>\n<p><img loading=\"lazy\" decoding=\"async\" width=\"1200\" height=\"675\" data-id=\"7560342\" src=\"data:image\/svg+xml,%3Csvg%20xmlns=\" http:=\"\" alt=\"elenco dona de mim\" class=\"wp-image-7560342\" data-lazy- data-lazy- data-lazy-src=\"https:\/\/www.europesays.com\/pt\/wp-content\/uploads\/2025\/09\/Elenco-Dona-de-Mim-20.jpg\"\/><\/p>\n<p>Danilo \u2013 Felipe Simas (Foto: Divulga\u00e7\u00e3o, Globo)<\/p>\n<p><img loading=\"lazy\" decoding=\"async\" width=\"1200\" height=\"675\" data-id=\"7560336\" src=\"data:image\/svg+xml,%3Csvg%20xmlns=\" http:=\"\" alt=\"\" class=\"wp-image-7560336\" data-lazy- data-lazy- data-lazy-src=\"https:\/\/www.europesays.com\/pt\/wp-content\/uploads\/2025\/09\/Elenco-Dona-de-Mim-28.jpg\"\/><\/p>\n<p>Rosa \u2013 Suely Franco (Foto: Divulga\u00e7\u00e3o, Globo)<\/p>\n<p><img loading=\"lazy\" decoding=\"async\" width=\"1200\" height=\"675\" data-id=\"7560339\" src=\"data:image\/svg+xml,%3Csvg%20xmlns=\" http:=\"\" alt=\"elenco dona de mim\" class=\"wp-image-7560339\" data-lazy- data-lazy- data-lazy-src=\"https:\/\/www.europesays.com\/pt\/wp-content\/uploads\/2025\/09\/Elenco-Dona-de-Mim-18.jpg\"\/><\/p>\n<p>T\u00e2nia \u2013 Aline Borges (Foto: Divulga\u00e7\u00e3o, Globo)<\/p>\n<p><img loading=\"lazy\" decoding=\"async\" width=\"1200\" height=\"675\" data-id=\"7560328\" src=\"data:image\/svg+xml,%3Csvg%20xmlns=\" http:=\"\" alt=\"\" class=\"wp-image-7560328\" data-lazy- data-lazy- data-lazy-src=\"https:\/\/www.europesays.com\/pt\/wp-content\/uploads\/2025\/09\/Elenco-Dona-de-Mim-34.jpg\"\/><\/p>\n<p>Jussara \u2013 Vilma Melo (Foto: Divulga\u00e7\u00e3o, Globo)<\/p>\n<p><img loading=\"lazy\" decoding=\"async\" width=\"1200\" height=\"675\" data-id=\"7560327\" src=\"data:image\/svg+xml,%3Csvg%20xmlns=\" http:=\"\" alt=\"elenco dona de mim\" class=\"wp-image-7560327\" data-lazy- data-lazy- data-lazy-src=\"https:\/\/www.europesays.com\/pt\/wp-content\/uploads\/2025\/09\/Elenco-Dona-de-Mim-33.jpg\"\/><\/p>\n<p>Pam \u2013 Haon\u00ea Thinar (Foto: Divulga\u00e7\u00e3o, Globo)<\/p>\n<p><img loading=\"lazy\" decoding=\"async\" width=\"1200\" height=\"675\" data-id=\"7560332\" src=\"data:image\/svg+xml,%3Csvg%20xmlns=\" http:=\"\" alt=\"\" class=\"wp-image-7560332\" data-lazy- data-lazy- data-lazy-src=\"https:\/\/www.europesays.com\/pt\/wp-content\/uploads\/2025\/09\/Elenco-Dona-de-Mim-25.jpg\"\/><\/p>\n<p>Ryan \u2013 L7 (Foto: Divulga\u00e7\u00e3o, Globo)<\/p>\n<p><img loading=\"lazy\" decoding=\"async\" width=\"1200\" height=\"675\" data-id=\"7560324\" src=\"data:image\/svg+xml,%3Csvg%20xmlns=\" http:=\"\" alt=\"elenco dona de mim\" class=\"wp-image-7560324\" data-lazy- data-lazy- data-lazy-src=\"https:\/\/www.europesays.com\/pt\/wp-content\/uploads\/2025\/09\/Elenco-Dona-de-Mim-36.jpg\"\/><\/p>\n<p>Lucas \u2013 Pedro Henrique Ferreira (Foto: Divulga\u00e7\u00e3o, Globo)<\/p>\n<p><img loading=\"lazy\" decoding=\"async\" width=\"1200\" height=\"675\" data-id=\"7560358\" src=\"data:image\/svg+xml,%3Csvg%20xmlns=\" http:=\"\" alt=\"\" class=\"wp-image-7560358\" data-lazy- data-lazy- data-lazy-src=\"https:\/\/www.europesays.com\/pt\/wp-content\/uploads\/2025\/09\/Elenco-Dona-de-Mim-5.jpg\"\/><\/p>\n<p>(Foto: Divulga\u00e7\u00e3o, Globo)<\/p>\n<p><img loading=\"lazy\" decoding=\"async\" width=\"1200\" height=\"675\" data-id=\"7560335\" src=\"data:image\/svg+xml,%3Csvg%20xmlns=\" http:=\"\" alt=\"elenco dona de mim\" class=\"wp-image-7560335\" data-lazy- data-lazy- data-lazy-src=\"https:\/\/www.europesays.com\/pt\/wp-content\/uploads\/2025\/09\/Elenco-Dona-de-Mim-27.jpg\"\/><\/p>\n<p>Stephany \u2013 Nikolly Fernandes (Foto: Divulga\u00e7\u00e3o, Globo)<\/p>\n<p><img loading=\"lazy\" decoding=\"async\" width=\"1200\" height=\"675\" data-id=\"7560337\" src=\"data:image\/svg+xml,%3Csvg%20xmlns=\" http:=\"\" alt=\"\" class=\"wp-image-7560337\" data-lazy- data-lazy- data-lazy-src=\"https:\/\/www.europesays.com\/pt\/wp-content\/uploads\/2025\/09\/Elenco-Dona-de-Mim-16.jpg\"\/><\/p>\n<p>Ricardo \u2013 Marcos Pasquim (Foto: Divulga\u00e7\u00e3o, Globo)<\/p>\n<p><img loading=\"lazy\" decoding=\"async\" width=\"1200\" height=\"675\" data-id=\"7560344\" src=\"data:image\/svg+xml,%3Csvg%20xmlns=\" http:=\"\" alt=\"elenco dona de mim\" class=\"wp-image-7560344\" data-lazy- data-lazy- data-lazy-src=\"https:\/\/www.europesays.com\/pt\/wp-content\/uploads\/2025\/09\/Elenco-Dona-de-Mim-8.jpg\"\/><\/p>\n<p>Yara \u2013 Cyda Moreno (Foto: Divulga\u00e7\u00e3o, Globo)<\/p>\n<p><img loading=\"lazy\" decoding=\"async\" width=\"1200\" height=\"675\" data-id=\"7560348\" src=\"data:image\/svg+xml,%3Csvg%20xmlns=\" http:=\"\" alt=\"\" class=\"wp-image-7560348\" data-lazy- data-lazy- data-lazy-src=\"https:\/\/www.europesays.com\/pt\/wp-content\/uploads\/2025\/09\/Elenco-Dona-de-Mim-11.jpg\"\/><\/p>\n<p>Dara \u2013 Cecilia Chancez (Foto: Divulga\u00e7\u00e3o, Globo)<\/p>\n<p><img loading=\"lazy\" decoding=\"async\" width=\"1200\" height=\"675\" data-id=\"7560350\" src=\"data:image\/svg+xml,%3Csvg%20xmlns=\" http:=\"\" alt=\"elenco dona de mim\" class=\"wp-image-7560350\" data-lazy- data-lazy- data-lazy-src=\"https:\/\/www.europesays.com\/pt\/wp-content\/uploads\/2025\/09\/Elenco-Dona-de-Mim-13.jpg\"\/><\/p>\n<p>Peter \u2013 Pedro Fernandes (Foto: Divulga\u00e7\u00e3o, Globo)<\/p>\n<p><img loading=\"lazy\" decoding=\"async\" width=\"1200\" height=\"675\" data-id=\"7560352\" src=\"data:image\/svg+xml,%3Csvg%20xmlns=\" http:=\"\" alt=\"\" class=\"wp-image-7560352\" data-lazy- data-lazy- data-lazy-src=\"https:\/\/www.europesays.com\/pt\/wp-content\/uploads\/2025\/09\/Elenco-Dona-de-Mim-15.jpg\"\/><\/p>\n<p>Manoel \u2013 Ernani Moraes (Foto: Divulga\u00e7\u00e3o, Globo)<\/p>\n<p><img loading=\"lazy\" decoding=\"async\" width=\"1200\" height=\"675\" data-id=\"7560354\" src=\"data:image\/svg+xml,%3Csvg%20xmlns=\" http:=\"\" alt=\"elenco dona de mim\" class=\"wp-image-7560354\" data-lazy- data-lazy- data-lazy-src=\"https:\/\/www.europesays.com\/pt\/wp-content\/uploads\/2025\/09\/Elenco-Dona-de-Mim-2.jpg\"\/><\/p>\n<p>Natara \u2013 Carol Marra (Foto: Divulga\u00e7\u00e3o, Globo)<\/p>\n<p><img loading=\"lazy\" decoding=\"async\" width=\"1200\" height=\"675\" data-id=\"7560349\" src=\"data:image\/svg+xml,%3Csvg%20xmlns=\" http:=\"\" alt=\"\" class=\"wp-image-7560349\" data-lazy- data-lazy- data-lazy-src=\"https:\/\/www.europesays.com\/pt\/wp-content\/uploads\/2025\/09\/Elenco-Dona-de-Mim-12.jpg\"\/><\/p>\n<p>Gisele \u2013 Luana Tanaka (Foto: Divulga\u00e7\u00e3o, Globo)<\/p>\n<p><img loading=\"lazy\" decoding=\"async\" width=\"1200\" height=\"675\" data-id=\"7560338\" src=\"data:image\/svg+xml,%3Csvg%20xmlns=\" http:=\"\" alt=\"elenco dona de mim\" class=\"wp-image-7560338\" data-lazy- data-lazy- data-lazy-src=\"https:\/\/www.europesays.com\/pt\/wp-content\/uploads\/2025\/09\/Elenco-Dona-de-Mim-17.jpg\"\/><\/p>\n<p>Denise \u2013 Cris Larin (Foto: Divulga\u00e7\u00e3o, Globo)<\/p>\n<p><img loading=\"lazy\" decoding=\"async\" width=\"1200\" height=\"675\" data-id=\"7560359\" src=\"data:image\/svg+xml,%3Csvg%20xmlns=\" http:=\"\" alt=\"\" class=\"wp-image-7560359\" data-lazy- data-lazy- data-lazy-src=\"https:\/\/www.europesays.com\/pt\/wp-content\/uploads\/2025\/09\/Elenco-Dona-de-Mim-6.jpg\"\/><\/p>\n<p>Breno \u2013 Gabriel Sanches (Foto: Divulga\u00e7\u00e3o, Globo)<\/p>\n<p>Resumo completo do cap\u00edtulo de Dona de Mim \u2013 1\u00ba de outubro de 2025<\/p>\n<p>Samuel substitui Danilo por P\u00e2mela. Rosa tem um epis\u00f3dio de confus\u00e3o no meio da rua. Belarmino avisa a Jaques sobre o estado de Rosa. Jaques comenta com Davi que ter\u00e1 de interditar Rosa.<\/p>\n<p>Continua depois da publicidade<\/p>\n<p>Samuel teme que Jaques use o epis\u00f3dio de desorienta\u00e7\u00e3o de Rosa judicialmente contra a av\u00f3. Rosa n\u00e3o reconhece Jaques. Ricardo garante que n\u00e3o se casar\u00e1 com T\u00e2nia enquanto ela ainda estiver ligada a Jaques.<\/p>\n<p>Kami e Jussara se surpreendem com a novidade sobre a chefia da Boaz. Leo desabafa com Stephany sobre sua exaust\u00e3o e seu amor por Sofia. Rosa recupera a consci\u00eancia, e afirma a Samuel que n\u00e3o aceita uma cuidadora.<\/p>\n<p>Kami e Marlon questionam Ryan sobre a invas\u00e3o ao sal\u00e3o. Kami recebe uma nova mensagem amea\u00e7adora do assediador.<\/p>\n<p>Continua depois da publicidade<\/p>\n<p>Voc\u00ea vai gostar de ler tamb\u00e9m que\u00a0<strong><a href=\"https:\/\/www.nsctotal.com.br\/noticias\/mais-um-personagem-de-vai-na-fe-retorna-em-dona-de-mim-veja-quem-e\" target=\"_blank\" rel=\"noreferrer noopener nofollow\">mais um personagem de Vai na F\u00e9 retorna em Dona de Mim: veja quem \u00e9<\/a><\/strong>\u00a0e\u00a0<strong><a href=\"https:\/\/www.nsctotal.com.br\/noticias\/dona-de-mim-novela-tem-um-erro-que-vai-na-fe-nunca-cometeu\" target=\"_blank\" rel=\"noreferrer noopener nofollow\">Dona de Mim: novela tem um erro que Vai na F\u00e9 nunca cometeu<\/a><\/strong>.<\/p>\n","protected":false},"excerpt":{"rendered":"Rosa ter\u00e1 que se cuidar porque Jaques est\u00e1 de olho nela em Dona de Mim (Foto: Reprodu\u00e7\u00e3o, TV&hellip;\n","protected":false},"author":2,"featured_media":93916,"comment_status":"","ping_status":"","sticky":false,"template":"","format":"standard","meta":{"footnotes":""},"categories":[142],"tags":[114,115,32,33,151,543],"class_list":{"0":"post-93915","1":"post","2":"type-post","3":"status-publish","4":"format-standard","5":"has-post-thumbnail","7":"category-tv","8":"tag-entertainment","9":"tag-entretenimento","10":"tag-portugal","11":"tag-pt","12":"tag-tv","13":"tag-ver-ouvir-ler"},"share_on_mastodon":{"url":"","error":""},"_links":{"self":[{"href":"https:\/\/www.europesays.com\/pt\/wp-json\/wp\/v2\/posts\/93915","targetHints":{"allow":["GET"]}}],"collection":[{"href":"https:\/\/www.europesays.com\/pt\/wp-json\/wp\/v2\/posts"}],"about":[{"href":"https:\/\/www.europesays.com\/pt\/wp-json\/wp\/v2\/types\/post"}],"author":[{"embeddable":true,"href":"https:\/\/www.europesays.com\/pt\/wp-json\/wp\/v2\/users\/2"}],"replies":[{"embeddable":true,"href":"https:\/\/www.europesays.com\/pt\/wp-json\/wp\/v2\/comments?post=93915"}],"version-history":[{"count":0,"href":"https:\/\/www.europesays.com\/pt\/wp-json\/wp\/v2\/posts\/93915\/revisions"}],"wp:featuredmedia":[{"embeddable":true,"href":"https:\/\/www.europesays.com\/pt\/wp-json\/wp\/v2\/media\/93916"}],"wp:attachment":[{"href":"https:\/\/www.europesays.com\/pt\/wp-json\/wp\/v2\/media?parent=93915"}],"wp:term":[{"taxonomy":"category","embeddable":true,"href":"https:\/\/www.europesays.com\/pt\/wp-json\/wp\/v2\/categories?post=93915"},{"taxonomy":"post_tag","embeddable":true,"href":"https:\/\/www.europesays.com\/pt\/wp-json\/wp\/v2\/tags?post=93915"}],"curies":[{"name":"wp","href":"https:\/\/api.w.org\/{rel}","templated":true}]}}