{"id":93932,"date":"2025-10-01T01:55:09","date_gmt":"2025-10-01T01:55:09","guid":{"rendered":"https:\/\/www.europesays.com\/pt\/93932\/"},"modified":"2025-10-01T01:55:09","modified_gmt":"2025-10-01T01:55:09","slug":"5-coisas-que-queremos-que-aconteca-na-sequencia-de-guerreiras-do-k-pop","status":"publish","type":"post","link":"https:\/\/www.europesays.com\/pt\/93932\/","title":{"rendered":"5 coisas que queremos que aconte\u00e7a na sequ\u00eancia de &#8216;Guerreiras do K-Pop&#8217;"},"content":{"rendered":"<p>Quando estreou em junho, \u2018<a href=\"https:\/\/recreio.com.br\/noticias\/entretenimento\/5-idols-de-k-pop-citados-como-inspiracao-para-guerreiras-do-k-pop.phtml\" target=\"_blank\" rel=\"noopener nofollow\">Guerreiras do K-pop<\/a>\u2018 surpreendeu ao unir o universo musical coreano, a ind\u00fastria do k-pop, a batalhas contra dem\u00f4nios. A produ\u00e7\u00e3o apresentou o trio Rumi, Mira e Zoey, que formam o grupo fict\u00edcio HUNTR\/X e escondem uma vida secreta como ca\u00e7adoras. Entre m\u00fasicas, coreografias e combates, o sucesso imediato da <a href=\"https:\/\/recreio.com.br\/tags\/animacao\" target=\"_blank\" rel=\"noopener nofollow\">anima\u00e7\u00e3o<\/a> criou a expectativa por uma sequ\u00eancia, j\u00e1 que v\u00e1rias pontas da trama ficaram em aberto.<\/p>\n<p>Pensando nisso, a RECREIO citou cinco pontos que poderiam ganhar destaque em uma especulada continua\u00e7\u00e3o. Confira!<\/p>\n<p> 1. A hist\u00f3ria por tr\u00e1s da origem de Rumi <img loading=\"lazy\" decoding=\"async\" class=\"size-full wp-image-53366 img-fluid lazy\" alt=\"\" width=\"1280\" height=\"720\" src=\"https:\/\/www.europesays.com\/pt\/wp-content\/uploads\/2025\/10\/Rumi-Guerreiras-do-K-Pop.jpg\"  \/>Cena do filme \u2018Guerreiras do K-Pop\u2019 \u2013 Reprodu\u00e7\u00e3o\/Netflix <\/p>\n<p>No primeiro filme, Rumi descobre sua heran\u00e7a demon\u00edaca em meio ao confronto contra <a href=\"https:\/\/recreio.com.br\/noticias\/entretenimento\/guerreiras-do-k-pop-5-curiosidades-sobre-a-animacao-que-voce-precisa-saber.phtml\" target=\"_blank\" rel=\"noopener nofollow\">Gwi-Ma<\/a>, ao que seus \u201csurtos\u201d de magia surgem de forma instintiva, misturados \u00e0 dor e ao medo que ela sentia. Uma sequ\u00eancia poderia mostrar a jovem aprendendo a controlar conscientemente esses poderes e entendendo at\u00e9 onde eles podem lev\u00e1-la. <\/p>\n<p>A liga\u00e7\u00e3o com o pai, ausente e misterioso, tamb\u00e9m abre espa\u00e7o para revelar como essa heran\u00e7a molda sua identidade.<\/p>\n<p>\t  2. A rela\u00e7\u00e3o de Celine com a m\u00e3e de Rumi<br \/> <img loading=\"lazy\" decoding=\"async\" class=\"size-full wp-image-53363 img-fluid lazy\" alt=\"\" width=\"1280\" height=\"720\" src=\"https:\/\/www.europesays.com\/pt\/wp-content\/uploads\/2025\/10\/Celine-e-Rumi-Guerreiras-do-K-Pop.jpg\"  \/>Cena do filme Guerreiras do K-Pop \u2013 Reprodu\u00e7\u00e3o\/Netflix <\/p>\n<p>Durante a batalha final, Rumi confronta Celine e pede respostas, mas a guardi\u00e3 se recusa a reconhec\u00ea-la plenamente como filha ap\u00f3s ver as marcas demon\u00edacas se espalharem pela protagonista. Essa tens\u00e3o, carregada de ressentimento e m\u00e1goas, pode ser aprofundada em uma nova trama ao explorar o passado entre Celine e Ryu Mi-Yeong, m\u00e3e biol\u00f3gica de Rumi e integrante das Irm\u00e3s da Luz do Sol, que permanece em aberto.<\/p>\n<p>  3. Quem \u00e9 o pai de Rumi? <img loading=\"lazy\" decoding=\"async\" class=\"size-full wp-image-50461 img-fluid lazy\" alt=\"\" width=\"1280\" height=\"720\" src=\"https:\/\/www.europesays.com\/pt\/wp-content\/uploads\/2025\/10\/guerreiras-do-k-pop-1-capa.jpg\"  \/>Cena da anima\u00e7\u00e3o \u2018Guerreiras do K-Pop\u2019 (2025) \u2013 Divulga\u00e7\u00e3o\/Netflix <\/p>\n<p>A <a href=\"https:\/\/www.netflix.com\/br\/title\/81498621\" target=\"_blank\" rel=\"noopener nofollow\">hist\u00f3ria<\/a> de Mi Yeong e do pai de Rumi \u00e9 um dos mist\u00e9rios mais aguardados para ser explicado em uma continua\u00e7\u00e3o. No longa, h\u00e1 apenas men\u00e7\u00f5es indiretas, mas nenhum detalhe concreto sobre como eles se conheceram ou se o pai ainda est\u00e1 vivo. <\/p>\n<p>Uma revela\u00e7\u00e3o poderia inclusive mudar a forma como Rumi enxerga seus pr\u00f3prios poderes, j\u00e1 que teorias de f\u00e3s levantam a hip\u00f3tese de que Gwi-Ma, o rei dos dem\u00f4nios, tenha manipulado essa rela\u00e7\u00e3o.<\/p>\n<p>  4. As hist\u00f3rias de Mira e Zoey <img loading=\"lazy\" decoding=\"async\" class=\"size-full wp-image-53364 img-fluid lazy\" alt=\"\" width=\"1280\" height=\"720\" src=\"https:\/\/www.europesays.com\/pt\/wp-content\/uploads\/2025\/10\/Mira-e-Zoey-Guerreiras-do-K-Pop.jpg\"  \/>Cena do filme Guerreiras do K-Pop \u2013 Reprodu\u00e7\u00e3o\/Netflix <\/p>\n<p>Enquanto <a href=\"https:\/\/www.instagram.com\/ejae_k\/\" target=\"_blank\" rel=\"noopener nofollow\">Rumi<\/a> teve o arco central, Mira e Zoey apareceram como al\u00edvio c\u00f4mico e apoio nas batalhas. Zoey, que cresceu nos Estados Unidos, deixou pistas de que sua vida antes do HUNTR\/X foi marcada por conflitos culturais, algo que poderia ser explorado. J\u00e1 Mira, a \u201cex-rebelde\u201d, mostrou ter feridas mal resolvidas com a fam\u00edlia. <\/p>\n<p>Dessa maneira, um uma sequ\u00eancia, seria interessante ver como essas experi\u00eancias moldaram a for\u00e7a das duas no grupo.<\/p>\n<p>  5. Derpy e Sussy se juntando ao HUNTR\/X? <img loading=\"lazy\" decoding=\"async\" class=\"size-full wp-image-53365 img-fluid lazy\" alt=\"\" width=\"1280\" height=\"720\" src=\"https:\/\/www.europesays.com\/pt\/wp-content\/uploads\/2025\/10\/Derpy-e-Sussy-Guerreiras-do-K-Pop.jpg\"  \/>Cena do filme Guerreiras do K-Pop \u2013 Reprodu\u00e7\u00e3o\/Netflix <\/p>\n<p>Os mascotes de Jinu, Derpy e Sussy, roubaram a cena em diversos momentos da <a href=\"https:\/\/pt.wikipedia.org\/wiki\/KPop_Demon_Hunters\" target=\"_blank\" rel=\"noopener nofollow\">produ\u00e7\u00e3o<\/a>, como quando interrompem uma discuss\u00e3o do trio com suas trapalhadas ou aparecem para entregar mensagens enigm\u00e1ticas. Inspirados no folclore coreano, os dois poderiam deixar de ser apenas figuras c\u00f4micas para assumir papel ativo ao lado do HUNTR\/X, participando diretamente das miss\u00f5es e batalhas.<\/p>\n<p>\t                                            <script async src=\"\/\/www.instagram.com\/embed.js\"><\/script><\/p>\n","protected":false},"excerpt":{"rendered":"Quando estreou em junho, \u2018Guerreiras do K-pop\u2018 surpreendeu ao unir o universo musical coreano, a ind\u00fastria do k-pop,&hellip;\n","protected":false},"author":2,"featured_media":93933,"comment_status":"","ping_status":"","sticky":false,"template":"","format":"standard","meta":{"footnotes":""},"categories":[141],"tags":[23319,1415,10195,114,115,148,4550,149,150,32,33],"class_list":{"0":"post-93932","1":"post","2":"type-post","3":"status-publish","4":"format-standard","5":"has-post-thumbnail","7":"category-musica","8":"tag-almanaque-netflix","9":"tag-animacao","10":"tag-animacoes","11":"tag-entertainment","12":"tag-entretenimento","13":"tag-filmes","14":"tag-guerreiras-do-k-pop","15":"tag-music","16":"tag-musica","17":"tag-portugal","18":"tag-pt"},"share_on_mastodon":{"url":"","error":""},"_links":{"self":[{"href":"https:\/\/www.europesays.com\/pt\/wp-json\/wp\/v2\/posts\/93932","targetHints":{"allow":["GET"]}}],"collection":[{"href":"https:\/\/www.europesays.com\/pt\/wp-json\/wp\/v2\/posts"}],"about":[{"href":"https:\/\/www.europesays.com\/pt\/wp-json\/wp\/v2\/types\/post"}],"author":[{"embeddable":true,"href":"https:\/\/www.europesays.com\/pt\/wp-json\/wp\/v2\/users\/2"}],"replies":[{"embeddable":true,"href":"https:\/\/www.europesays.com\/pt\/wp-json\/wp\/v2\/comments?post=93932"}],"version-history":[{"count":0,"href":"https:\/\/www.europesays.com\/pt\/wp-json\/wp\/v2\/posts\/93932\/revisions"}],"wp:featuredmedia":[{"embeddable":true,"href":"https:\/\/www.europesays.com\/pt\/wp-json\/wp\/v2\/media\/93933"}],"wp:attachment":[{"href":"https:\/\/www.europesays.com\/pt\/wp-json\/wp\/v2\/media?parent=93932"}],"wp:term":[{"taxonomy":"category","embeddable":true,"href":"https:\/\/www.europesays.com\/pt\/wp-json\/wp\/v2\/categories?post=93932"},{"taxonomy":"post_tag","embeddable":true,"href":"https:\/\/www.europesays.com\/pt\/wp-json\/wp\/v2\/tags?post=93932"}],"curies":[{"name":"wp","href":"https:\/\/api.w.org\/{rel}","templated":true}]}}