{"id":93975,"date":"2025-10-01T02:58:14","date_gmt":"2025-10-01T02:58:14","guid":{"rendered":"https:\/\/www.europesays.com\/pt\/93975\/"},"modified":"2025-10-01T02:58:14","modified_gmt":"2025-10-01T02:58:14","slug":"o-benfica-continua-a-ser-o-clube-portugues-que-esta-melhor-financeiramente-maisfutebol","status":"publish","type":"post","link":"https:\/\/www.europesays.com\/pt\/93975\/","title":{"rendered":"\u00abO Benfica continua a ser o clube portugu\u00eas que est\u00e1 melhor financeiramente\u00bb &#8211; Maisfutebol"},"content":{"rendered":"<ol>\n<li><a href=\"https:\/\/news.google.com\/rss\/articles\/CBMizgFBVV95cUxOd2tTdUliZk5YMkNJcUJkRmlBY1p4QkhyTV9kdHV0OUduc0xTa2tVWW1BNVNRT2prcmhYaEJlQjM4bFZYLTdqZFJrOVdIdXpGM1FwYkF6WkpadXFhLU81d1ZPRHNLS2JFZGtMMnRnX01wTlVyc3JHYUpYMi1WOUE4U1JKUkQzZloyVUlmT1NEVHNqS3Z0OXVxOVVWNW52aFphRjNFeGNyMXA3R2g4dG80NXd2TU9sWDdkQk55alEwd0lYd1Z3VE0tZm1IcUhKdw?oc=5\" target=\"_blank\" rel=\"nofollow noopener\">\u00abO Benfica continua a ser o clube portugu\u00eas que est\u00e1 melhor financeiramente\u00bb<\/a>&nbsp;&nbsp;Maisfutebol<\/li>\n<li><a href=\"https:\/\/news.google.com\/rss\/articles\/CBMirwFBVV95cUxQZFRVakNra2RyLWpONTVFTzVQXzF1RkZGVjkzYXdxTUhXWHRhb25PWkFvRGIwR0lFbWgyWU1mUzlKeUt5S1lCSG1kRkN0NnotanY2Nl92NkljdHpjcXpYWGNIRVRsTFVoWVdnT0VNeXNKZ1FwWGxCTWY2V2RoM2RxdTItSzVOeGJlTW1pUE92SjRmdzNDanR4RjRzQlRmTW9tTGdJdjNHNDBNWldXUWR3?oc=5\" target=\"_blank\" rel=\"nofollow noopener\">Rui Costa: \u00abBenfica \u00e9 o melhor clube portugu\u00eas financeiramente\u00bb<\/a>&nbsp;&nbsp;A Bola<\/li>\n<li><a href=\"https:\/\/news.google.com\/rss\/articles\/CBMi9AFBVV95cUxPU0hBd1JJSWVKZUtnY2E0cnVxOXVXUFZfUWw0dTloVmtaTDVzOVpKVFExdE1ZdUNaVEZSZzl6R3F3aDYzaUpIeS1RT09fNDV6bS1lVEY4RDJFWVZsSWpDZU12WjJXUVRhWVVENGhLTFlEZGdxQXZFLW01M0xpUlB3THJvZlFKOWhwSlJIY3E1VXdpWXNzSTBSSFBXdTcxVlpYeHZjLXNFcVJQQ1lqVWNmRExxV2paVmJIWDlBSXlMa1A2RkRwZUhNdkJuUE9JZDk3eWVTTVl4NWJ3eEU4LUlHMlZQWHVON2NCWS1QNEUtRHlXSWJH?oc=5\" target=\"_blank\" rel=\"nofollow noopener\">N\u00e3o me escondi e devolvi a credibilidade perdida ao clube<\/a>&nbsp;&nbsp;Observador<\/li>\n<li><a href=\"https:\/\/news.google.com\/rss\/articles\/CBMi0AFBVV95cUxNbUdfbEpoZC1MbTY3X0paSG95RFhxbm1xRUJyMXc1dTdyemhaZ0ZNaUdLMjBNX3hsdUZNSXFTU19EOXJiWDhvNFlWbzZLR1p4eFYzakhOTnN0OHp4VFRrRVF5N2VEV3g3NkxXeVkzQmxrS0IzaldkQWpJRWNyV2hHLUZxbFh5OC1Ua0kxblNOR1ZWeHkyM3BaVzktMGdpRFBjaFBhU2poUmU3M185MG9kdWxQajN6RHNDOUhPZG8yYkhnWTk3RV9BTndPcXlqeXV4?oc=5\" target=\"_blank\" rel=\"nofollow noopener\">Apito Record: golo de Su\u00e1rez (comparado com o de Di Mar\u00eda) e as queixas de pen\u00e1lti de Maxi<\/a>&nbsp;&nbsp;Record<\/li>\n<li><a href=\"https:\/\/news.google.com\/rss\/articles\/CBMi6AFBVV95cUxQclZYQU5xWm1OR0x4R0FISzhEY1ZCSmZBYlpoc2FYRUl1eGRNV2MzWkZORTBMTk9vcE93YW1GRXNaV2tUWjI3T2daSTZ2S1pvazFOUndVZ1BxeElPeWtwaF9DLTlBUndGSjU0c0RMQ1lFTWFQWS1zeURyYWhQTk9ndGRWTzk5X3ZlZ1AxZ1RNdnZrZkhFOEt4YzBFazBMeEdsQ1lMSU9sQ3hMS2x3b0hHSm91S1VkbTBIMU1GQ3lnelM0bnpPVVA3UXY4Wkg1MzNRenhHeWpjNDdyS1VsemtBM3BvRnFkcVJ0?oc=5\" target=\"_blank\" rel=\"nofollow noopener\">Corte salfico de Jos\u00e9 Mourinho revelado ap\u00f3s o enorme pagamento do Manchester United em 89 milh\u00f5es de libras<\/a>&nbsp;&nbsp;bahiaverdade.com.br<\/li>\n<\/ol>\n","protected":false},"excerpt":{"rendered":"\u00abO Benfica continua a ser o clube portugu\u00eas que est\u00e1 melhor financeiramente\u00bb&nbsp;&nbsp;Maisfutebol Rui Costa: \u00abBenfica \u00e9 o melhor&hellip;\n","protected":false},"author":2,"featured_media":93976,"comment_status":"","ping_status":"","sticky":false,"template":"","format":"standard","meta":{"footnotes":""},"categories":[87],"tags":[51,135,2258,5567,46,32,33,47,6058,134],"class_list":{"0":"post-93975","1":"post","2":"type-post","3":"status-publish","4":"format-standard","5":"has-post-thumbnail","7":"category-desporto","8":"tag-benfica","9":"tag-desporto","10":"tag-eleicoes","11":"tag-londres","12":"tag-maisfutebol","13":"tag-portugal","14":"tag-pt","15":"tag-pura-paixao","16":"tag-rui-costa","17":"tag-sports"},"share_on_mastodon":{"url":"","error":""},"_links":{"self":[{"href":"https:\/\/www.europesays.com\/pt\/wp-json\/wp\/v2\/posts\/93975","targetHints":{"allow":["GET"]}}],"collection":[{"href":"https:\/\/www.europesays.com\/pt\/wp-json\/wp\/v2\/posts"}],"about":[{"href":"https:\/\/www.europesays.com\/pt\/wp-json\/wp\/v2\/types\/post"}],"author":[{"embeddable":true,"href":"https:\/\/www.europesays.com\/pt\/wp-json\/wp\/v2\/users\/2"}],"replies":[{"embeddable":true,"href":"https:\/\/www.europesays.com\/pt\/wp-json\/wp\/v2\/comments?post=93975"}],"version-history":[{"count":0,"href":"https:\/\/www.europesays.com\/pt\/wp-json\/wp\/v2\/posts\/93975\/revisions"}],"wp:featuredmedia":[{"embeddable":true,"href":"https:\/\/www.europesays.com\/pt\/wp-json\/wp\/v2\/media\/93976"}],"wp:attachment":[{"href":"https:\/\/www.europesays.com\/pt\/wp-json\/wp\/v2\/media?parent=93975"}],"wp:term":[{"taxonomy":"category","embeddable":true,"href":"https:\/\/www.europesays.com\/pt\/wp-json\/wp\/v2\/categories?post=93975"},{"taxonomy":"post_tag","embeddable":true,"href":"https:\/\/www.europesays.com\/pt\/wp-json\/wp\/v2\/tags?post=93975"}],"curies":[{"name":"wp","href":"https:\/\/api.w.org\/{rel}","templated":true}]}}