{"id":94005,"date":"2025-10-01T03:41:20","date_gmt":"2025-10-01T03:41:20","guid":{"rendered":"https:\/\/www.europesays.com\/pt\/94005\/"},"modified":"2025-10-01T03:41:20","modified_gmt":"2025-10-01T03:41:20","slug":"porto-alegre-nove-unidades-de-saude-oferecerao-multivacinacao-para-menores-de-15-anos-neste-sabado-4","status":"publish","type":"post","link":"https:\/\/www.europesays.com\/pt\/94005\/","title":{"rendered":"Porto Alegre: Nove unidades de sa\u00fade oferecer\u00e3o multivacina\u00e7\u00e3o para menores de 15 anos neste s\u00e1bado (4)"},"content":{"rendered":"<p><strong>Cl\u00ednica da Fam\u00edlia Moab Caldas<\/strong> (avenida Moab Caldas, 400, bairro Santa Tereza)<\/p>\n<p><strong>Cl\u00ednica da Fam\u00edlia Modelo<\/strong> (avenida Jer\u00f4nimo de Ornelas, 55, bairro Santana)<\/p>\n<p><strong>Cl\u00ednica da Fam\u00edlia Tristeza<\/strong> (avenida Wenceslau Escobar, 2442, bairro Tristeza)<\/p>\n<p><strong>Unidade de Sa\u00fade Assis Brasil<\/strong> (avenida Assis Brasil, 6615, bairro Sarandi)<\/p>\n<p><strong>Unidade de Sa\u00fade Ch\u00e1cara da Fuma\u00e7a<\/strong> (rua Martim F\u00e9lix Berta, 2432, bairro M\u00e1rio Quintana)<\/p>\n<p><strong>Unidade de Sa\u00fade Ilha da Pintada<\/strong> (avenida Presidente Vargas, 370, sal\u00e3o paroquial)<\/p>\n<p><strong>Unidade de Sa\u00fade Restinga<\/strong> (rua Aboli\u00e7\u00e3o, 850, bairro Restinga)<\/p>\n<p><strong>Unidade de Sa\u00fade S\u00e3o Carlos<\/strong> (avenida Bento Gon\u00e7alves, 6670, bairro Partenon)<\/p>\n<p><strong>Unidade de Sa\u00fade Vila F\u00e1tima<\/strong> (rua Arnaldo Ant\u00f4nio Portaluppi, 227, bairro Bom Jesus)<\/p>\n","protected":false},"excerpt":{"rendered":"Cl\u00ednica da Fam\u00edlia Moab Caldas (avenida Moab Caldas, 400, bairro Santa Tereza) Cl\u00ednica da Fam\u00edlia Modelo (avenida Jer\u00f4nimo&hellip;\n","protected":false},"author":2,"featured_media":94006,"comment_status":"","ping_status":"","sticky":false,"template":"","format":"standard","meta":{"footnotes":""},"categories":[86],"tags":[23337,116,23338,4677,32,33,117,2820,23339],"class_list":{"0":"post-94005","1":"post","2":"type-post","3":"status-publish","4":"format-standard","5":"has-post-thumbnail","7":"category-saude","8":"tag-caderneta-de-vacinacao","9":"tag-health","10":"tag-multivacinacao","11":"tag-porto-alegre","12":"tag-portugal","13":"tag-pt","14":"tag-saude","15":"tag-vacinacao","16":"tag-vacinacao-em-porto-alegre"},"share_on_mastodon":{"url":"","error":""},"_links":{"self":[{"href":"https:\/\/www.europesays.com\/pt\/wp-json\/wp\/v2\/posts\/94005","targetHints":{"allow":["GET"]}}],"collection":[{"href":"https:\/\/www.europesays.com\/pt\/wp-json\/wp\/v2\/posts"}],"about":[{"href":"https:\/\/www.europesays.com\/pt\/wp-json\/wp\/v2\/types\/post"}],"author":[{"embeddable":true,"href":"https:\/\/www.europesays.com\/pt\/wp-json\/wp\/v2\/users\/2"}],"replies":[{"embeddable":true,"href":"https:\/\/www.europesays.com\/pt\/wp-json\/wp\/v2\/comments?post=94005"}],"version-history":[{"count":0,"href":"https:\/\/www.europesays.com\/pt\/wp-json\/wp\/v2\/posts\/94005\/revisions"}],"wp:featuredmedia":[{"embeddable":true,"href":"https:\/\/www.europesays.com\/pt\/wp-json\/wp\/v2\/media\/94006"}],"wp:attachment":[{"href":"https:\/\/www.europesays.com\/pt\/wp-json\/wp\/v2\/media?parent=94005"}],"wp:term":[{"taxonomy":"category","embeddable":true,"href":"https:\/\/www.europesays.com\/pt\/wp-json\/wp\/v2\/categories?post=94005"},{"taxonomy":"post_tag","embeddable":true,"href":"https:\/\/www.europesays.com\/pt\/wp-json\/wp\/v2\/tags?post=94005"}],"curies":[{"name":"wp","href":"https:\/\/api.w.org\/{rel}","templated":true}]}}