{"id":94011,"date":"2025-10-01T03:49:07","date_gmt":"2025-10-01T03:49:07","guid":{"rendered":"https:\/\/www.europesays.com\/pt\/94011\/"},"modified":"2025-10-01T03:49:07","modified_gmt":"2025-10-01T03:49:07","slug":"univali-ganhara-novos-blocos-com-nova-arquitetura-veja-imagens","status":"publish","type":"post","link":"https:\/\/www.europesays.com\/pt\/94011\/","title":{"rendered":"Univali ganhar\u00e1 novos blocos com nova arquitetura; veja imagens"},"content":{"rendered":"<p>O campus da Univali, em Itaja\u00ed, vai ganhar revitaliza\u00e7\u00e3o com projeto de mais de 7 mil m\u00b2 em dois pr\u00e9dios de cinco andares cada, que v\u00e3o substituir os atuais blocos B1 e B2, que t\u00eam apenas um pavimento. A constru\u00e7\u00e3o abrigar\u00e1 salas de aula, setores administrativos e \u00e1reas de conviv\u00eancia e para exposi\u00e7\u00f5es acad\u00eamicas.<\/p>\n<p>Um dos destaques da arquitetura \u00e9 uma passarela que vai conectar os dois pr\u00e9dios. Os blocos, em frente \u00e0 reitoria, ainda ter\u00e3o fachadas projetadas como \u201cconvite\u201d pra comunidade se inserir na atmosfera &#8230;<\/p>\n<p>Um dos destaques da arquitetura \u00e9 uma passarela que vai conectar os dois pr\u00e9dios. Os blocos, em frente \u00e0 reitoria, ainda ter\u00e3o fachadas projetadas como \u201cconvite\u201d pra comunidade se inserir na atmosfera de pluralidade e educa\u00e7\u00e3o da universidade.<\/p>\n<p style=\"text-align: center;margin-bottom: -20px;margin-top: 0px;\">Continua depois da publicidade<\/p>\n<p>O projeto tamb\u00e9m prev\u00ea uma ampla \u00e1rea de conviv\u00eancia ao ar livre para estimular a troca de experi\u00eancias entre alunos, professores e comunidade em geral. Segundo a Univali, as obras iniciar\u00e3o em outubro, com previs\u00e3o de entrega em novembro de 2026.<\/p>\n<p>Hoje, nos atuais blocos, funcionam setores administrativos. Com os novos pr\u00e9dios, a universidade vai aumentar a capacidade de salas de aula. Ser\u00e3o tr\u00eas andares de salas de aula em cada um dos novos blocos.<\/p>\n<p>O investimento ser\u00e1 de R$ 45 milh\u00f5es, com recursos externos. O projeto foi elaborado pela Redora Arquitetura e ser\u00e1 executado pela Perville Construtora. A obra anunciada neste m\u00eas de anivers\u00e1rio da Univali vai celebrar as mais de seis d\u00e9cadas de hist\u00f3ria da institui\u00e7\u00e3o.<\/p>\n","protected":false},"excerpt":{"rendered":"O campus da Univali, em Itaja\u00ed, vai ganhar revitaliza\u00e7\u00e3o com projeto de mais de 7 mil m\u00b2 em&hellip;\n","protected":false},"author":2,"featured_media":94012,"comment_status":"","ping_status":"","sticky":false,"template":"","format":"standard","meta":{"footnotes":""},"categories":[144],"tags":[17585,23347,207,205,206,203,201,202,23343,23345,22440,204,539,114,115,23349,736,9399,21118,3554,23348,23352,23350,32,23344,33,23351,23342,23346,23341],"class_list":{"0":"post-94011","1":"post","2":"type-post","3":"status-publish","4":"format-standard","5":"has-post-thumbnail","7":"category-arte-e-design","8":"tag-60-anos","9":"tag-areas-administrativas","10":"tag-arte","11":"tag-arte-e-design","12":"tag-artedesign","13":"tag-arts","14":"tag-arts-and-design","15":"tag-artsanddesign","16":"tag-campus","17":"tag-cinco-andares","18":"tag-convivencia","19":"tag-design","20":"tag-educacao","21":"tag-entertainment","22":"tag-entretenimento","23":"tag-fachadas","24":"tag-historia","25":"tag-investimento","26":"tag-itajai","27":"tag-obras","28":"tag-passarela","29":"tag-perville-construtora","30":"tag-pluralidade","31":"tag-portugal","32":"tag-predios","33":"tag-pt","34":"tag-redora-arquitetura","35":"tag-revitalizacao","36":"tag-salas-de-aula","37":"tag-univali"},"share_on_mastodon":{"url":"","error":""},"_links":{"self":[{"href":"https:\/\/www.europesays.com\/pt\/wp-json\/wp\/v2\/posts\/94011","targetHints":{"allow":["GET"]}}],"collection":[{"href":"https:\/\/www.europesays.com\/pt\/wp-json\/wp\/v2\/posts"}],"about":[{"href":"https:\/\/www.europesays.com\/pt\/wp-json\/wp\/v2\/types\/post"}],"author":[{"embeddable":true,"href":"https:\/\/www.europesays.com\/pt\/wp-json\/wp\/v2\/users\/2"}],"replies":[{"embeddable":true,"href":"https:\/\/www.europesays.com\/pt\/wp-json\/wp\/v2\/comments?post=94011"}],"version-history":[{"count":0,"href":"https:\/\/www.europesays.com\/pt\/wp-json\/wp\/v2\/posts\/94011\/revisions"}],"wp:featuredmedia":[{"embeddable":true,"href":"https:\/\/www.europesays.com\/pt\/wp-json\/wp\/v2\/media\/94012"}],"wp:attachment":[{"href":"https:\/\/www.europesays.com\/pt\/wp-json\/wp\/v2\/media?parent=94011"}],"wp:term":[{"taxonomy":"category","embeddable":true,"href":"https:\/\/www.europesays.com\/pt\/wp-json\/wp\/v2\/categories?post=94011"},{"taxonomy":"post_tag","embeddable":true,"href":"https:\/\/www.europesays.com\/pt\/wp-json\/wp\/v2\/tags?post=94011"}],"curies":[{"name":"wp","href":"https:\/\/api.w.org\/{rel}","templated":true}]}}