{"id":94026,"date":"2025-10-01T04:46:11","date_gmt":"2025-10-01T04:46:11","guid":{"rendered":"https:\/\/www.europesays.com\/pt\/94026\/"},"modified":"2025-10-01T04:46:11","modified_gmt":"2025-10-01T04:46:11","slug":"filho-da-floresta-cuida-quatro-cinco-um","status":"publish","type":"post","link":"https:\/\/www.europesays.com\/pt\/94026\/","title":{"rendered":"Filho da floresta cuida &#8211; Quatro cinco um"},"content":{"rendered":"<p>\u201cTudo tem m\u00e3e na mata\u201d, \u00e9 assim que o livro come\u00e7a para dizer das coisas vivas que formam a floresta. Est\u00e1 tudo enredado, ligado e protegido. Bicho tem m\u00e3e; \u00e1rvore, rio e montanha t\u00eam m\u00e3e. A floresta tamb\u00e9m tem m\u00e3e, e o seu nome \u00e9 Curupira.<\/p>\n<p>Maickson Serr\u00e3o, contador dessa hist\u00f3ria, avisa (e quem avisa amigo \u00e9): quando voc\u00ea for entrar ali, \u00e9 bom pedir licen\u00e7a para ela, afinal a m\u00e3e \u00e9 a guardi\u00e3 da mata. Cuidadora que \u00e9, a gente j\u00e1 pode at\u00e9 imaginar, a Curupira \u00e9 invis\u00edvel. O que nem todo mundo sabe imaginar \u00e9 que, para cuidar, ela pode assumir a forma que quiser. Ela vira bicho, vira vento e vira tempestade. Ent\u00e3o, se for preciso, ela pode te assustar e te mandar embora.<\/p>\n<p>Essa m\u00e3e, a Curupira, \u00e9 um ser encantado da floresta, e, no universo das encantarias, cada um dos encantados tem seus m\u00e9todos para proteger a mata e seus segredos. Os ind\u00edgenas e ribeirinhos podem perceber sua presen\u00e7a e lhe pedem resguardo. A Curupira cuida deles \u2014 e eles tamb\u00e9m cuidam da floresta: as pessoas que vivem na floresta s\u00e3o tamb\u00e9m floresta e, sem elas, a floresta n\u00e3o fica de p\u00e9. Em algumas situa\u00e7\u00f5es, os encantados protetores podem, tamb\u00e9m, dar medo, mas, principalmente, eles inspiram respeito.<\/p>\n<p>Cultura oral<\/p>\n<p>A m\u00e3e da mata, livro que chega numa edi\u00e7\u00e3o linda da editora Caixote, \u00e9 uma hist\u00f3ria tecida entre os desenhos de Chico Santos e o texto-voz de Maickson Serr\u00e3o, ind\u00edgena tupinamb\u00e1, ribeirinho da Reserva Extrativista Tapaj\u00f3s-Arapiun, na Amaz\u00f4nia Paraense.<\/p>\n<p><img loading=\"lazy\" decoding=\"async\" width=\"1024\" height=\"659\" src=\"data:image\/svg+xml,%3Csvg%20xmlns='http:\/\/www.w3.org\/2000\/svg'%20viewBox='0%200%201024%20659'%3E%3C\/svg%3E\" alt=\"\" data-lazy- data-lazy- data-lazy-src=\"https:\/\/www.europesays.com\/pt\/wp-content\/uploads\/2025\/10\/a-mae-da-mata_arara-azul-1024x659.jpg\"\/><\/p>\n<p>Ilustra\u00e7\u00e3o de Chico Santos (Divulga\u00e7\u00e3o)<\/p>\n<p>\t\t\t<a data-no-instant=\"1\" href=\"https:\/\/quatrocincoum.com.br\/assine\" rel=\"noopener nofollow sponsored\" class=\"adv-link\" target=\"_blank\" aria-label=\"Group 3008\"><\/p>\n<p><img loading=\"lazy\" decoding=\"async\" src=\"data:image\/svg+xml,%3Csvg%20xmlns='http:\/\/www.w3.org\/2000\/svg'%20viewBox='0%200%201056%20270'%3E%3C\/svg%3E\" alt=\"\" width=\"1056\" height=\"270\" data-lazy-src=\"https:\/\/www.europesays.com\/pt\/wp-content\/uploads\/2025\/07\/Group-3008-1.png\"\/><\/p>\n<p><\/a><\/p>\n<p>Filho de uma cultura de oralidades, Maickson cresceu escutando esta e muitas outras hist\u00f3rias da boca de sua av\u00f3 Zoraide e de sua tia Maur\u00edcia. Para cuidar desse patrim\u00f4nio, ele criou o Pavulagem, podcast de conta\u00e7\u00e3o de hist\u00f3rias tradicionais e fant\u00e1sticas da floresta amaz\u00f4nica. Fez ainda o curta-metragem de anima\u00e7\u00e3o A origem da noite, que conta (com acessibilidade em Libras) uma hist\u00f3ria bonita do povo mau\u00e9. O livro \u00e9 mais um cap\u00edtulo em seu plano de resgate e preserva\u00e7\u00e3o da cultura oral ribeirinha e ind\u00edgena da regi\u00e3o.<\/p>\n<p>Pavulagem, na Amaz\u00f4nia, \u00e9 um jeito de se referir \u00e0s pessoas que gostam de se mostrar, e Maickson diz que gosta mesmo. Mas Pavu, quando se mostra, d\u00e1 a ver tanta coisa, tanta coisa que n\u00e3o \u00e9 coisa\u2026<\/p>\n<p>Pessoa-floresta que \u00e9, nos contando as hist\u00f3rias que animam seu povo, Pavu ensina a dimens\u00e3o da interdepend\u00eancia no cuidado. No leque que abre em seu cortejo, esse movimento de exibir a cauda pr\u00f3prio dos pav\u00f5es, Pavulagem traz em sua plumagem tudo que o constitui. Ele \u00e9 filho que cuida. Em suas hist\u00f3rias, apresenta outra experi\u00eancia de tempo e de encontro, e tamb\u00e9m d\u00e1 lugar \u00e0s pessoas que guardam as hist\u00f3rias que ele vai nos contar.<\/p>\n<blockquote class=\"s-eye dashed-top\"><p>\n    Para defender a Amaz\u00f4nia, tem que defender quem vive nela, e escutar suas hist\u00f3rias \u00e9 um bom come\u00e7o\n<\/p><\/blockquote>\n<p>Para a sorte das crian\u00e7as que as escutam, as hist\u00f3rias dos Encantados da Amaz\u00f4nia n\u00e3o se contam na dimens\u00e3o moralizante das f\u00e1bulas, e, tamb\u00e9m diferentemente das f\u00e1bulas, os entes ali presentes n\u00e3o s\u00e3o animais humanizados. Toda a experi\u00eancia viva \u2014 n\u00f3s, os bichos, as plantas, os rios e as montanhas \u2014 assume o estatuto leg\u00edtimo da alteridade e comp\u00f5e a rede de rela\u00e7\u00f5es que se forma para fazer a vida acontecer. N\u00f3s somos apenas um dos elementos dessa rede que inclui todos os outros seres vivos e animados, esses que, muitas vezes, n\u00f3s, n\u00e3o ind\u00edgenas das cidades, n\u00e3o enxergamos nem escutamos.<\/p>\n<p>Ao chegarmos perto desse patrim\u00f4nio, notamos tamb\u00e9m que aqueles que poder\u00edamos perceber como her\u00f3is e hero\u00ednas, os protagonistas da hist\u00f3ria, aparecem em sua dimens\u00e3o desejante: suas contradi\u00e7\u00f5es e imperfei\u00e7\u00f5es t\u00eam lugar, interesses ficam expostos, as disputas apresentam o jogo de for\u00e7as que comp\u00f5em a vida.<\/p>\n<p><img loading=\"lazy\" decoding=\"async\" width=\"1024\" height=\"659\" src=\"data:image\/svg+xml,%3Csvg%20xmlns='http:\/\/www.w3.org\/2000\/svg'%20viewBox='0%200%201024%20659'%3E%3C\/svg%3E\" alt=\"\" data-lazy- data-lazy- data-lazy-src=\"https:\/\/www.europesays.com\/pt\/wp-content\/uploads\/2025\/10\/a-mae-da-mata_curupira_sem-lettering-1024x659.jpg\"\/><\/p>\n<p>Ilustra\u00e7\u00e3o de Chico Santos (Divulga\u00e7\u00e3o)<\/p>\n<p>Que Pavulagem tenha escolhido falar com as crian\u00e7as e feito essas hist\u00f3rias chegarem at\u00e9 aqui \u00e9 mais uma oportunidade que a floresta nos d\u00e1 de redimensionar a experi\u00eancia interesp\u00e9cies de cuidado e entender que, para ficarmos vivos, a floresta tem que vir primeiro. \u00c9 como Maickson costuma dizer: \u201cSe os n\u00e3o ind\u00edgenas tivessem aprendido com a gente, o mundo talvez estivesse melhor\u201d. Para defender a Amaz\u00f4nia, tem que defender quem vive nela, e escutar suas hist\u00f3rias \u00e9 um bom come\u00e7o.<\/p>\n<p>\t<a data-no-instant=\"1\" href=\"https:\/\/quatrocincoum.com.br\/assine\" rel=\"noopener nofollow sponsored\" class=\"adv-link\" target=\"_blank\" aria-label=\"Group 3010\"><\/p>\n<p><img loading=\"lazy\" decoding=\"async\" src=\"data:image\/svg+xml,%3Csvg%20xmlns='http:\/\/www.w3.org\/2000\/svg'%20viewBox='0%200%201056%20270'%3E%3C\/svg%3E\" alt=\"\" width=\"1056\" height=\"270\" data-lazy-src=\"https:\/\/www.europesays.com\/pt\/wp-content\/uploads\/2025\/07\/Group-3010-1.png\"\/><\/p>\n<p><\/a><\/p>\n","protected":false},"excerpt":{"rendered":"\u201cTudo tem m\u00e3e na mata\u201d, \u00e9 assim que o livro come\u00e7a para dizer das coisas vivas que formam&hellip;\n","protected":false},"author":2,"featured_media":94027,"comment_status":"","ping_status":"","sticky":false,"template":"","format":"standard","meta":{"footnotes":""},"categories":[143],"tags":[169,114,115,170,32,33],"class_list":{"0":"post-94026","1":"post","2":"type-post","3":"status-publish","4":"format-standard","5":"has-post-thumbnail","7":"category-livros","8":"tag-books","9":"tag-entertainment","10":"tag-entretenimento","11":"tag-livros","12":"tag-portugal","13":"tag-pt"},"share_on_mastodon":{"url":"","error":""},"_links":{"self":[{"href":"https:\/\/www.europesays.com\/pt\/wp-json\/wp\/v2\/posts\/94026","targetHints":{"allow":["GET"]}}],"collection":[{"href":"https:\/\/www.europesays.com\/pt\/wp-json\/wp\/v2\/posts"}],"about":[{"href":"https:\/\/www.europesays.com\/pt\/wp-json\/wp\/v2\/types\/post"}],"author":[{"embeddable":true,"href":"https:\/\/www.europesays.com\/pt\/wp-json\/wp\/v2\/users\/2"}],"replies":[{"embeddable":true,"href":"https:\/\/www.europesays.com\/pt\/wp-json\/wp\/v2\/comments?post=94026"}],"version-history":[{"count":0,"href":"https:\/\/www.europesays.com\/pt\/wp-json\/wp\/v2\/posts\/94026\/revisions"}],"wp:featuredmedia":[{"embeddable":true,"href":"https:\/\/www.europesays.com\/pt\/wp-json\/wp\/v2\/media\/94027"}],"wp:attachment":[{"href":"https:\/\/www.europesays.com\/pt\/wp-json\/wp\/v2\/media?parent=94026"}],"wp:term":[{"taxonomy":"category","embeddable":true,"href":"https:\/\/www.europesays.com\/pt\/wp-json\/wp\/v2\/categories?post=94026"},{"taxonomy":"post_tag","embeddable":true,"href":"https:\/\/www.europesays.com\/pt\/wp-json\/wp\/v2\/tags?post=94026"}],"curies":[{"name":"wp","href":"https:\/\/api.w.org\/{rel}","templated":true}]}}