{"id":94037,"date":"2025-10-01T05:33:18","date_gmt":"2025-10-01T05:33:18","guid":{"rendered":"https:\/\/www.europesays.com\/pt\/94037\/"},"modified":"2025-10-01T05:33:18","modified_gmt":"2025-10-01T05:33:18","slug":"mais-de-287-mil-pessoas-vacinadas-contra-a-gripe-e-covid-19-na-primeira-semana-radio-voz-da-planicie-104-5fm","status":"publish","type":"post","link":"https:\/\/www.europesays.com\/pt\/94037\/","title":{"rendered":"Mais de 287 mil pessoas vacinadas contra a gripe e covid-19 na primeira semana | R\u00e1dio Voz da Plan\u00edcie &#8211; 104.5FM"},"content":{"rendered":"<p>J\u00e1 contra a covid-19, foram vacinadas, na primeira semana da campanha de vacina\u00e7\u00e3o sazonal, 105.264 pessoas, mais de metade (58.169) nas farm\u00e1cias e as restantes 47.095 no SNS.&#13;\n<\/p>\n<p>Sob o lema \u201cVacine-se e proteja os momentos mais importantes&#8221;, a campanha sazonal, que arrancou em 23 de setembro, traz este ano como novidade a vacina\u00e7\u00e3o gratuita contra a gripe para todas as crian\u00e7as entre os 6 e os 23 meses e comparticipada para as que t\u00eam entre os 2 e os 5 anos.&#13;\n<\/p>\n<p>A DGS recomenda a vacina\u00e7\u00e3o contra a gripe e a covid-19 a todos os maiores de 60 anos, aos doentes cr\u00f3nicos de todas as idades e aos profissionais de sa\u00fade, recordando a import\u00e2ncia da imuniza\u00e7\u00e3o contra estes v\u00edrus.&#13;\n<\/p>\n<p>As pessoas entre os 60 e os 84 anos podem vacinar-se no centro de sa\u00fade ou nas farm\u00e1cias. Tal como na campanha anterior, os maiores de 85 anos, que est\u00e3o em maior risco de desenvolver gripe grave, ter\u00e3o acesso \u201ca uma vacina com uma dose refor\u00e7ada que confere uma prote\u00e7\u00e3o extra\u201d.&#13;\n<\/p>\n<p>Segundo os dados recolhidos, at\u00e9 dia 28 de setembro tinham sido vacinadas contra a gripe 26.625 pessoas com 85 anos ou mais, uma taxa de cobertura vacinal de 7,97%, a maior de todas as faixas et\u00e1rias. Na mesma faixa et\u00e1ria 18.721 pessoas (5,61%) receberam a vacina da covid-19.&#13;\n<\/p>\n<p>O total de pessoas com 60 anos ou mais vacinadas contra a gripe chegou na primeira semana aos 160.390 (5,34%), tendo 97.433 (3,24%) recebido a vacina contra a covid-19.&#13;\n<\/p>\n<p>A faixa et\u00e1ria com menor taxa de cobertura vacinal contra a gripe na primeira semana \u00e9 a dos 60-69 anos, com 3,61% (46.898 pessoas vacinadas), o mesmo acontecendo com a vacina contra a covid-19, administrada a 2% (25.959) desta popula\u00e7\u00e3o.&#13;\n<\/p>\n<p>A campanha de vacina\u00e7\u00e3o Sazonal outono-inverno 2025-2026 decorre at\u00e9 30 de abril de 2026, em unidades de sa\u00fade do SNS e em 2.500 farm\u00e1cias comunit\u00e1rias, e o objetivo da DGS \u00e9 vacinar cerca de 2,5 milh\u00f5es contra a gripe e 1,5 milh\u00e3o contra a covid-19 at\u00e9 ao Natal.&#13;\n<\/p>\n<p>O \u00faltimo boletim relativo \u00e0 campanha de vacina\u00e7\u00e3o sazonal de 2024-2025 indica que mais de 2,4 milh\u00f5es (2.405.201) de pessoas receberam a vacina da gripe e quase 1,6 milh\u00f5es (1.569.092) a da covid-19.<\/p>\n","protected":false},"excerpt":{"rendered":"J\u00e1 contra a covid-19, foram vacinadas, na primeira semana da campanha de vacina\u00e7\u00e3o sazonal, 105.264 pessoas, mais de&hellip;\n","protected":false},"author":2,"featured_media":94038,"comment_status":"","ping_status":"","sticky":false,"template":"","format":"standard","meta":{"footnotes":""},"categories":[86],"tags":[288,4261,4266,4262,836,611,260,4267,1564,3702,109,470,2535,315,135,476,4268,2085,524,116,294,352,4263,606,4269,3001,53,13,4282,4280,4281,4279,4278,4276,4277,4283,4284,4275,4274,4273,4264,3048,835,4270,52,32,33,766,3551,679,117,4265,58,110,2512,30,578,4271],"class_list":{"0":"post-94037","1":"post","2":"type-post","3":"status-publish","4":"format-standard","5":"has-post-thumbnail","7":"category-saude","8":"tag-alentejo","9":"tag-aljustrel","10":"tag-almodovar","11":"tag-alvito","12":"tag-analise","13":"tag-ao-minuto","14":"tag-atualidade","15":"tag-barrancos","16":"tag-beja","17":"tag-castro-verde","18":"tag-ciencia","19":"tag-cinema","20":"tag-cuba","21":"tag-cultura","22":"tag-desporto","23":"tag-economia","24":"tag-ferreira-do-alentejo","25":"tag-fotografia","26":"tag-futebol","27":"tag-health","28":"tag-lazer","29":"tag-local","30":"tag-mertola","31":"tag-meteorologia","32":"tag-moura","33":"tag-multimedia","34":"tag-newsletters","35":"tag-noticias","36":"tag-noticias-de-ciencia","37":"tag-noticias-de-cultura","38":"tag-noticias-de-desporto","39":"tag-noticias-de-economia","40":"tag-noticias-de-local","41":"tag-noticias-de-politica","42":"tag-noticias-de-sociedade","43":"tag-noticias-de-tecnologia","44":"tag-noticias-em-portugues","45":"tag-noticias-mais-lidas","46":"tag-noticias-mais-partilhadas","47":"tag-noticias-populares","48":"tag-odemira","49":"tag-online","50":"tag-opiniao","51":"tag-ourique","52":"tag-politica","53":"tag-portugal","54":"tag-pt","55":"tag-radio","56":"tag-regiao","57":"tag-reportagem","58":"tag-saude","59":"tag-serpa","60":"tag-sociedade","61":"tag-tecnologia","62":"tag-ultima-hora","63":"tag-ultimas-noticias","64":"tag-video","65":"tag-vidigueira"},"share_on_mastodon":{"url":"","error":""},"_links":{"self":[{"href":"https:\/\/www.europesays.com\/pt\/wp-json\/wp\/v2\/posts\/94037","targetHints":{"allow":["GET"]}}],"collection":[{"href":"https:\/\/www.europesays.com\/pt\/wp-json\/wp\/v2\/posts"}],"about":[{"href":"https:\/\/www.europesays.com\/pt\/wp-json\/wp\/v2\/types\/post"}],"author":[{"embeddable":true,"href":"https:\/\/www.europesays.com\/pt\/wp-json\/wp\/v2\/users\/2"}],"replies":[{"embeddable":true,"href":"https:\/\/www.europesays.com\/pt\/wp-json\/wp\/v2\/comments?post=94037"}],"version-history":[{"count":0,"href":"https:\/\/www.europesays.com\/pt\/wp-json\/wp\/v2\/posts\/94037\/revisions"}],"wp:featuredmedia":[{"embeddable":true,"href":"https:\/\/www.europesays.com\/pt\/wp-json\/wp\/v2\/media\/94038"}],"wp:attachment":[{"href":"https:\/\/www.europesays.com\/pt\/wp-json\/wp\/v2\/media?parent=94037"}],"wp:term":[{"taxonomy":"category","embeddable":true,"href":"https:\/\/www.europesays.com\/pt\/wp-json\/wp\/v2\/categories?post=94037"},{"taxonomy":"post_tag","embeddable":true,"href":"https:\/\/www.europesays.com\/pt\/wp-json\/wp\/v2\/tags?post=94037"}],"curies":[{"name":"wp","href":"https:\/\/api.w.org\/{rel}","templated":true}]}}