{"id":94078,"date":"2025-10-01T06:34:11","date_gmt":"2025-10-01T06:34:11","guid":{"rendered":"https:\/\/www.europesays.com\/pt\/94078\/"},"modified":"2025-10-01T06:34:11","modified_gmt":"2025-10-01T06:34:11","slug":"trump-acena-com-um-inimigo-interno-e-hegseth-nao-quer-generais-gordos","status":"publish","type":"post","link":"https:\/\/www.europesays.com\/pt\/94078\/","title":{"rendered":"Trump acena com um \u201cinimigo interno\u201d e Hegseth n\u00e3o quer generais \u201cgordos\u201d"},"content":{"rendered":"<p style=\"display: inline;\">\n                    Os \u00faltimos meses t\u00eam sido pr\u00f3digos no ditado da Administra\u00e7\u00e3o Trump aos anais da hist\u00f3ria do que \u00e9 o perfil desejado pelos novos republicanos para o pa\u00eds e para o arqu\u00e9tipo do cidad\u00e3o americano. No dia da tomada de posse do 47.\u00ba presidente dos Estados Unidos vimos um Donald Trump animado enquanto dan\u00e7ava no meio do Village People. Talvez um equ\u00edvoco do milion\u00e1rio, agora dedicado a perseguir a diversidade e em busca de uma certa ordem para a Am\u00e9rica.\n<\/p>\n<p>Esta ter\u00e7a-feira, Donald Trump rumou \u00e0 base e centro de treino dos fuzileiros na Virg\u00ednia para explicar essa lista de prioridades ao aparelho militar americano. Donald Trump ter\u00e1 sido igual a si pr\u00f3prio, num discurso centrado em si mesmo e apontando a todos aqueles que considera seus inimigos, o que por norma vale observa\u00e7\u00f5es que t\u00eam t\u00e3o pouco de lisonjeadoras como de verdadeiras contra os jornalistas, os advers\u00e1rios democratas, muitas das vezes apontados n\u00e3o como advers\u00e1rios mas como inimigos, e contra os legisladores que o contrariam.<\/p>\n<p>Foi o que aconteceu esta tarde em Quantico, mas o violento discurso entregue por Trump \u00e0 elite militar do pa\u00eds, de acordo com a France Presse, foi acolhido por um sil\u00eancio dos generais e almirantes reunidos na base militar dos fuzileiros. Igual para o apelo \u00e0s altas chefias no sentido de se mobilizarem contra o \u201cinimigo interno\u201d.<\/p>\n<p>Rotulando de \u201cinimigo interno\u201d essa agenda MAGA de luta contra os imigrantes indocumentados, contra o jornalismo e a oposi\u00e7\u00e3o em Washington. Trump ter-se-\u00e1 lan\u00e7ado em Quantico numa diatribe violenta contra os seus \u00f3dios de estima\u00e7\u00e3o, com a ag\u00eancia France Presse a sublinhar que n\u00e3o \u00e9 normal um presidente entrar pela via das considera\u00e7\u00f5es partid\u00e1rias quando perante este tipo de plateias. Mas Trump n\u00e3o \u00e9 um presidente normal no respeitante ao politicamente correto.<\/p>\n<p>Quando deixava a Casa Branca para se dirigir a este encontro de generais, afirmou: \u201cSe houver algu\u00e9m de quem n\u00e3o goste, despe\u00e7o-o imediatamente\u201d. Reafirmaria depois esta ideia dizendo diretamente \u00e0s altas patentes que quem n\u00e3o estivesse com ele podia ir-se embora.<br \/>&#13;<br \/>\nHegseth quer limpar os destro\u00e7os<b><br \/>&#13;<br \/>\n<\/b>Sobre o inimigo interno agora nomeado, Trump falou das cidades \u201cgeridas pelos democratas da esquerda radical (&#8230;) San Francisco, Chicago, Nova Iorque, Los Angeles\u201d.<\/p>\n<p>\u201cS\u00e3o lugares perigosos. E n\u00f3s vamos coloc\u00e1-las em ordem uma a uma e isso ser\u00e1 algo muito importante para algumas pessoas nesta sala. \u00c9 tamb\u00e9m uma guerra. \u00c9 uma guerra interna\u201d, afirmou o presidente, lamentando as cr\u00edticas que mereceu por ter enviado militares para v\u00e1rias cidades para combater a criminalidade e a imigra\u00e7\u00e3o ilegal.<\/p>\n<p>Pete Hegseth, estrela da Fox News e agora l\u00edder do Pent\u00e1gono \u2013 o nov\u00edssimo Minist\u00e9rio da Guerra de Donald Trump, anteriormente designado por Minist\u00e9rio da Defesa \u2013, tinha apontado a decad\u00eancia do setor militar para dizer que o ex\u00e9rcito devia virar as costas a \u201cd\u00e9cadas de decl\u00ednio\u201d devido \u00e0s pol\u00edticas de diversidade.<\/p>\n<p>&#8220;Estamos a limpar os destro\u00e7os&#8221;, afirmou Hegseth, a quem incomodam os cabelos compridos e as barbas no ex\u00e9rcito.<\/p>\n<p>\u201cTorn\u00e1mo-nos no Minist\u00e9rio do woke, mas isso acabou\u201d, anuncio o chefe do Pent\u00e1gono, para assegurar que a escolha dos militares passaria a obedecer \u201capenas ao mais elevado padr\u00e3o masculino\u201d.<\/p>\n<p>A observa\u00e7\u00e3o do secret\u00e1rio da Defesa foi mais longe, com Pete Hegseth a apontar a um modelo em que os militares passar\u00e3o a estar bem barbeados, com cabelo curto e na melhor forma f\u00edsica: \u201c[\u00c9] inaceit\u00e1vel ver generais e almirantes com excesso de peso\u201d.<\/p>\n<p>A luta contra as altera\u00e7\u00f5es clim\u00e1ticas, o ass\u00e9dio, l\u00edderes \u201ct\u00f3xicos\u201d ou ainda a promo\u00e7\u00e3o baseada na ra\u00e7a e no g\u00e9nero s\u00e3o outros \u201cres\u00edduos ideol\u00f3gicos\u201d que Hegseth diz deixados pela anterior administra\u00e7\u00e3o e que promete apagar no seu minist\u00e9rio.&#13;\n<\/p>\n<p>&#13;<br \/>\nPete Hegseth n\u00e3o se coibiu de enunciar um lema para estes tempos que a\u00ed v\u00eam: &#8220;FAFO&#8221;. Numa tradu\u00e7\u00e3o livre desta sigla teremos &#8220;F* Around and Find Out&#8221;, que funciona como uma amea\u00e7a: &#8220;Faz m* e vais ver&#8221;.&#13;\n<\/p>\n<p>&#13;<br \/>\nO chefe dos militares prometeu mudan\u00e7as profundas na forma como as queixas de discrimina\u00e7\u00e3o s\u00e3o tratadas e como as acusa\u00e7\u00f5es de m\u00e1 conduta s\u00e3o investigadas no Pent\u00e1gono, afirmando que o sistema atual deixa os altos dirigentes a andar sobre &#8216;casca de ovo&#8217;.&#13;<\/p>\n","protected":false},"excerpt":{"rendered":"Os \u00faltimos meses t\u00eam sido pr\u00f3digos no ditado da Administra\u00e7\u00e3o Trump aos anais da hist\u00f3ria do que \u00e9&hellip;\n","protected":false},"author":2,"featured_media":94079,"comment_status":"","ping_status":"","sticky":false,"template":"","format":"standard","meta":{"footnotes":""},"categories":[50],"tags":[27,28,92,15,16,21895,14,25,26,21,22,62,12,13,19,20,21894,23,24,17,18,29,30,31,63,64,65],"class_list":{"0":"post-94078","1":"post","2":"type-post","3":"status-publish","4":"format-standard","5":"has-post-thumbnail","7":"category-mundo","8":"tag-breaking-news","9":"tag-breakingnews","10":"tag-donald-trump","11":"tag-featured-news","12":"tag-featurednews","13":"tag-generais","14":"tag-headlines","15":"tag-latest-news","16":"tag-latestnews","17":"tag-main-news","18":"tag-mainnews","19":"tag-mundo","20":"tag-news","21":"tag-noticias","22":"tag-noticias-principais","23":"tag-noticiasprincipais","24":"tag-pete-hegseth","25":"tag-principais-noticias","26":"tag-principaisnoticias","27":"tag-top-stories","28":"tag-topstories","29":"tag-ultimas","30":"tag-ultimas-noticias","31":"tag-ultimasnoticias","32":"tag-world","33":"tag-world-news","34":"tag-worldnews"},"share_on_mastodon":{"url":"","error":""},"_links":{"self":[{"href":"https:\/\/www.europesays.com\/pt\/wp-json\/wp\/v2\/posts\/94078","targetHints":{"allow":["GET"]}}],"collection":[{"href":"https:\/\/www.europesays.com\/pt\/wp-json\/wp\/v2\/posts"}],"about":[{"href":"https:\/\/www.europesays.com\/pt\/wp-json\/wp\/v2\/types\/post"}],"author":[{"embeddable":true,"href":"https:\/\/www.europesays.com\/pt\/wp-json\/wp\/v2\/users\/2"}],"replies":[{"embeddable":true,"href":"https:\/\/www.europesays.com\/pt\/wp-json\/wp\/v2\/comments?post=94078"}],"version-history":[{"count":0,"href":"https:\/\/www.europesays.com\/pt\/wp-json\/wp\/v2\/posts\/94078\/revisions"}],"wp:featuredmedia":[{"embeddable":true,"href":"https:\/\/www.europesays.com\/pt\/wp-json\/wp\/v2\/media\/94079"}],"wp:attachment":[{"href":"https:\/\/www.europesays.com\/pt\/wp-json\/wp\/v2\/media?parent=94078"}],"wp:term":[{"taxonomy":"category","embeddable":true,"href":"https:\/\/www.europesays.com\/pt\/wp-json\/wp\/v2\/categories?post=94078"},{"taxonomy":"post_tag","embeddable":true,"href":"https:\/\/www.europesays.com\/pt\/wp-json\/wp\/v2\/tags?post=94078"}],"curies":[{"name":"wp","href":"https:\/\/api.w.org\/{rel}","templated":true}]}}