{"id":94212,"date":"2025-10-01T09:50:14","date_gmt":"2025-10-01T09:50:14","guid":{"rendered":"https:\/\/www.europesays.com\/pt\/94212\/"},"modified":"2025-10-01T09:50:14","modified_gmt":"2025-10-01T09:50:14","slug":"os-3-vestidos-de-noiva-de-selena-gomez-saiba-qual-e-a-grife","status":"publish","type":"post","link":"https:\/\/www.europesays.com\/pt\/94212\/","title":{"rendered":"Os 3 vestidos de noiva de Selena Gomez: Saiba qual \u00e9 a grife"},"content":{"rendered":"<p>A atriz e cantora <a href=\"https:\/\/caras.com.br\/tags\/selena-gomez\" rel=\"nofollow noopener\" target=\"_blank\"><strong>Selena Gomez<\/strong><\/a>, que \u00e9 protagonista da s\u00e9rie Only Murders in the Building, est\u00e1 casada! Ela oficializou o seu casamento com o produtor musical <a href=\"https:\/\/caras.com.br\/tags\/benny-blanco\" rel=\"nofollow noopener\" target=\"_blank\"><strong>Benny Blanco<\/strong><\/a> no \u00faltimo s\u00e1bado, 27 de setembro, em uma cerim\u00f4nia rom\u00e2ntica na Calif\u00f3rnia, Estados Unidos. Para o seu grande dia, ela usou 3 vestidos de noiva.<\/p>\n<p>Nesta ter\u00e7a-feira, 30, a artista compartilhou fotos dos tr\u00eas looks para que os f\u00e3s pudessem ver os detalhes de cada um deles. Inclusive, a morena contou que os modelitos foram produzidos pela grife de luxo Ralph Lauren.<\/p>\n<p>Para come\u00e7ar, Selena usou um vestido branco estilo frente \u00fanica, com gola alta com detalhes de renda e um la\u00e7o. O modelito feito em cetim destacou as costas dela em um decote, teve cauda longa e v\u00e9u de tecido flu\u00eddo.<\/p>\n<p>Logo depois, a estrela surgiu com um vestido de renda com transpar\u00eancia. O modelito deu um toque de sensualidade para a noiva, que escolheu renda que ia ficando mais transparente ao longo da saia.<\/p>\n<p>Por fim, para se jogar na pista de dan\u00e7a, Selena Gomes usou outro modelito branco no tamanho midi, que permitiu que ela dan\u00e7asse e se sentisse mais \u00e0 vontade ao celebrar sua uni\u00e3o.<\/p>\n<p> <img loading=\"lazy\" decoding=\"async\" class=\"wp-image-1011622 size-full img-fluid lazy\" alt=\"Selena Gomez mostra fotos do seu casamento - Foto: Reprodu\u00e7\u00e3o \/ Instagram @selenagomez\" width=\"1080\" height=\"1439\" src=\"https:\/\/www.europesays.com\/pt\/wp-content\/uploads\/2025\/10\/selena-gomez-vestido-de-noiva-6.jpg\"  \/>Selena Gomez mostra fotos do seu casamento \u2013 Foto: Reprodu\u00e7\u00e3o \/ Instagram @selenagomez <img loading=\"lazy\" decoding=\"async\" class=\"wp-image-1011617 size-full img-fluid lazy\" alt=\"Selena Gomez mostra fotos do seu casamento - Foto: Reprodu\u00e7\u00e3o \/ Instagram @selenagomez\" width=\"1080\" height=\"1440\" src=\"https:\/\/www.europesays.com\/pt\/wp-content\/uploads\/2025\/10\/selena-gomez-vestido-de-noiva-1.jpg\"  \/>Selena Gomez mostra fotos do seu casamento \u2013 Foto: Reprodu\u00e7\u00e3o \/ Instagram @selenagomez <img loading=\"lazy\" decoding=\"async\" class=\"wp-image-1011619 size-full img-fluid lazy\" alt=\"Selena Gomez mostra fotos do seu casamento - Foto: Reprodu\u00e7\u00e3o \/ Instagram @selenagomez\" width=\"1080\" height=\"1439\" src=\"https:\/\/www.europesays.com\/pt\/wp-content\/uploads\/2025\/10\/selena-gomez-vestido-de-noiva-3.jpg\"  \/>Selena Gomez mostra fotos do seu casamento \u2013 Foto: Reprodu\u00e7\u00e3o \/ Instagram @selenagomez <img loading=\"lazy\" decoding=\"async\" class=\"wp-image-1011618 size-full img-fluid lazy\" alt=\"Selena Gomez mostra fotos do seu casamento - Foto: Reprodu\u00e7\u00e3o \/ Instagram @selenagomez\" width=\"1080\" height=\"1440\" src=\"https:\/\/www.europesays.com\/pt\/wp-content\/uploads\/2025\/10\/selena-gomez-vestido-de-noiva-2.jpg\"  \/>Selena Gomez mostra fotos do seu casamento \u2013 Foto: Reprodu\u00e7\u00e3o \/ Instagram @selenagomez <img loading=\"lazy\" decoding=\"async\" class=\"wp-image-1011620 size-full img-fluid lazy\" alt=\"Selena Gomez mostra fotos do seu casamento - Foto: Reprodu\u00e7\u00e3o \/ Instagram @selenagomez\" width=\"1080\" height=\"1440\" src=\"https:\/\/www.europesays.com\/pt\/wp-content\/uploads\/2025\/10\/selena-gomez-vestido-de-noiva-4.jpg\"  \/>Selena Gomez mostra fotos do seu casamento \u2013 Foto: Reprodu\u00e7\u00e3o \/ Instagram @selenagomez <img loading=\"lazy\" decoding=\"async\" class=\"wp-image-1011621 size-full img-fluid lazy\" alt=\"Selena Gomez mostra fotos do seu casamento - Foto: Reprodu\u00e7\u00e3o \/ Instagram @selenagomez\" width=\"1080\" height=\"1440\" src=\"https:\/\/www.europesays.com\/pt\/wp-content\/uploads\/2025\/10\/selena-gomez-vestido-de-noiva-5.jpg\"  \/>Selena Gomez mostra fotos do seu casamento \u2013 Foto: Reprodu\u00e7\u00e3o \/ Instagram @selenagomez <\/p>\n<blockquote class=\"instagram-media\" style=\"background: #FFF; border: 0; border-radius: 3px; box-shadow: 0 0 1px 0 rgba(0,0,0,0.5),0 1px 10px 0 rgba(0,0,0,0.15); margin: 1px; max-width: 540px; min-width: 326px; padding: 0; width: calc(100% - 2px);\" data-instgrm-captioned=\"\" data-instgrm-permalink=\"https:\/\/www.instagram.com\/p\/DPPm_jEEmcS\/?utm_source=ig_embed&amp;utm_campaign=loading\" data-instgrm-version=\"14\"><\/blockquote>\n<p>  O cabelo da noiva Selena Gomez <\/p>\n<p>Os detalhes do penteado de Selena Gomez foram revelados pela revista People. O visual dela foi feito pelo cabeleireiro das celebridades Renato Campora, que usou produtos da linha capilar Joico.<\/p>\n<p>O profissional lavou o cabelo dela duas vezes com shampoo protetor e aplicou uma m\u00e1scara de tratamento por 30 minutos. Ele secou os fios com uma toalha e usou um pente fino para fazer a risca lateral perfeita. Ent\u00e3o, ele aplicou a espuma em cada mecha de cinco cent\u00edmetros e secou o cabelo com uma escova redonda grande. Ele ainda usou um modelador de cachos de 1,9 cm e terminou o penteado com o spray finalizador.<\/p>\n<p>\u201cAo preparar o cabelo de Selena Gomez para uma celebra\u00e7\u00e3o de alegria, uni\u00e3o e amor, cada detalhe tinha que ser perfeito. O resultado final foi um Hollywood Glamour Marcel Wave Bob impec\u00e1vel, atemporal e com apar\u00eancia saud\u00e1vel para um dia de beleza e perfei\u00e7\u00e3o\u201d, disse ele.<\/p>\n<p><strong>Leia tamb\u00e9m<\/strong>: <a href=\"https:\/\/caras.com.br\/noivas\/selena-gomez-esta-casada-veja-as-primeiras-fotos-do-casamento-com-benny-blanco.phtml\" rel=\"nofollow noopener\" target=\"_blank\">As primeiras fotos do casamento de Selena Gomez e a hist\u00f3ria de amor dela e do marido<\/a><\/p>\n<p>        <a href=\"https:\/\/caras.com.br\/autor\/priscilla-comoti\" rel=\"nofollow noopener\" target=\"_blank\">&#13;<br \/>\n          <img alt=\"Priscilla Comoti\" src=\"https:\/\/www.europesays.com\/pt\/wp-content\/uploads\/2025\/10\/1759312213_536_e53883bdf02c542f6517b68879e8cb08b27a1d55c4dfd53577e47d3ab6331a06\"  class=\"avatar avatar-115 photo rounded-circle mr-3\" height=\"115\" width=\"115\" loading=\"lazy\" decoding=\"async\"\/>        <\/a><\/p>\n<p>Priscilla Comoti \u00e9 editora de conte\u00fado do site CARAS. Ela \u00e9 formada em jornalismo e em audiovisual, j\u00e1 passou pelos sites Contigo!, Minha Novela, TiTiTi, Mais Novela e Portal M\u00e1rcia Piovesan. Escreve sobre celebridades, not\u00edcias sobre a fam\u00edlia real brit\u00e2nica, TV, reality show e novelas.<\/p>\n<p>\t                                            <script async src=\"\/\/www.instagram.com\/embed.js\"><\/script><\/p>\n","protected":false},"excerpt":{"rendered":"A atriz e cantora Selena Gomez, que \u00e9 protagonista da s\u00e9rie Only Murders in the Building, est\u00e1 casada!&hellip;\n","protected":false},"author":2,"featured_media":94213,"comment_status":"","ping_status":"","sticky":false,"template":"","format":"standard","meta":{"footnotes":""},"categories":[145],"tags":[19864,1435,211,210,114,115,23365,8550,32,33,7464,2684],"class_list":{"0":"post-94212","1":"post","2":"type-post","3":"status-publish","4":"format-standard","5":"has-post-thumbnail","7":"category-celebridades","8":"tag-benny-blanco","9":"tag-casamento","10":"tag-celebridades","11":"tag-celebrities","12":"tag-entertainment","13":"tag-entretenimento","14":"tag-grife","15":"tag-penteado","16":"tag-portugal","17":"tag-pt","18":"tag-selena-gomez","19":"tag-vestido-de-noiva"},"share_on_mastodon":{"url":"","error":""},"_links":{"self":[{"href":"https:\/\/www.europesays.com\/pt\/wp-json\/wp\/v2\/posts\/94212","targetHints":{"allow":["GET"]}}],"collection":[{"href":"https:\/\/www.europesays.com\/pt\/wp-json\/wp\/v2\/posts"}],"about":[{"href":"https:\/\/www.europesays.com\/pt\/wp-json\/wp\/v2\/types\/post"}],"author":[{"embeddable":true,"href":"https:\/\/www.europesays.com\/pt\/wp-json\/wp\/v2\/users\/2"}],"replies":[{"embeddable":true,"href":"https:\/\/www.europesays.com\/pt\/wp-json\/wp\/v2\/comments?post=94212"}],"version-history":[{"count":0,"href":"https:\/\/www.europesays.com\/pt\/wp-json\/wp\/v2\/posts\/94212\/revisions"}],"wp:featuredmedia":[{"embeddable":true,"href":"https:\/\/www.europesays.com\/pt\/wp-json\/wp\/v2\/media\/94213"}],"wp:attachment":[{"href":"https:\/\/www.europesays.com\/pt\/wp-json\/wp\/v2\/media?parent=94212"}],"wp:term":[{"taxonomy":"category","embeddable":true,"href":"https:\/\/www.europesays.com\/pt\/wp-json\/wp\/v2\/categories?post=94212"},{"taxonomy":"post_tag","embeddable":true,"href":"https:\/\/www.europesays.com\/pt\/wp-json\/wp\/v2\/tags?post=94212"}],"curies":[{"name":"wp","href":"https:\/\/api.w.org\/{rel}","templated":true}]}}