{"id":94222,"date":"2025-10-01T10:01:40","date_gmt":"2025-10-01T10:01:40","guid":{"rendered":"https:\/\/www.europesays.com\/pt\/94222\/"},"modified":"2025-10-01T10:01:40","modified_gmt":"2025-10-01T10:01:40","slug":"vinho-com-pontuacao-90-100-esta-com-desconto-de-70-no-pingo-doce","status":"publish","type":"post","link":"https:\/\/www.europesays.com\/pt\/94222\/","title":{"rendered":"Vinho com pontua\u00e7\u00e3o 90\/100 est\u00e1 com desconto de 70% no Pingo Doce"},"content":{"rendered":"<p>H\u00e1 quem guarde os vinhos para momentos especiais e quem n\u00e3o passe uma refei\u00e7\u00e3o sem um bom copo de tinto. Para qualquer um deles, temos uma proposta: um vinho em promo\u00e7\u00e3o no Pingo Doce.\u00a0<\/p>\n<p>Falamos do <a href=\"https:\/\/www.pingodoce.pt\/home\/produtos\/bebidas\/vinho-tinto\/vinho-tinto-lisboa-pancas-pica-bagos-pica-bagos-990140.html?\" target=\"_blank\" rel=\"nofollow noopener\">vinho tinto\u00a0Lisboa Pancas Pica Bagos<\/a>, um vinho distinguido pelo\u00a0en\u00f3logo do Pingo Doce, Frederico Vilar Gomes, que deixa uma nota sobre esta refer\u00eancia.\u00a0<\/p>\n<p>&#8220;Produzido nas encostas quentes de Alenquer, juntando castas francesas e portuguesas. Este \u00e9 um vinho concentrado, intenso e de forte sabor frutado&#8221;, afirma o en\u00f3logo. Foi\u00a0Frederico Vilar Gomes quem classificou o vinho, com uma pontua\u00e7\u00e3o de 90 em 100 pontos, o que equivale \u00e0 distin\u00e7\u00e3o &#8220;excecional&#8221;.\u00a0<\/p>\n<p>Este \u00e9 um vinho que vai bem com o outono, em particular com os pratos da esta\u00e7\u00e3o, mais quentes e mais pesados, como se quer para harmonizar devidamente um vinho tinto.\u00a0<\/p>\n<p>Cada copo fica por um valor bem simp\u00e1tico, gra\u00e7as a uma promo\u00e7\u00e3o no Pingo Doce. Em vez do valor habitual de \u20ac9,99, este vinho encontra-se com uma promo\u00e7\u00e3o de 70%, deixando-o por um valor final de \u20ac2,99. \u00c9 uma promo\u00e7\u00e3o que se mant\u00e9m em vigor a partir de 30 de setembro.<\/p>\n<p>Na galeria de imagens, mostramos este vinho e outras refer\u00eancias para acompanhar o teu outono.\u00a0<\/p>\n","protected":false},"excerpt":{"rendered":"H\u00e1 quem guarde os vinhos para momentos especiais e quem n\u00e3o passe uma refei\u00e7\u00e3o sem um bom copo&hellip;\n","protected":false},"author":2,"featured_media":94223,"comment_status":"","ping_status":"","sticky":false,"template":"","format":"standard","meta":{"footnotes":""},"categories":[83],"tags":[1081,88,204,89,90,754,186,1079,3366,32,2406,33,1078,1080,3911],"class_list":{"0":"post-94222","1":"post","2":"type-post","3":"status-publish","4":"format-standard","5":"has-post-thumbnail","7":"category-empresas","8":"tag-beleza","9":"tag-business","10":"tag-design","11":"tag-economy","12":"tag-empresas","13":"tag-gastronomia","14":"tag-lifestyle","15":"tag-moda","16":"tag-pingo-doce","17":"tag-portugal","18":"tag-promocao","19":"tag-pt","20":"tag-versa","21":"tag-viagens","22":"tag-vinho"},"share_on_mastodon":{"url":"","error":""},"_links":{"self":[{"href":"https:\/\/www.europesays.com\/pt\/wp-json\/wp\/v2\/posts\/94222","targetHints":{"allow":["GET"]}}],"collection":[{"href":"https:\/\/www.europesays.com\/pt\/wp-json\/wp\/v2\/posts"}],"about":[{"href":"https:\/\/www.europesays.com\/pt\/wp-json\/wp\/v2\/types\/post"}],"author":[{"embeddable":true,"href":"https:\/\/www.europesays.com\/pt\/wp-json\/wp\/v2\/users\/2"}],"replies":[{"embeddable":true,"href":"https:\/\/www.europesays.com\/pt\/wp-json\/wp\/v2\/comments?post=94222"}],"version-history":[{"count":0,"href":"https:\/\/www.europesays.com\/pt\/wp-json\/wp\/v2\/posts\/94222\/revisions"}],"wp:featuredmedia":[{"embeddable":true,"href":"https:\/\/www.europesays.com\/pt\/wp-json\/wp\/v2\/media\/94223"}],"wp:attachment":[{"href":"https:\/\/www.europesays.com\/pt\/wp-json\/wp\/v2\/media?parent=94222"}],"wp:term":[{"taxonomy":"category","embeddable":true,"href":"https:\/\/www.europesays.com\/pt\/wp-json\/wp\/v2\/categories?post=94222"},{"taxonomy":"post_tag","embeddable":true,"href":"https:\/\/www.europesays.com\/pt\/wp-json\/wp\/v2\/tags?post=94222"}],"curies":[{"name":"wp","href":"https:\/\/api.w.org\/{rel}","templated":true}]}}