{"id":94242,"date":"2025-10-01T10:22:04","date_gmt":"2025-10-01T10:22:04","guid":{"rendered":"https:\/\/www.europesays.com\/pt\/94242\/"},"modified":"2025-10-01T10:22:04","modified_gmt":"2025-10-01T10:22:04","slug":"vem-ai-em-a-fazenda-crime-de-alba-e-descoberto-novelas","status":"publish","type":"post","link":"https:\/\/www.europesays.com\/pt\/94242\/","title":{"rendered":"Vem a\u00ed em \u00abA Fazenda\u00bb: Crime de Alba \u00e9 descoberto &#8211; Novelas"},"content":{"rendered":"<p>Em \u00abA Fazenda\u00bb, <a href=\"https:\/\/tvi.iol.pt\/novelas\/videos\/vania-e-duarte-roubam-leti\/674711290cf28c51602e3c65\" rel=\"nofollow noopener\" target=\"_blank\">Duarte (Cl\u00e1udio de Castro)<\/a>\u00a0olha sequioso para o dinheiro que <a href=\"https:\/\/tvi.iol.pt\/novelas\/ator\/alba-meireles\/67348fd7d34e94b829075f7d\" target=\"_blank\" rel=\"nofollow noopener\">Alba (S\u00e3o Jos\u00e9 Correia)<\/a>\u00a0lhe entrega, e assegura que n\u00e3o o vai gastar em droga. Alba diz ao filho que vai tratar de o tirar de Angola, dizendo ser <a href=\"https:\/\/tvi.iol.pt\/novelas\/videos\/foi-assim-que-lukenia-soube-que-samuel-e-filho-de-gaspar\/6772bbdc0cf28c51602e4db1\" rel=\"nofollow noopener\" target=\"_blank\">Lukenia (Rita Cruz)<\/a>\u00a0quem os vai ajudar.<\/p>\n<p>Lukenia recusa a Alba emprestar-lhe o seu jato para ela viajar para Lisboa, com Alba a ripostar que nesse caso conta a <a href=\"https:\/\/tvi.iol.pt\/novelas\/ator\/eva-borges-lacerda\/67348807d34e94b829075ef1\" target=\"_blank\" rel=\"nofollow noopener\"><strong data-end=\"548\" data-start=\"540\">Talu (Evandro Gomes)<\/strong><\/a>\u00a0que <a href=\"https:\/\/tvi.iol.pt\/novelas\/videos\/a-fazenda-a-dificil-historia-de-vida-de-zuri\/6824bb120cf28cf88767feb9\" wbo-id=\"51\" rel=\"nofollow noopener\" target=\"_blank\">Zuri (Madalena Arag\u00e3o<\/a>) nunca esteve gr\u00e1vida. Lukenia muda de postura e acede ao pedido.<\/p>\n<p>Alba olha gelada para <a href=\"https:\/\/tvi.iol.pt\/novelas\/videos\/para-ele-retirar-a-queixa-tu-prometeste-que-te-afastavas-de-mim\/67924a3a0cf216cd3ad316a6\" wbo-id=\"52\" rel=\"nofollow noopener\" target=\"_blank\">Gaspar (Nuno Lopes<\/a>) a acus\u00e1-la de ter sido ela quem atropelou Zuri, j\u00e1 tendo descoberto que foi ela quem alugou o carro que colidiu com a mota dela.<\/p>\n<p>Gaspar acusa Alba de ter entregado a viatura que alugou com o para-choques amolgado, indo tratar de denunci\u00e1-la \u00e0 pol\u00edcia. Alba aflita anui ter estado com Lukenia, dizendo-lhe que pode confirmar isso com ela.<\/p>\n","protected":false},"excerpt":{"rendered":"Em \u00abA Fazenda\u00bb, Duarte (Cl\u00e1udio de Castro)\u00a0olha sequioso para o dinheiro que Alba (S\u00e3o Jos\u00e9 Correia)\u00a0lhe entrega, e&hellip;\n","protected":false},"author":2,"featured_media":94243,"comment_status":"","ping_status":"","sticky":false,"template":"","format":"standard","meta":{"footnotes":""},"categories":[142],"tags":[160,166,114,115,157,167,164,161,2378,158,165,159,32,33,156,655,163,151,162],"class_list":{"0":"post-94242","1":"post","2":"type-post","3":"status-publish","4":"format-standard","5":"has-post-thumbnail","7":"category-tv","8":"tag-ana-guiomar","9":"tag-cristina-ferreira","10":"tag-entertainment","11":"tag-entretenimento","12":"tag-festa-e-festa","13":"tag-ficcao","14":"tag-jose-fidalgo","15":"tag-novelas","16":"tag-nuno-lopes","17":"tag-para-sempre","18":"tag-pedro-sousa","19":"tag-pedro-teixeira","20":"tag-portugal","21":"tag-pt","22":"tag-queridos-papas","23":"tag-sao-jose-correia","24":"tag-tiago-teotonio-pereira","25":"tag-tv","26":"tag-tvi"},"share_on_mastodon":{"url":"","error":""},"_links":{"self":[{"href":"https:\/\/www.europesays.com\/pt\/wp-json\/wp\/v2\/posts\/94242","targetHints":{"allow":["GET"]}}],"collection":[{"href":"https:\/\/www.europesays.com\/pt\/wp-json\/wp\/v2\/posts"}],"about":[{"href":"https:\/\/www.europesays.com\/pt\/wp-json\/wp\/v2\/types\/post"}],"author":[{"embeddable":true,"href":"https:\/\/www.europesays.com\/pt\/wp-json\/wp\/v2\/users\/2"}],"replies":[{"embeddable":true,"href":"https:\/\/www.europesays.com\/pt\/wp-json\/wp\/v2\/comments?post=94242"}],"version-history":[{"count":0,"href":"https:\/\/www.europesays.com\/pt\/wp-json\/wp\/v2\/posts\/94242\/revisions"}],"wp:featuredmedia":[{"embeddable":true,"href":"https:\/\/www.europesays.com\/pt\/wp-json\/wp\/v2\/media\/94243"}],"wp:attachment":[{"href":"https:\/\/www.europesays.com\/pt\/wp-json\/wp\/v2\/media?parent=94242"}],"wp:term":[{"taxonomy":"category","embeddable":true,"href":"https:\/\/www.europesays.com\/pt\/wp-json\/wp\/v2\/categories?post=94242"},{"taxonomy":"post_tag","embeddable":true,"href":"https:\/\/www.europesays.com\/pt\/wp-json\/wp\/v2\/tags?post=94242"}],"curies":[{"name":"wp","href":"https:\/\/api.w.org\/{rel}","templated":true}]}}