{"id":94295,"date":"2025-10-01T11:17:08","date_gmt":"2025-10-01T11:17:08","guid":{"rendered":"https:\/\/www.europesays.com\/pt\/94295\/"},"modified":"2025-10-01T11:17:08","modified_gmt":"2025-10-01T11:17:08","slug":"sao-cristovao-tera-campanha-de-vacinacao-antirrabica-confira-os-locais","status":"publish","type":"post","link":"https:\/\/www.europesays.com\/pt\/94295\/","title":{"rendered":"S\u00e3o Crist\u00f3v\u00e3o ter\u00e1 campanha de vacina\u00e7\u00e3o antirr\u00e1bica; confira os locais"},"content":{"rendered":"<p>\t\t\t\t\t\t\t\t\t\t<a href=\"https:\/\/www.europesays.com\/pt\/wp-content\/uploads\/2025\/10\/vacinacao_300925_ascomsaocristovao.jpg\"><img loading=\"lazy\" decoding=\"async\" class=\"size-full wp-image-605537\" src=\"https:\/\/www.europesays.com\/pt\/wp-content\/uploads\/2025\/10\/vacinacao_300925_ascomsaocristovao.jpg\" alt=\"\" width=\"550\" height=\"330\"  \/><\/a>(Foto: Prefeitura de S\u00e3o Crist\u00f3v\u00e3o)<\/p>\n<p>A Prefeitura de S\u00e3o Crist\u00f3v\u00e3o, por meio da Secretaria Municipal de Sa\u00fade (SMS), dar\u00e1 in\u00edcio nesta sexta-feira, dia 3, \u00e0 Campanha de Vacina\u00e7\u00e3o Antirr\u00e1bica. A a\u00e7\u00e3o tem como objetivo proteger c\u00e3es e gatos contra a raiva, uma doen\u00e7a grave e de alta letalidade, que pode ser transmitida ao ser humano por meio de mordida, arranh\u00e3o ou lambedura de animais infectados.<\/p>\n<p>A vacina\u00e7\u00e3o acontecer\u00e1 sempre \u00e0s sextas e s\u00e1bados do m\u00eas de outubro, das 9h \u00e0s 16h, contemplando a regi\u00e3o do Centro Hist\u00f3rico e a Grande Rosa Elze. Al\u00e9m disso, durante todo o m\u00eas, a campanha se estender\u00e1 aos povoados, onde a vacina\u00e7\u00e3o ser\u00e1 realizada de porta em porta, alcan\u00e7ando localidades como Arame I, Cardoso, Col\u00f4nia Miranda e Rita Cacete, entre outras.<\/p>\n<p>\u201cEssa metodologia tem como objetivo ampliar a cobertura vacinal, garantindo o acesso da popula\u00e7\u00e3o residente em \u00e1reas mais afastadas e de dif\u00edcil deslocamento at\u00e9 os pontos fixos. As equipes ir\u00e3o percorrer os domic\u00edlios, vacinando c\u00e3es e gatos diretamente nas resid\u00eancias, assegurando maior alcance, comodidade para os moradores e redu\u00e7\u00e3o dos riscos de circula\u00e7\u00e3o do v\u00edrus da raiva\u201d, explica Daniella Fraga, coordenadora de Vigil\u00e2ncia Ambiental de S\u00e3o Crist\u00f3v\u00e3o.<\/p>\n<p>De acordo com o Departamento de Inform\u00e1tica do SUS (DATASUS), o munic\u00edpio possui cerca de 13 mil c\u00e3es e gatos domiciliados. Em 2024, foram vacinados 12.825 animais, e somente entre janeiro e agosto de 2025 j\u00e1 foram imunizados 4.534. A expectativa \u00e9 ampliar ainda mais esse n\u00famero com a nova campanha.<\/p>\n<p>\u201cParticipar da campanha \u00e9 um ato de cuidado, responsabilidade e cidadania, protegendo os animais, as fam\u00edlias e fortalecendo a sa\u00fade \u00fanica, que integra a sa\u00fade animal, humana e ambiental\u201d, refor\u00e7a Daniella Fraga.<\/p>\n<p><strong>Orienta\u00e7\u00f5es aos tutores<\/strong><\/p>\n<p>Podem ser vacinados animais a partir dos tr\u00eas meses de idade. Para receber a dose, \u00e9 necess\u00e1rio que o tutor segure o pet durante a aplica\u00e7\u00e3o. Recomenda-se levar c\u00e3es na coleira e gatos em caixa de transporte, sempre acompanhados por um respons\u00e1vel adulto. Cada pessoa deve conduzir apenas um animal por vez, portando o cart\u00e3o de vacina\u00e7\u00e3o do bichinho.<\/p>\n<p><strong>Sobre a raiva<\/strong><\/p>\n<p>A raiva \u00e9 uma doen\u00e7a que afeta o sistema nervoso central e pode ser rapidamente fatal, tanto em animais quanto em humanos. Seus principais transmissores s\u00e3o animais silvestres, como morcegos, saguis, raposas e macacos, que contaminam c\u00e3es, gatos e pessoas de forma acidental. Entre os sintomas mais comuns est\u00e3o saliva\u00e7\u00e3o excessiva, agressividade, tristeza, dificuldade para engolir, latido rouco e paralisia das patas traseiras.<\/p>\n<p><strong>Calend\u00e1rio de Vacina\u00e7\u00e3o Antirr\u00e1bica<\/strong><\/p>\n<p><strong>03 e 04\/10 \u2013 09h \u00e0s 16h<\/strong><\/p>\n<p>Ao lado da UBS Dr. Raimundo Arag\u00e3o (Alto da Divin\u00e9ia)<\/p>\n<p>Bica dos Pintos (Lourival Batista)<\/p>\n<p>Em frente \u00e0 EMEF Maria Jos\u00e9 Pinto Fontes (Lourival Batista)<\/p>\n<p>Pra\u00e7a Hor\u00e1cio Souza Lima (Rosa Elze)<\/p>\n<p>Em frente \u00e0 EMEF Francisco da Costa Batista (Rosa Elze)<\/p>\n<p>Associa\u00e7\u00e3o Jo\u00e3o de Barro (Jardim Universit\u00e1rio)<\/p>\n<p>\u00a0<\/p>\n<p><strong>10 e 11\/10 \u2013 09h \u00e0s 16h<\/strong><\/p>\n<p>Estacionamento da F\u00e1brica Intergriffes (Lourival Batista)<\/p>\n<p>Pra\u00e7a do Apicum (Irineu Neri)<\/p>\n<p>Em frente \u00e0 EMEF Dr. Lourival Batista (Romualdo Prado)<\/p>\n<p>Facilita S\u00e3o Crist\u00f3v\u00e3o (Eduardo Gomes)<\/p>\n<p>Pra\u00e7a N. Sra. de F\u00e1tima \u2013 Final de Linha (Eduardo Gomes)<\/p>\n<p>Pra\u00e7a da Igreja Nossa Senhora do Loreto (Eduardo Gomes)<\/p>\n<p>\u00a0<\/p>\n<p><strong>17 e 18\/10 \u2013 09h \u00e0s 16h<\/strong><\/p>\n<p>Pra\u00e7a da Matriz (Centro Hist\u00f3rico)<\/p>\n<p>Pra\u00e7a Jo\u00e3o Ferreira dos Reis (Centro Hist\u00f3rico)<\/p>\n<p>Barcurau (Centro Hist\u00f3rico)<\/p>\n<p>Igreja Nossa Senhora das Gra\u00e7as (Tijuquinha)<\/p>\n<p>Em frente \u00e0 UBS Bruno Kaique (Madre Paulina)<\/p>\n<p>Rua Acentino Petu, 286 (Madre Paulina)<\/p>\n<p>\u00a0<\/p>\n<p><strong>24 e 25\/10 \u2013 09h \u00e0s 16h<\/strong><\/p>\n<p>Rua do Cemit\u00e9rio \u2013 Ladeira da Colina (S\u00e3o Gon\u00e7alo)<\/p>\n<p>Campo do Roch\u00e3o (Loteamento Lauro Rocha)<\/p>\n<p>Em frente a EMEF Jo\u00e3o Francisco de Andrade (S\u00e3o Gon\u00e7alo)<\/p>\n<p>Pra\u00e7a S\u00e9rgio Souza da Rocha J\u00fanior (Rosa Maria)<\/p>\n<p>Ao lado da EMEF Josinalva Santos da Silva (Rosa Maria)<\/p>\n<p>Pra\u00e7a Marisa Let\u00edcia Lula da Silva (Luiz Alves)<\/p>\n<p>\u00a0<\/p>\n<p>Fonte: Prefeitura de S\u00e3o Crist\u00f3v\u00e3o<\/p>\n","protected":false},"excerpt":{"rendered":"(Foto: Prefeitura de S\u00e3o Crist\u00f3v\u00e3o) A Prefeitura de S\u00e3o Crist\u00f3v\u00e3o, por meio da Secretaria Municipal de Sa\u00fade (SMS),&hellip;\n","protected":false},"author":2,"featured_media":94296,"comment_status":"","ping_status":"","sticky":false,"template":"","format":"standard","meta":{"footnotes":""},"categories":[86],"tags":[23378,1661,116,32,33,117,23379],"class_list":{"0":"post-94295","1":"post","2":"type-post","3":"status-publish","4":"format-standard","5":"has-post-thumbnail","7":"category-saude","8":"tag-campanhadevacinacaoantirrabica","9":"tag-destaque","10":"tag-health","11":"tag-portugal","12":"tag-pt","13":"tag-saude","14":"tag-saudeanimal"},"share_on_mastodon":{"url":"","error":""},"_links":{"self":[{"href":"https:\/\/www.europesays.com\/pt\/wp-json\/wp\/v2\/posts\/94295","targetHints":{"allow":["GET"]}}],"collection":[{"href":"https:\/\/www.europesays.com\/pt\/wp-json\/wp\/v2\/posts"}],"about":[{"href":"https:\/\/www.europesays.com\/pt\/wp-json\/wp\/v2\/types\/post"}],"author":[{"embeddable":true,"href":"https:\/\/www.europesays.com\/pt\/wp-json\/wp\/v2\/users\/2"}],"replies":[{"embeddable":true,"href":"https:\/\/www.europesays.com\/pt\/wp-json\/wp\/v2\/comments?post=94295"}],"version-history":[{"count":0,"href":"https:\/\/www.europesays.com\/pt\/wp-json\/wp\/v2\/posts\/94295\/revisions"}],"wp:featuredmedia":[{"embeddable":true,"href":"https:\/\/www.europesays.com\/pt\/wp-json\/wp\/v2\/media\/94296"}],"wp:attachment":[{"href":"https:\/\/www.europesays.com\/pt\/wp-json\/wp\/v2\/media?parent=94295"}],"wp:term":[{"taxonomy":"category","embeddable":true,"href":"https:\/\/www.europesays.com\/pt\/wp-json\/wp\/v2\/categories?post=94295"},{"taxonomy":"post_tag","embeddable":true,"href":"https:\/\/www.europesays.com\/pt\/wp-json\/wp\/v2\/tags?post=94295"}],"curies":[{"name":"wp","href":"https:\/\/api.w.org\/{rel}","templated":true}]}}