{"id":94297,"date":"2025-10-01T11:21:08","date_gmt":"2025-10-01T11:21:08","guid":{"rendered":"https:\/\/www.europesays.com\/pt\/94297\/"},"modified":"2025-10-01T11:21:08","modified_gmt":"2025-10-01T11:21:08","slug":"taliban-impoem-apagao-nacional-da-internet-e-telecomunicacoes-no-afeganistao-asia","status":"publish","type":"post","link":"https:\/\/www.europesays.com\/pt\/94297\/","title":{"rendered":"Taliban imp\u00f5em apag\u00e3o nacional da Internet e telecomunica\u00e7\u00f5es no Afeganist\u00e3o | \u00c1sia"},"content":{"rendered":"<p>O <a href=\"https:\/\/www.publico.pt\/afeganistao\" rel=\"nofollow noopener\" target=\"_blank\">Afeganist\u00e3o<\/a> entrou, esta semana, no seu primeiro apag\u00e3o total de Internet e de telecomunica\u00e7\u00f5es desde <a href=\"https:\/\/www.publico.pt\/2021\/08\/15\/mundo\/noticia\/afeganistao-talibans-ja-comecaram-entrar-cabul-1974156\" rel=\"nofollow noopener\" target=\"_blank\">o regresso dos taliban ao <\/a><a href=\"https:\/\/www.publico.pt\/2021\/08\/15\/mundo\/noticia\/afeganistao-talibans-ja-comecaram-entrar-cabul-1974156\" rel=\"nofollow noopener\" target=\"_blank\">poder<\/a>, em 2021. As autoridades cortaram a rede nacional de fibra \u00f3ptica na noite de segunda-feira, alegando tratar-se de uma medida contra o \u201cv\u00edcio\u201d e a \u201cimoralidade\u201d. O bloqueio, que n\u00e3o tem prazo definido, deixou o pa\u00eds praticamente isolado do resto do mundo, com a conectividade reduzida a menos de 1% dos n\u00edveis normais, segundo o grupo de monitoriza\u00e7\u00e3o da Internet NetBlocks.<\/p>\n<p>Este corte abrangeu milhares de antenas de telecomunica\u00e7\u00f5es e afectou tamb\u00e9m os servi\u00e7os m\u00f3veis, paralisando comunica\u00e7\u00f5es pessoais e profissionais. Fontes do Governo taliban admitiram que entre oito mil e nove mil pilares de telecomunica\u00e7\u00f5es foram desligados e que a suspens\u00e3o vigorar\u00e1 \u201cat\u00e9 novo aviso\u201d. Diplomatas internacionais e ag\u00eancias da ONU confirmaram que as suas opera\u00e7\u00f5es ficaram gravemente limitadas, recorrendo agora a r\u00e1dios e a liga\u00e7\u00f5es via sat\u00e9lite.<\/p>\n<p>&#8220;Por causa do encerramento, estou totalmente desconectado da minha fam\u00edlia em Cabul&#8221;, disse \u00e0 ag\u00eancia noticiosa France-Press, por mensagem de texto, um afeg\u00e3o de 40 anos que vive em Om\u00e3 e que pediu para n\u00e3o ser identificado. &#8220;N\u00e3o sei o que est\u00e1 a acontecer, estou muito preocupado.&#8221;<\/p>\n<p>Apesar dos alertas internos para o impacto econ\u00f3mico, o l\u00edder supremo dos taliban, o \u201cmullah\u201d\u200b <a href=\"http:\/\/publico.pt\/2021\/08\/18\/mundo\/noticia\/manda-taliban-1974555?ref=pesquisa&amp;cx=page__content\" rel=\"nofollow noopener\" target=\"_blank\">Hibatullah Akhundzada<\/a>, ter\u00e1 insistido na medida. A 16 de Setembro, j\u00e1 havia imposto cortes selectivos em v\u00e1rias prov\u00edncias \u2014 de Kandahar e Helmand, no Sul, a Badakhshan e Takhar, no Norte \u2014 que agora se estenderam a todo o territ\u00f3rio.<\/p>\n<p>O grupo NetBlocks considera, tamb\u00e9m, o bloqueio \u201cconsistente com um corte intencional do servi\u00e7o\u201d e classificam-no como um acto de repress\u00e3o digital destinado a controlar a popula\u00e7\u00e3o e reduzir a dissid\u00eancia.<\/p>\n<p>Organiza\u00e7\u00f5es internacionais sublinham, ainda, que a suspens\u00e3o da rede digital impede transac\u00e7\u00f5es comerciais, bloqueia pagamentos electr\u00f3nicos e deixa sem acesso a informa\u00e7\u00e3o a grande parte da popula\u00e7\u00e3o. Os bancos registaram filas extensas para levantamentos, mas muitos n\u00e3o conseguiram fornecer dinheiro suficiente. Em algumas prov\u00edncias, todas as ag\u00eancias banc\u00e1rias permaneceram fechadas. Para muitos afeg\u00e3os, o blackout \u00e9 visto como uma forma de tortura psicol\u00f3gica, ao cortar o \u00faltimo elo com o exterior.<\/p>\n<p>As consequ\u00eancias do apag\u00e3o foram imediatas. O aeroporto internacional de Cabul, capital do Afeganist\u00e3o, ficou praticamente paralisado. Segundo dados do servi\u00e7o de rastreamento FlightRadar24, v\u00e1rios voos foram cancelados ou marcados com o estado &#8220;desconhecido&#8221; em plataformas de monitoriza\u00e7\u00e3o. Passageiros relataram que n\u00e3o estavam previstas partidas at\u00e9, pelo menos, quinta-feira.<\/p>\n<p>O impacto \u00e9 particularmente severo para <a href=\"https:\/\/www.publico.pt\/2021\/08\/05\/mundo\/noticia\/mulheres-afegas-estao-perigo-avanco-taliban-alerta-human-rights-watch-1973172\" rel=\"nofollow noopener\" target=\"_blank\">as mulheres<\/a>, cuja participa\u00e7\u00e3o no ensino e no mercado de trabalho j\u00e1 se encontrava fortemente restringida pelo regime taliban. Perderam a liga\u00e7\u00e3o a empregos digitais e a cursos online, um dos \u00faltimos canais de autonomia econ\u00f3mica e acesso \u00e0 educa\u00e7\u00e3o. Uma estudante universit\u00e1ria disse \u00e0 BBC que, ao descobrir que a Internet tinha sido cortada, \u201co mundo pareceu escuro\u201d.<\/p>\n<p>Para analistas e grupos de defesa de direitos humanos, o corte da Internet n\u00e3o \u00e9 apenas uma medida t\u00e9cnica, mas parte de uma estrat\u00e9gia de repress\u00e3o mais ampla do regime taliban. Desde o <a href=\"https:\/\/www.publico.pt\/2021\/08\/17\/fotogaleria\/dez-imagens-marcam-dias-apos-queda-cabul-406618\" rel=\"nofollow noopener\" target=\"_blank\">regresso ao poder<\/a> em 2021, o Governo imp\u00f4s restri\u00e7\u00f5es severas aos direitos das mulheres, limitou a <a href=\"https:\/\/www.publico.pt\/2021\/09\/01\/mundo\/noticia\/jornalista-afega-entrevistou-portavoz-taliban-fugiu-cabul-1975984\" rel=\"nofollow noopener\" target=\"_blank\">liberdade de imprensa<\/a> e proibiu o ensino de direitos humanos. O bloqueio digital surge agora como um novo instrumento de controlo social.<\/p>\n<p>Num pa\u00eds onde a Internet era uma das \u00faltimas liga\u00e7\u00f5es ao exterior e uma <a href=\"https:\/\/www.publico.pt\/2024\/08\/29\/p3\/noticia\/lei-silencio-mulheres-afegas-cantam-internet-desafiam-taliban-2102201\" rel=\"nofollow noopener\" target=\"_blank\">rara ferramenta<\/a> de empoderamento feminino, o apag\u00e3o representa mais do que um corte tecnol\u00f3gico: \u00e9 um s\u00edmbolo do crescente isolamento do Afeganist\u00e3o sob o repressivo regime taliban.<\/p>\n<p><strong>Texto editado por Paulo Narig\u00e3o Reis<\/strong><\/p>\n","protected":false},"excerpt":{"rendered":"O Afeganist\u00e3o entrou, esta semana, no seu primeiro apag\u00e3o total de Internet e de telecomunica\u00e7\u00f5es desde o regresso&hellip;\n","protected":false},"author":2,"featured_media":94298,"comment_status":"","ping_status":"","sticky":false,"template":"","format":"standard","meta":{"footnotes":""},"categories":[50],"tags":[15560,367,27,28,3026,15,16,14,549,25,26,21,22,62,12,13,19,20,542,23,24,15561,17,18,29,30,31,63,64,65],"class_list":{"0":"post-94297","1":"post","2":"type-post","3":"status-publish","4":"format-standard","5":"has-post-thumbnail","7":"category-mundo","8":"tag-afeganistao","9":"tag-asia","10":"tag-breaking-news","11":"tag-breakingnews","12":"tag-direitos-humanos","13":"tag-featured-news","14":"tag-featurednews","15":"tag-headlines","16":"tag-internet","17":"tag-latest-news","18":"tag-latestnews","19":"tag-main-news","20":"tag-mainnews","21":"tag-mundo","22":"tag-news","23":"tag-noticias","24":"tag-noticias-principais","25":"tag-noticiasprincipais","26":"tag-para-redes","27":"tag-principais-noticias","28":"tag-principaisnoticias","29":"tag-taliban","30":"tag-top-stories","31":"tag-topstories","32":"tag-ultimas","33":"tag-ultimas-noticias","34":"tag-ultimasnoticias","35":"tag-world","36":"tag-world-news","37":"tag-worldnews"},"share_on_mastodon":{"url":"","error":""},"_links":{"self":[{"href":"https:\/\/www.europesays.com\/pt\/wp-json\/wp\/v2\/posts\/94297","targetHints":{"allow":["GET"]}}],"collection":[{"href":"https:\/\/www.europesays.com\/pt\/wp-json\/wp\/v2\/posts"}],"about":[{"href":"https:\/\/www.europesays.com\/pt\/wp-json\/wp\/v2\/types\/post"}],"author":[{"embeddable":true,"href":"https:\/\/www.europesays.com\/pt\/wp-json\/wp\/v2\/users\/2"}],"replies":[{"embeddable":true,"href":"https:\/\/www.europesays.com\/pt\/wp-json\/wp\/v2\/comments?post=94297"}],"version-history":[{"count":0,"href":"https:\/\/www.europesays.com\/pt\/wp-json\/wp\/v2\/posts\/94297\/revisions"}],"wp:featuredmedia":[{"embeddable":true,"href":"https:\/\/www.europesays.com\/pt\/wp-json\/wp\/v2\/media\/94298"}],"wp:attachment":[{"href":"https:\/\/www.europesays.com\/pt\/wp-json\/wp\/v2\/media?parent=94297"}],"wp:term":[{"taxonomy":"category","embeddable":true,"href":"https:\/\/www.europesays.com\/pt\/wp-json\/wp\/v2\/categories?post=94297"},{"taxonomy":"post_tag","embeddable":true,"href":"https:\/\/www.europesays.com\/pt\/wp-json\/wp\/v2\/tags?post=94297"}],"curies":[{"name":"wp","href":"https:\/\/api.w.org\/{rel}","templated":true}]}}