{"id":94314,"date":"2025-10-01T11:35:27","date_gmt":"2025-10-01T11:35:27","guid":{"rendered":"https:\/\/www.europesays.com\/pt\/94314\/"},"modified":"2025-10-01T11:35:27","modified_gmt":"2025-10-01T11:35:27","slug":"a-barbie-gaza-diz-que-nao-houve-violacoes-no-7-de-outubro-esta-com-mortagua-na-flotilha","status":"publish","type":"post","link":"https:\/\/www.europesays.com\/pt\/94314\/","title":{"rendered":"A &#8220;Barbie Gaza&#8221; diz que n\u00e3o houve viola\u00e7\u00f5es no 7 de Outubro. Est\u00e1 com Mort\u00e1gua na flotilha"},"content":{"rendered":"<p class=\"wp-caption-text top\">hananalcalde \/ Instagram<\/p>\n<p><img decoding=\"async\" loading=\"lazy\" class=\"wp-image-703054 size-kopa-image-size-3\" src=\"https:\/\/www.europesays.com\/pt\/wp-content\/uploads\/2025\/10\/2deb000b57bfac9d72c14d4ed967b572-2-783x450.jpg\" alt=\"\" width=\"700\" height=\"402\"  \/><\/p>\n<p class=\"wp-caption-text bot\">Ana Alcalde, \u201cBarbie Gaza\u201d (c)<\/p>\n<p><strong>Ana Alcalde acrescenta que uma das raparigas sequestradas pelo Hamas at\u00e9 se sentiu feia porque ningu\u00e9m lhe tocou enquanto esteve raptada.<\/strong><\/p>\n<p>Quando o <strong>Hamas<\/strong> atacou v\u00e1rios pontos de Israel, nesse dia <a href=\"https:\/\/zap.aeiou.pt\/se-tens-uma-arma-usa-a-hamas-convoca-levante-e-lanca-guerra-a-israel-560979\" data-wpel-link=\"internal\" rel=\"nofollow noopener\" target=\"_blank\">7 de Outubro<\/a> \u2013 e nos seguintes \u2013 foram cometidos v\u00e1rios <strong>crimes:<\/strong> massacres, homic\u00eddios em larga escala, sequestros, tortura, execu\u00e7\u00f5es, maus-tratos e viola\u00e7\u00f5es.<\/p>\n<p>Est\u00e3o registados diversos relatos de <strong>viola\u00e7\u00f5es sexuais,<\/strong> verificadas publica\u00e7\u00f5es de imagens sexualizadas; a ONU tem relat\u00f3rio sobre abusos (incluindo f\u00edsicos) a mulheres em Gaza.<\/p>\n<p>Mas <strong>Ana Alcalde<\/strong> acha que essa parte das viola\u00e7\u00f5es nunca aconteceu: \u201c<strong>\u00c9 mentira! S\u00e3o falsas as not\u00edcias sobre as viola\u00e7\u00f5es<\/strong>\u201d.<\/p>\n<p>Num programa do <a href=\"https:\/\/www.cuatro.com\/noticias\/espana\/20250925\/claudia-montes-habla-conversaciones-jose-luis-abalos-no-estan-completas_18_016686923.html\" data-wpel-link=\"external\" target=\"_blank\" rel=\"nofollow external noopener noreferrer\" class=\"ext-link\">Canal Cuatro<\/a>, a activista \u2013 conhecida como <strong>\u201cBarbie Gaza\u201d<\/strong> \u2013 assegurou que as raparigas que foram sequestradas por membros do Hamas, quando sa\u00edram, contaram que <strong>foram bem tratadas.<\/strong><\/p>\n<p>\u201c<strong>Uma delas at\u00e9 disse que se sentiu feia porque n\u00e3o lhe fizeram nada!<\/strong>\u201d, comentou Ana.<\/p>\n<p>Rapidamente foram publicados os v\u00eddeos a desmentir esta vers\u00e3o:<\/p>\n<blockquote class=\"twitter-tweet\">\n<p dir=\"ltr\" lang=\"es\">-A la izquierda Barbie Gaza diciendo que es un bulo que las rehenes fueran violadas, que hasta una se sinti\u00f3 fea porque no la tocaron (comentario nauseabundo)\ud83e\udd2e<\/p>\n<p>-A la derecha la reh\u00e9n liberada Amit Sousanna contando c\u00f3mo fue torturada y violada durante su cautiverio<\/p>\n<p>Tenemos\u2026 <a href=\"https:\/\/t.co\/2NtA9xFY74\" data-wpel-link=\"external\" target=\"_blank\" rel=\"nofollow external noopener noreferrer\" class=\"ext-link\">pic.twitter.com\/2NtA9xFY74<\/a><\/p>\n<p>\u2014 Acci\u00f3n y Comunicaci\u00f3n sobre Oriente Medio \u2013 ACOM (@ACOM_es) <a href=\"https:\/\/twitter.com\/ACOM_es\/status\/1971721969054703821?ref_src=twsrc%5Etfw\" data-wpel-link=\"external\" target=\"_blank\" rel=\"nofollow external noopener noreferrer\" class=\"ext-link\">September 26, 2025<\/a><\/p>\n<\/blockquote>\n<p>Num programa com ambiente tenso, no meio da discuss\u00e3o, a activista foi questionada sobre se apoia o Hamas. Respondeu: \u201c<strong>Estou contra os assassinatos<\/strong>, contra o sionismo, contra a supremacia\u201d.<\/p>\n<p>E refor\u00e7ou: \u201c<strong>N\u00e3o desejo a morte, nem mesmo aos israelitas<\/strong>; essa \u00e9 a diferen\u00e7a\u201d.<\/p>\n<p>Mais tarde, Ana queixou-se que<strong> a sua vida est\u00e1 em \u201cgrave risco\u201d<\/strong> depois daquele programa onde foi \u201csilenciada\u201d. Num <a href=\"https:\/\/www.youtube.com\/watch?v=mYQO6Yt--1E\" data-wpel-link=\"external\" target=\"_blank\" rel=\"nofollow external noopener noreferrer\" class=\"ext-link\">v\u00eddeo<\/a>, a activista nega estar ligada ao Hamas, refor\u00e7a que n\u00e3o desmente as mortes do dia 7 de Outubro, mas repete que rejeita ter havido viola\u00e7\u00f5es \u2013 porque<strong> \u201cn\u00e3o havia informa\u00e7\u00f5es verificadas\u201d<\/strong>. E chamou \u201cfascista\u201d ao programa do Canal Cuatro.<\/p>\n<p>Ana Alcalde \u00e9 uma das pessoas que est\u00e3o na <a href=\"https:\/\/zap.aeiou.pt\/governo-portugues-nao-vai-proteger-flotilha-a-gaza-espanha-fara-tudo-o-que-puder-697940\" data-wpel-link=\"internal\" rel=\"nofollow noopener\" target=\"_blank\">flotilha<\/a> humanit\u00e1ria rumo a Gaza, onde tamb\u00e9m est\u00e3o Mariana Mort\u00e1gua, Miguel Duarte e Sofia Apar\u00edcio. As embarca\u00e7\u00f5es sa\u00edram do porto de Creta, na Gr\u00e9cia, neste s\u00e1bado.<\/p>\n<p>    <a href=\"https:\/\/zap.aeiou.pt\/subscrever-newsletter\" data-wpel-link=\"internal\" rel=\"nofollow noopener\" target=\"_blank\">&#13;<br \/>\n        <img loading=\"lazy\" decoding=\"async\" class=\"aligncenter size-full wp-image-575475\" src=\"https:\/\/www.europesays.com\/pt\/wp-content\/uploads\/2025\/10\/2d51fe4a0ba54894421ead1809309ed9-1-450x140.jpg\" alt=\"Subscreva a Newsletter ZAP\" width=\"450\" height=\"140\"\/>&#13;<br \/>\n    <\/a><\/p>\n<p>                <a href=\"https:\/\/whatsapp.com\/channel\/0029VaIC4EE2f3EJZPPSbR34\" data-wpel-link=\"external\" target=\"_blank\" rel=\"nofollow external noopener noreferrer\" class=\"ext-link\">&#13;<br \/>\n                    <img loading=\"lazy\" decoding=\"async\" class=\"aligncenter size-full wp-image-575475\" src=\"https:\/\/www.europesays.com\/pt\/wp-content\/uploads\/2025\/10\/c68c559d956d4ca20f435ed74a6e71e6.png\" alt=\"Siga-nos no WhatsApp\" width=\"175\" height=\"64\"\/>&#13;<br \/>\n                <\/a><\/p>\n<p>                <a href=\"https:\/\/news.google.com\/publications\/CAAiEHRwZondIV71PDjWNoqMduEqFAgKIhB0cGaJ3SFe9Tw41jaKjHbh?hl=en-US&amp;gl=US&amp;ceid=US%3Aen\" data-wpel-link=\"external\" target=\"_blank\" rel=\"nofollow external noopener noreferrer\" class=\"ext-link\">&#13;<br \/>\n                    <img loading=\"lazy\" decoding=\"async\" class=\"aligncenter size-full wp-image-575475\" src=\"https:\/\/www.europesays.com\/pt\/wp-content\/uploads\/2025\/10\/5123dd8b087b644fdb8f8603acd1bad4.png\" alt=\"Siga-nos no Google News\" width=\"176\" height=\"64\"\/>&#13;<br \/>\n                <\/a><\/p>\n<p>                <script async src=\"https:\/\/platform.twitter.com\/widgets.js\" charset=\"utf-8\"><\/script><\/p>\n","protected":false},"excerpt":{"rendered":"hananalcalde \/ Instagram Ana Alcalde, \u201cBarbie Gaza\u201d (c) Ana Alcalde acrescenta que uma das raparigas sequestradas pelo Hamas&hellip;\n","protected":false},"author":2,"featured_media":94315,"comment_status":"","ping_status":"","sticky":false,"template":"","format":"standard","meta":{"footnotes":""},"categories":[50],"tags":[27,28,640,13129,15,16,13488,14,259,25,26,21,22,62,12,13,19,20,23,24,17,18,29,30,31,63,64,65],"class_list":{"0":"post-94314","1":"post","2":"type-post","3":"status-publish","4":"format-standard","5":"has-post-thumbnail","7":"category-mundo","8":"tag-breaking-news","9":"tag-breakingnews","10":"tag-espanha","11":"tag-fake-news","12":"tag-featured-news","13":"tag-featurednews","14":"tag-guerra-em-israel","15":"tag-headlines","16":"tag-israel","17":"tag-latest-news","18":"tag-latestnews","19":"tag-main-news","20":"tag-mainnews","21":"tag-mundo","22":"tag-news","23":"tag-noticias","24":"tag-noticias-principais","25":"tag-noticiasprincipais","26":"tag-principais-noticias","27":"tag-principaisnoticias","28":"tag-top-stories","29":"tag-topstories","30":"tag-ultimas","31":"tag-ultimas-noticias","32":"tag-ultimasnoticias","33":"tag-world","34":"tag-world-news","35":"tag-worldnews"},"share_on_mastodon":{"url":"","error":""},"_links":{"self":[{"href":"https:\/\/www.europesays.com\/pt\/wp-json\/wp\/v2\/posts\/94314","targetHints":{"allow":["GET"]}}],"collection":[{"href":"https:\/\/www.europesays.com\/pt\/wp-json\/wp\/v2\/posts"}],"about":[{"href":"https:\/\/www.europesays.com\/pt\/wp-json\/wp\/v2\/types\/post"}],"author":[{"embeddable":true,"href":"https:\/\/www.europesays.com\/pt\/wp-json\/wp\/v2\/users\/2"}],"replies":[{"embeddable":true,"href":"https:\/\/www.europesays.com\/pt\/wp-json\/wp\/v2\/comments?post=94314"}],"version-history":[{"count":0,"href":"https:\/\/www.europesays.com\/pt\/wp-json\/wp\/v2\/posts\/94314\/revisions"}],"wp:featuredmedia":[{"embeddable":true,"href":"https:\/\/www.europesays.com\/pt\/wp-json\/wp\/v2\/media\/94315"}],"wp:attachment":[{"href":"https:\/\/www.europesays.com\/pt\/wp-json\/wp\/v2\/media?parent=94314"}],"wp:term":[{"taxonomy":"category","embeddable":true,"href":"https:\/\/www.europesays.com\/pt\/wp-json\/wp\/v2\/categories?post=94314"},{"taxonomy":"post_tag","embeddable":true,"href":"https:\/\/www.europesays.com\/pt\/wp-json\/wp\/v2\/tags?post=94314"}],"curies":[{"name":"wp","href":"https:\/\/api.w.org\/{rel}","templated":true}]}}