{"id":94325,"date":"2025-10-01T11:42:12","date_gmt":"2025-10-01T11:42:12","guid":{"rendered":"https:\/\/www.europesays.com\/pt\/94325\/"},"modified":"2025-10-01T11:42:12","modified_gmt":"2025-10-01T11:42:12","slug":"primeiro-ato-lanca-album-ao-lado-de-outros-gigantes-do-rap","status":"publish","type":"post","link":"https:\/\/www.europesays.com\/pt\/94325\/","title":{"rendered":"Primeiro Ato lan\u00e7a \u00e1lbum ao lado de outros gigantes do rap"},"content":{"rendered":"<p>Entre os produtores das faixas est\u00e3o DJ Samu Aka Suguiura, DJ Tonzera e Ticano Beats, entre outros.<\/p>\n<p>Al\u00e9m de sua atua\u00e7\u00e3o no Primeiro Ato, Gordinho tamb\u00e9m realiza shows ao lado dos grupos Trilha Sonora do Gueto e Eduardo Taddeo. \u00c9 tamb\u00e9m representante da marca Vida Loka, uma das mais populares ligadas ao hip hop no Brasil.<\/p>\n<p>\u201c\u2019Maloqueiro Aben\u00e7oado\u2019 \u00e9 mais do que m\u00fasica: \u00e9 resist\u00eancia, uni\u00e3o e verdade da quebrada para o mundo\u201d, completou o compositor.<\/p>\n","protected":false},"excerpt":{"rendered":"Entre os produtores das faixas est\u00e3o DJ Samu Aka Suguiura, DJ Tonzera e Ticano Beats, entre outros. Al\u00e9m&hellip;\n","protected":false},"author":2,"featured_media":94326,"comment_status":"","ping_status":"","sticky":false,"template":"","format":"standard","meta":{"footnotes":""},"categories":[141],"tags":[315,114,115,149,150,32,33],"class_list":{"0":"post-94325","1":"post","2":"type-post","3":"status-publish","4":"format-standard","5":"has-post-thumbnail","7":"category-musica","8":"tag-cultura","9":"tag-entertainment","10":"tag-entretenimento","11":"tag-music","12":"tag-musica","13":"tag-portugal","14":"tag-pt"},"share_on_mastodon":{"url":"","error":""},"_links":{"self":[{"href":"https:\/\/www.europesays.com\/pt\/wp-json\/wp\/v2\/posts\/94325","targetHints":{"allow":["GET"]}}],"collection":[{"href":"https:\/\/www.europesays.com\/pt\/wp-json\/wp\/v2\/posts"}],"about":[{"href":"https:\/\/www.europesays.com\/pt\/wp-json\/wp\/v2\/types\/post"}],"author":[{"embeddable":true,"href":"https:\/\/www.europesays.com\/pt\/wp-json\/wp\/v2\/users\/2"}],"replies":[{"embeddable":true,"href":"https:\/\/www.europesays.com\/pt\/wp-json\/wp\/v2\/comments?post=94325"}],"version-history":[{"count":0,"href":"https:\/\/www.europesays.com\/pt\/wp-json\/wp\/v2\/posts\/94325\/revisions"}],"wp:featuredmedia":[{"embeddable":true,"href":"https:\/\/www.europesays.com\/pt\/wp-json\/wp\/v2\/media\/94326"}],"wp:attachment":[{"href":"https:\/\/www.europesays.com\/pt\/wp-json\/wp\/v2\/media?parent=94325"}],"wp:term":[{"taxonomy":"category","embeddable":true,"href":"https:\/\/www.europesays.com\/pt\/wp-json\/wp\/v2\/categories?post=94325"},{"taxonomy":"post_tag","embeddable":true,"href":"https:\/\/www.europesays.com\/pt\/wp-json\/wp\/v2\/tags?post=94325"}],"curies":[{"name":"wp","href":"https:\/\/api.w.org\/{rel}","templated":true}]}}