{"id":94327,"date":"2025-10-01T11:43:14","date_gmt":"2025-10-01T11:43:14","guid":{"rendered":"https:\/\/www.europesays.com\/pt\/94327\/"},"modified":"2025-10-01T11:43:14","modified_gmt":"2025-10-01T11:43:14","slug":"5-filmes-politizados-na-netflix-para-refletir","status":"publish","type":"post","link":"https:\/\/www.europesays.com\/pt\/94327\/","title":{"rendered":"5 filmes politizados na Netflix para refletir"},"content":{"rendered":"<p><img width=\"610\" height=\"350\" src=\"https:\/\/www.europesays.com\/pt\/wp-content\/uploads\/2025\/10\/IMG_4716-610x350.webp.webp\" class=\"attachment-post-thumbnail size-post-thumbnail wp-post-image\" alt=\"5 filmes politizados na Netflix para ficar um pouco mais inteligente depois de ver\" title=\"5 filmes politizados na Netflix para ficar um pouco mais inteligente depois de ver\" data-no-lazy=\"1\" decoding=\"async\" fetchpriority=\"high\"\/><\/p>\n<p>O cinema politizado cumpre um papel essencial: transformar a arte em um espa\u00e7o de debate, questionamento e mem\u00f3ria. Hoje em dia, a velocidade da informa\u00e7\u00e3o muitas vezes banaliza acontecimentos hist\u00f3ricos ou minimiza injusti\u00e7as sociais, mas esses filmes surgem como lembretes e instrumentos de reflex\u00e3o. Eles n\u00e3o apenas contam hist\u00f3rias, mas exp\u00f5em estruturas de poder, dilemas \u00e9ticos e escolhas que moldaram sociedades inteiras. Assistir a essas obras \u00e9, em alguma medida, revisitar o passado com olhos atentos ao presente e perceber como narrativas de resist\u00eancia, den\u00fancia e coragem permanecem relevantes.<\/p>\n<p>O impacto dessas produ\u00e7\u00f5es est\u00e1 em seu potencial de ampliar repert\u00f3rios. Atrav\u00e9s de dramas intensos e recria\u00e7\u00f5es de eventos reais, o espectador \u00e9 conduzido a compreender bastidores de investiga\u00e7\u00f5es jornal\u00edsticas, intrincados jogos pol\u00edticos, manipula\u00e7\u00f5es de governos e os riscos enfrentados por aqueles que ousaram desafiar sistemas opressores. Cada obra funciona como uma aula de hist\u00f3ria e \u00e9tica, ainda que constru\u00edda pela lente ficcional, capaz de nos colocar no lugar de personagens que viveram momentos de tens\u00e3o e transforma\u00e7\u00e3o.<\/p>\n<p>A Revista Bula selecionou a dedo esses filmes na <a href=\"https:\/\/www.revistabula.com\/113710-10-filmes-latino-americanos-imperdiveis-na-netflix\/\" target=\"_blank\" rel=\"noreferrer noopener nofollow\">Netflix<\/a>. N\u00e3o apenas para sugerir bons filmes, mas oferecer experi\u00eancias que ampliam o olhar sobre o mundo. Do jornalismo investigativo ao confronto contra regimes autorit\u00e1rios, da luta pelo reconhecimento da verdade \u00e0s tens\u00f5es entre guerra e diplomacia, essas narrativas mostram que o cinema \u00e9 uma forma poderosa de pensar criticamente. Assistir a eles \u00e9 aceitar o convite de mergulhar em hist\u00f3rias densas, questionadoras e, acima de tudo, necess\u00e1rias.<\/p>\n<p><strong>Ela Disse (2022), Maria Schrader<\/strong><\/p>\n<p><img loading=\"lazy\" decoding=\"async\" width=\"610\" height=\"407\" class=\"alignnone size-full\" src=\"https:\/\/www.europesays.com\/pt\/wp-content\/uploads\/2025\/10\/IMG_4013-610x407.webp.webp\" alt=\"\"\/><strong class=\"attribution\">Divulga\u00e7\u00e3o \/ Paramount Pictures<\/strong><\/p>\n<p class=\"callout-body\">Duas jornalistas recebem a tarefa de investigar acusa\u00e7\u00f5es de ass\u00e9dio contra um dos homens mais poderosos da ind\u00fastria do entretenimento. Inicialmente enfrentam sil\u00eancio, medo e acordos de confidencialidade que impedem v\u00edtimas de falar. Persistentes, viajam, entrevistam mulheres e rastreiam documentos que revelam um padr\u00e3o de abuso cuidadosamente escondido por d\u00e9cadas. Enquanto equilibram a vida pessoal com a press\u00e3o do trabalho, elas percebem que a publica\u00e7\u00e3o da hist\u00f3ria n\u00e3o \u00e9 apenas uma reportagem, mas uma chance de quebrar o ciclo de impunidade. O filme acompanha cada obst\u00e1culo enfrentado e a coragem necess\u00e1ria para transformar relatos individuais em den\u00fancia coletiva, mostrando como a palavra escrita pode desencadear mudan\u00e7as estruturais em toda uma ind\u00fastria.<\/p>\n<p><strong>Infiltrado na Klan (2018), Spike Lee<\/strong><\/p>\n<p><img loading=\"lazy\" decoding=\"async\" width=\"610\" height=\"407\" class=\"alignnone size-full\" src=\"https:\/\/www.europesays.com\/pt\/wp-content\/uploads\/2025\/09\/IMG_4510-610x407.webp.webp\" alt=\"\"\/><strong class=\"attribution\">Divulga\u00e7\u00e3o \/ Focus Features<\/strong><\/p>\n<p class=\"callout-body\">Um policial negro decide se infiltrar em um grupo supremacista branco, assumindo uma identidade falsa para desmascarar a rede de \u00f3dio que amea\u00e7a sua comunidade. Para dar credibilidade ao disfarce, conta com a ajuda de um colega judeu, que participa presencialmente dos encontros. Juntos, eles enfrentam o risco constante de serem descobertos, equilibrando ast\u00facia e coragem em meio a discursos violentos e planos de atentado. A narrativa mostra n\u00e3o apenas a aud\u00e1cia da opera\u00e7\u00e3o, mas tamb\u00e9m as contradi\u00e7\u00f5es de um pa\u00eds que convive com o racismo institucionalizado. Enquanto a investiga\u00e7\u00e3o avan\u00e7a, a linha entre vit\u00f3ria e desastre se estreita, revelando o peso de lutar contra ideologias que, embora subterr\u00e2neas, seguem moldando a sociedade.<\/p>\n<p><strong>O Destino de uma Na\u00e7\u00e3o (2017), Joe Wright<\/strong><\/p>\n<p><img loading=\"lazy\" decoding=\"async\" width=\"610\" height=\"407\" class=\"alignnone size-full\" src=\"https:\/\/www.europesays.com\/pt\/wp-content\/uploads\/2025\/10\/IMG_3356-2-610x407.webp.webp\" alt=\"\"\/><strong class=\"attribution\">Divulga\u00e7\u00e3o \/ Focus Features<\/strong><\/p>\n<p class=\"callout-body\">Durante os dias mais sombrios da Segunda Guerra Mundial, um pol\u00edtico brit\u00e2nico rec\u00e9m-nomeado primeiro-ministro precisa tomar decis\u00f5es que definir\u00e3o o futuro da Europa. Pressionado por rivais internos, pelo medo da popula\u00e7\u00e3o e pela amea\u00e7a iminente da invas\u00e3o nazista, ele se v\u00ea diante de uma escolha: negociar a paz em termos humilhantes ou convocar seu povo \u00e0 resist\u00eancia incondicional. Entre reuni\u00f5es com militares, confrontos no parlamento e momentos de solid\u00e3o, a narrativa revela os dilemas de lideran\u00e7a em tempos de crise. A cada discurso e a cada decis\u00e3o, o personagem constr\u00f3i uma identidade p\u00fablica que une coragem, pragmatismo e contradi\u00e7\u00f5es pessoais, mostrando como palavras podem se transformar em armas poderosas contra o avan\u00e7o da tirania.<\/p>\n<p><strong>Spotlight (2015), Tom McCarthy<\/strong><\/p>\n<p><img loading=\"lazy\" decoding=\"async\" width=\"610\" height=\"407\" class=\"alignnone size-full\" src=\"https:\/\/www.europesays.com\/pt\/wp-content\/uploads\/2025\/10\/IMG_3824-610x407.webp.webp\" alt=\"\"\/><strong class=\"attribution\">Divulga\u00e7\u00e3o \/ First Look Media<\/strong><\/p>\n<p class=\"callout-body\">Um grupo de jornalistas investigativos recebe a miss\u00e3o de apurar den\u00fancias sobre abusos cometidos por membros de uma institui\u00e7\u00e3o religiosa poderosa. O que come\u00e7a como uma suspeita restrita se transforma em uma investiga\u00e7\u00e3o ampla, que revela d\u00e9cadas de crimes sistematicamente encobertos por lideran\u00e7as influentes. \u00c0 medida que entrevistam v\u00edtimas, enfrentam barreiras jur\u00eddicas e sofrem press\u00e3o pol\u00edtica, os rep\u00f3rteres se deparam com a dimens\u00e3o de um esc\u00e2ndalo que atinge milhares de vidas. O enredo mostra o peso da \u00e9tica jornal\u00edstica e a necessidade de insistir na busca pela verdade, mesmo diante de amea\u00e7as e tentativas de silenciamento. Cada documento encontrado e cada testemunho registrado comp\u00f5em uma rede de provas que pode desestabilizar uma institui\u00e7\u00e3o secular.<\/p>\n<p><strong>Munique (2005), Steven Spielberg<\/strong><\/p>\n<p><img loading=\"lazy\" decoding=\"async\" width=\"610\" height=\"407\" class=\"alignnone size-full\" src=\"https:\/\/www.europesays.com\/pt\/wp-content\/uploads\/2025\/10\/Munique-610x407.webp.webp\" alt=\"\"\/><strong class=\"attribution\">Divulga\u00e7\u00e3o \/ Universal Pictures<\/strong><\/p>\n<p class=\"callout-body\">Ap\u00f3s um atentado que deixou atletas mortos em pleno evento esportivo internacional, um governo decide organizar uma opera\u00e7\u00e3o secreta de retalia\u00e7\u00e3o. Um grupo de agentes \u00e9 enviado para ca\u00e7ar os respons\u00e1veis, mas logo percebe que a miss\u00e3o, marcada por assassinatos planejados, traz um peso psicol\u00f3gico devastador. Enquanto perseguem alvos em diferentes pa\u00edses, enfrentam dilemas \u00e9ticos sobre a legitimidade de suas a\u00e7\u00f5es e a possibilidade de se tornarem iguais aos inimigos que combatem. A narrativa acompanha a transforma\u00e7\u00e3o desses homens, dilacerados entre o dever patri\u00f3tico e a perda da pr\u00f3pria humanidade. Cada morte executada deixa cicatrizes, revelando que a viol\u00eancia, em vez de encerrar o ciclo, apenas perpetua novas vingan\u00e7as.<\/p>\n<p><img loading=\"lazy\" decoding=\"async\" src=\"https:\/\/www.europesays.com\/pt\/wp-content\/uploads\/2025\/09\/fer-kalaoun-1.jpg\" width=\"300\" height=\"300\" alt=\"Fer Kalaoun\" class=\"avatar avatar-300 wp-user-avatar wp-user-avatar-300 alignnone photo\"\/><br \/>\nFer Kalaoun<\/p>\n<p>Fer Kalaoun \u00e9 editora na Revista Bula e rep\u00f3rter especializada em jornalismo cultural, audiovisual e pol\u00edtico desde 2014. Estudante de Hist\u00f3ria no Instituto Federal de Goi\u00e1s (IFG), traz uma perspectiva cr\u00edtica e contextualizada aos seus textos. J\u00e1 passou por grandes ve\u00edculos de comunica\u00e7\u00e3o de Goi\u00e1s, incluindo R\u00e1dio CBN, Jornal O Popular, Jornal Op\u00e7\u00e3o e R\u00e1dio Sagres, onde apresentou o quadro Cinemateca\u00a0Sagres.<\/p>\n","protected":false},"excerpt":{"rendered":"O cinema politizado cumpre um papel essencial: transformar a arte em um espa\u00e7o de debate, questionamento e mem\u00f3ria.&hellip;\n","protected":false},"author":2,"featured_media":94328,"comment_status":"","ping_status":"","sticky":false,"template":"","format":"standard","meta":{"footnotes":""},"categories":[140],"tags":[114,115,147,148,146,716,32,33],"class_list":{"0":"post-94327","1":"post","2":"type-post","3":"status-publish","4":"format-standard","5":"has-post-thumbnail","7":"category-filmes","8":"tag-entertainment","9":"tag-entretenimento","10":"tag-film","11":"tag-filmes","12":"tag-movies","13":"tag-netflix","14":"tag-portugal","15":"tag-pt"},"share_on_mastodon":{"url":"","error":""},"_links":{"self":[{"href":"https:\/\/www.europesays.com\/pt\/wp-json\/wp\/v2\/posts\/94327","targetHints":{"allow":["GET"]}}],"collection":[{"href":"https:\/\/www.europesays.com\/pt\/wp-json\/wp\/v2\/posts"}],"about":[{"href":"https:\/\/www.europesays.com\/pt\/wp-json\/wp\/v2\/types\/post"}],"author":[{"embeddable":true,"href":"https:\/\/www.europesays.com\/pt\/wp-json\/wp\/v2\/users\/2"}],"replies":[{"embeddable":true,"href":"https:\/\/www.europesays.com\/pt\/wp-json\/wp\/v2\/comments?post=94327"}],"version-history":[{"count":0,"href":"https:\/\/www.europesays.com\/pt\/wp-json\/wp\/v2\/posts\/94327\/revisions"}],"wp:featuredmedia":[{"embeddable":true,"href":"https:\/\/www.europesays.com\/pt\/wp-json\/wp\/v2\/media\/94328"}],"wp:attachment":[{"href":"https:\/\/www.europesays.com\/pt\/wp-json\/wp\/v2\/media?parent=94327"}],"wp:term":[{"taxonomy":"category","embeddable":true,"href":"https:\/\/www.europesays.com\/pt\/wp-json\/wp\/v2\/categories?post=94327"},{"taxonomy":"post_tag","embeddable":true,"href":"https:\/\/www.europesays.com\/pt\/wp-json\/wp\/v2\/tags?post=94327"}],"curies":[{"name":"wp","href":"https:\/\/api.w.org\/{rel}","templated":true}]}}