{"id":94351,"date":"2025-10-01T12:07:16","date_gmt":"2025-10-01T12:07:16","guid":{"rendered":"https:\/\/www.europesays.com\/pt\/94351\/"},"modified":"2025-10-01T12:07:16","modified_gmt":"2025-10-01T12:07:16","slug":"caos-na-oktoberfest-recinto-sobrelotado-e-carrossel-parado-com-pessoas-a-80-metros-de-altura","status":"publish","type":"post","link":"https:\/\/www.europesays.com\/pt\/94351\/","title":{"rendered":"Caos na Oktoberfest: recinto sobrelotado e carrossel parado com pessoas a 80 metros de altura"},"content":{"rendered":"<p>\n  De&amp;nbsp<b>Euronews<\/b>\n<\/p>\n<p>\n         Publicado a<br \/>\n            29\/09\/2025 &#8211; 14:08 GMT+2\n            <\/p>\n<p>          <img decoding=\"async\" class=\"c-ad__placeholder__logo\" src=\"https:\/\/static.euronews.com\/website\/images\/logos\/logo-euronews-stacked-outlined-72x72-grey-9.svg\" width=\"72\" height=\"72\" alt=\"\" loading=\"lazy\"\/><br \/>\n          PUBLICIDADE<\/p>\n<p>No s\u00e1bado, o c\u00e9lebre Okoberfest em Munique j\u00e1 n\u00e3o conseguia fazer face \u00e0s multid\u00f5es e o recinto teve mesmo de ser encerrado antes do previsto devido \u00e0 sobrelota\u00e7\u00e3o. No mesmo dia, v\u00e1rias pessoas ficaram presas a uma altura de 80 metros durante cerca de uma hora devido a um problema t\u00e9cnico t\u00e9cnico.<\/p>\n<p>A chamada Torre J\u00falio Verne, um carrossel com cadeiras presas por correntes, parou subitamente durante a viagem. Durante cerca de uma hora, nada se mexeu devido a um problema t\u00e9cnico e os passageiros tiveram de esperar no ar por uma solu\u00e7\u00e3o.<\/p>\n<p>O incidente terminou de forma feliz, j\u00e1 que foi apenas a unidade de alimenta\u00e7\u00e3o el\u00e9trica que falhou e precisou de ser substitu\u00edda. Os passageiros foram ent\u00e3o trazidos de volta ao solo ap\u00f3s cerca de uma hora e aqueles que, de outra forma, teriam desejado uma nova volta, provavelmente j\u00e1 estavam fartos da vista da densa multid\u00e3o.<\/p>\n<p>As autoridades locais admitem tamb\u00e9m que a comunica\u00e7\u00e3o durante a sobrelota\u00e7\u00e3o &#8220;n\u00e3o foi a melhor&#8221;. O n\u00famero muito elevado de visitantes levou a uma grande aglomera\u00e7\u00e3o entre as tendas de cerveja e os passeios e houve quem entrasse em p\u00e2nico. Duas pessoas tiveram de receber aux\u00edlio m\u00e9dico, mas n\u00e3o houve outros feridos a registar. <\/p>\n<p>A sobrelota\u00e7\u00e3o ter-se-\u00e1 devido a uma altera\u00e7\u00e3o das reservas, o que levou a que estivessem em simult\u00e2neo 300 mil pessoas no recinto, quando normalmente h\u00e1 500 mil visitantes distribu\u00eddos ao longo de todo o dia. <\/p>\n","protected":false},"excerpt":{"rendered":"De&amp;nbspEuronews Publicado a 29\/09\/2025 &#8211; 14:08 GMT+2 PUBLICIDADE No s\u00e1bado, o c\u00e9lebre Okoberfest em Munique j\u00e1 n\u00e3o conseguia&hellip;\n","protected":false},"author":2,"featured_media":94352,"comment_status":"","ping_status":"","sticky":false,"template":"","format":"standard","meta":{"footnotes":""},"categories":[50],"tags":[1305,27,28,11132,15,16,6007,14,25,26,21,22,62,23403,12,13,19,20,23,24,17,18,29,30,31,63,64,65],"class_list":{"0":"post-94351","1":"post","2":"type-post","3":"status-publish","4":"format-standard","5":"has-post-thumbnail","7":"category-mundo","8":"tag-alemanha","9":"tag-breaking-news","10":"tag-breakingnews","11":"tag-cerveja","12":"tag-featured-news","13":"tag-featurednews","14":"tag-festival","15":"tag-headlines","16":"tag-latest-news","17":"tag-latestnews","18":"tag-main-news","19":"tag-mainnews","20":"tag-mundo","21":"tag-munique","22":"tag-news","23":"tag-noticias","24":"tag-noticias-principais","25":"tag-noticiasprincipais","26":"tag-principais-noticias","27":"tag-principaisnoticias","28":"tag-top-stories","29":"tag-topstories","30":"tag-ultimas","31":"tag-ultimas-noticias","32":"tag-ultimasnoticias","33":"tag-world","34":"tag-world-news","35":"tag-worldnews"},"share_on_mastodon":{"url":"","error":""},"_links":{"self":[{"href":"https:\/\/www.europesays.com\/pt\/wp-json\/wp\/v2\/posts\/94351","targetHints":{"allow":["GET"]}}],"collection":[{"href":"https:\/\/www.europesays.com\/pt\/wp-json\/wp\/v2\/posts"}],"about":[{"href":"https:\/\/www.europesays.com\/pt\/wp-json\/wp\/v2\/types\/post"}],"author":[{"embeddable":true,"href":"https:\/\/www.europesays.com\/pt\/wp-json\/wp\/v2\/users\/2"}],"replies":[{"embeddable":true,"href":"https:\/\/www.europesays.com\/pt\/wp-json\/wp\/v2\/comments?post=94351"}],"version-history":[{"count":0,"href":"https:\/\/www.europesays.com\/pt\/wp-json\/wp\/v2\/posts\/94351\/revisions"}],"wp:featuredmedia":[{"embeddable":true,"href":"https:\/\/www.europesays.com\/pt\/wp-json\/wp\/v2\/media\/94352"}],"wp:attachment":[{"href":"https:\/\/www.europesays.com\/pt\/wp-json\/wp\/v2\/media?parent=94351"}],"wp:term":[{"taxonomy":"category","embeddable":true,"href":"https:\/\/www.europesays.com\/pt\/wp-json\/wp\/v2\/categories?post=94351"},{"taxonomy":"post_tag","embeddable":true,"href":"https:\/\/www.europesays.com\/pt\/wp-json\/wp\/v2\/tags?post=94351"}],"curies":[{"name":"wp","href":"https:\/\/api.w.org\/{rel}","templated":true}]}}