{"id":94364,"date":"2025-10-01T12:17:20","date_gmt":"2025-10-01T12:17:20","guid":{"rendered":"https:\/\/www.europesays.com\/pt\/94364\/"},"modified":"2025-10-01T12:17:20","modified_gmt":"2025-10-01T12:17:20","slug":"ex-fc-porto-diagnosticado-com-doenca-rara-e-em-risco-de-retirar-costela","status":"publish","type":"post","link":"https:\/\/www.europesays.com\/pt\/94364\/","title":{"rendered":"Ex-FC Porto diagnosticado com doen\u00e7a rara e em risco de retirar costela"},"content":{"rendered":"<p style=\"margin-bottom:11px\">Jo\u00e3o Pedro, lateral direito de 28 anos, antecipou o t\u00e9rmino da \u00e9poca, prejudicado por uma rara trombose \u2013 Paget-Schroetter,\u00a0tamb\u00e9m conhecida por trombose venosa de esfor\u00e7o \u2013 que pode obrigar a retirar uma costela.<\/p>\n<p>Ao servi\u00e7o do Gr\u00e9mio desde 2023, o defesa brasileiro viu o diagn\u00f3stico denunciar uma trombose no ombro direito, na veia por baixo da clav\u00edcula. Por isso, Jo\u00e3o Pedro j\u00e1 fez uma cirurgia para retirar um co\u00e1gulo. Ainda assim, dever\u00e1 ser insuficiente para resolver o problema. Ao Globoesporte, Anderson Donelli \u2013 m\u00e9dico do Gr\u00e9mio \u2013 esclareceu o quadro cl\u00ednico.<\/p>\n<p>\u00abO Jo\u00e3o Pedro tem indica\u00e7\u00e3o de tomar anticoagulantes durante tr\u00eas meses e est\u00e1 impedido de competir durante um longo per\u00edodo, para evitar choques. Mas pode correr e at\u00e9 driblar ou rematar. O que deve evitar \u00e9 o contacto. O quadro \u00e9 acompanhado de uma s\u00edndrome que deve exigir nova cirurgia para a retirada de uma das costelas\u00bb, explicou.<\/p>\n<p>Assim, e se a recupera\u00e7\u00e3o correr dentro do planeado, o defesa dever\u00e1 regressar \u00e0 competi\u00e7\u00e3o na pr\u00e9-\u00e9poca de 2026. Num percurso que j\u00e1 contou com outros problemas \u2013 fratura da t\u00edbia em maio, o que obrigou a parar durante quatro meses \u2013 o brasileiro tem contrato at\u00e9 ao final de 2027.<\/p>\n<p>Formado pelo Palmeiras, Jo\u00e3o Pedro chegou a Portugal pela porta do FC Porto, na \u00e9poca 2018\/19, tendo cumprido tr\u00eas jogos pela equipa principal. Seguiram-se empr\u00e9stimos a Bahia e Corinthians, at\u00e9 assinar em definitivo pelo Gr\u00e9mio em 2023.<\/p>\n<p><strong>J\u00e1 segue o\u00a0<a data-auth=\"NotApplicable\" data-linkindex=\"0\" href=\"https:\/\/eur05.safelinks.protection.outlook.com\/?url=http%3A%2F%2Fwhatsapp.com%2Fchannel%2F0029Va9lGKPGOj9nW79Pd117&amp;data=05%7C02%7Ctobrito%40tvi.pt%7Cc89f401601d045b5d75d08ddfa7d0fda%7C13331a74bf1340369e500c52b4b83749%7C0%7C0%7C638942137220939375%7CUnknown%7CTWFpbGZsb3d8eyJFbXB0eU1hcGkiOnRydWUsIlYiOiIwLjAuMDAwMCIsIlAiOiJXaW4zMiIsIkFOIjoiTWFpbCIsIldUIjoyfQ%3D%3D%7C0%7C%7C%7C&amp;sdata=flr%2FsZCP2ajXyl2JzxHbjW4pmQdvGg%2FW6JdSHgH64oY%3D&amp;reserved=0\" id=\"LPlnk293865\" originalsrc=\"http:\/\/whatsapp.com\/channel\/0029Va9lGKPGOj9nW79Pd117\" title=\"Original URL: http:\/\/whatsapp.com\/channel\/0029Va9lGKPGOj9nW79Pd117. Click or tap if you trust this link.\" rel=\"nofollow noopener\" target=\"_blank\">canal de Whatsapp do Maisfutebol<\/a>?\u00a0\u00a0<\/strong><\/p>\n","protected":false},"excerpt":{"rendered":"Jo\u00e3o Pedro, lateral direito de 28 anos, antecipou o t\u00e9rmino da \u00e9poca, prejudicado por uma rara trombose \u2013&hellip;\n","protected":false},"author":2,"featured_media":94365,"comment_status":"","ping_status":"","sticky":false,"template":"","format":"standard","meta":{"footnotes":""},"categories":[87],"tags":[726,1620,135,282,13995,82,23405,46,462,32,33,47,134],"class_list":{"0":"post-94364","1":"post","2":"type-post","3":"status-publish","4":"format-standard","5":"has-post-thumbnail","7":"category-desporto","8":"tag-brasil","9":"tag-brasileirao","10":"tag-desporto","11":"tag-fc-porto","12":"tag-gremio","13":"tag-internacional","14":"tag-joao-pedro","15":"tag-maisfutebol","16":"tag-porto","17":"tag-portugal","18":"tag-pt","19":"tag-pura-paixao","20":"tag-sports"},"share_on_mastodon":{"url":"","error":""},"_links":{"self":[{"href":"https:\/\/www.europesays.com\/pt\/wp-json\/wp\/v2\/posts\/94364","targetHints":{"allow":["GET"]}}],"collection":[{"href":"https:\/\/www.europesays.com\/pt\/wp-json\/wp\/v2\/posts"}],"about":[{"href":"https:\/\/www.europesays.com\/pt\/wp-json\/wp\/v2\/types\/post"}],"author":[{"embeddable":true,"href":"https:\/\/www.europesays.com\/pt\/wp-json\/wp\/v2\/users\/2"}],"replies":[{"embeddable":true,"href":"https:\/\/www.europesays.com\/pt\/wp-json\/wp\/v2\/comments?post=94364"}],"version-history":[{"count":0,"href":"https:\/\/www.europesays.com\/pt\/wp-json\/wp\/v2\/posts\/94364\/revisions"}],"wp:featuredmedia":[{"embeddable":true,"href":"https:\/\/www.europesays.com\/pt\/wp-json\/wp\/v2\/media\/94365"}],"wp:attachment":[{"href":"https:\/\/www.europesays.com\/pt\/wp-json\/wp\/v2\/media?parent=94364"}],"wp:term":[{"taxonomy":"category","embeddable":true,"href":"https:\/\/www.europesays.com\/pt\/wp-json\/wp\/v2\/categories?post=94364"},{"taxonomy":"post_tag","embeddable":true,"href":"https:\/\/www.europesays.com\/pt\/wp-json\/wp\/v2\/tags?post=94364"}],"curies":[{"name":"wp","href":"https:\/\/api.w.org\/{rel}","templated":true}]}}