{"id":94415,"date":"2025-10-01T12:56:11","date_gmt":"2025-10-01T12:56:11","guid":{"rendered":"https:\/\/www.europesays.com\/pt\/94415\/"},"modified":"2025-10-01T12:56:11","modified_gmt":"2025-10-01T12:56:11","slug":"bruno-de-carvalho-desvenda-destino-da-proxima-viagem-e-nao-vou-sozinho","status":"publish","type":"post","link":"https:\/\/www.europesays.com\/pt\/94415\/","title":{"rendered":"Bruno de Carvalho desvenda destino da pr\u00f3xima viagem: &#8220;E n\u00e3o vou sozinho&#8221;"},"content":{"rendered":"<p><a href=\"https:\/\/selfie.iol.pt\/famosos\/bruno-de-carvalho\/bruno-de-carvalho-fala-sobre-reencontro-especial-esta-semana\/20250930\/68db931dd34e58bc679655d9\" target=\"_blank\" rel=\"nofollow noopener\">Bruno de Carvalho<\/a> esteve, recentemente, em Ibiza, com a filha mais velha, Ana Catarina Carvalho, e com o amigo S\u00e9rgio Tavares.<\/p>\n<p>Agora, nas redes sociais, o DJ revelou que, em outubro, vai viajar novamente.<\/p>\n<p>&#8220;Outubro vai ser tempo de Paris! Das ruas luminosas, \u00e0 Torre Eiffel, ao magn\u00edfico restaurante no topo da Torre e \u00e0 sempre fant\u00e1stica\u00a0Disneyland&#8221;, come\u00e7ou por escrever, na legenda da publica\u00e7\u00e3o que fez, no Instagram.<\/p>\n<p>&#8220;Uma viagem para sempre recordar! E n\u00e3o vou, novamente, sozinho&#8221;, rematou Bruno de Carvalho.<\/p>\n<p>Veja, agora, a publica\u00e7\u00e3o.<\/p>\n<blockquote class=\"instagram-media\" data-instgrm-captioned=\"\" data-instgrm-permalink=\"https:\/\/www.instagram.com\/reel\/DPM3DZIjBqb\/?utm_source=ig_embed&amp;utm_campaign=loading\" data-instgrm-version=\"14\" style=\" background:#FFF; border:0; border-radius:3px; box-shadow:0 0 1px 0 rgba(0,0,0,0.5),0 1px 10px 0 rgba(0,0,0,0.15); margin: 1px; max-width:540px; min-width:326px; padding:0; width:99.375%; width:-webkit-calc(100% - 2px); width:calc(100% - 2px);\">\n<\/blockquote>\n<p>\u00a0<\/p>\n<p>                        <script async src=\"\/\/www.instagram.com\/embed.js\"><\/script><\/p>\n","protected":false},"excerpt":{"rendered":"Bruno de Carvalho esteve, recentemente, em Ibiza, com a filha mais velha, Ana Catarina Carvalho, e com o&hellip;\n","protected":false},"author":2,"featured_media":44340,"comment_status":"","ping_status":"","sticky":false,"template":"","format":"standard","meta":{"footnotes":""},"categories":[145],"tags":[48,341,211,210,114,115,980,1015,619,32,33,1014,548,1315,1012,162,814],"class_list":{"0":"post-94415","1":"post","2":"type-post","3":"status-publish","4":"format-standard","5":"has-post-thumbnail","7":"category-celebridades","8":"tag-big-brother","9":"tag-bruno-de-carvalho","10":"tag-celebridades","11":"tag-celebrities","12":"tag-entertainment","13":"tag-entretenimento","14":"tag-famosos","15":"tag-instagram","16":"tag-nacional","17":"tag-portugal","18":"tag-pt","19":"tag-reality-show","20":"tag-redes-sociais","21":"tag-secret-story","22":"tag-selfie","23":"tag-tvi","24":"tag-viagem"},"share_on_mastodon":{"url":"","error":""},"_links":{"self":[{"href":"https:\/\/www.europesays.com\/pt\/wp-json\/wp\/v2\/posts\/94415","targetHints":{"allow":["GET"]}}],"collection":[{"href":"https:\/\/www.europesays.com\/pt\/wp-json\/wp\/v2\/posts"}],"about":[{"href":"https:\/\/www.europesays.com\/pt\/wp-json\/wp\/v2\/types\/post"}],"author":[{"embeddable":true,"href":"https:\/\/www.europesays.com\/pt\/wp-json\/wp\/v2\/users\/2"}],"replies":[{"embeddable":true,"href":"https:\/\/www.europesays.com\/pt\/wp-json\/wp\/v2\/comments?post=94415"}],"version-history":[{"count":0,"href":"https:\/\/www.europesays.com\/pt\/wp-json\/wp\/v2\/posts\/94415\/revisions"}],"wp:featuredmedia":[{"embeddable":true,"href":"https:\/\/www.europesays.com\/pt\/wp-json\/wp\/v2\/media\/44340"}],"wp:attachment":[{"href":"https:\/\/www.europesays.com\/pt\/wp-json\/wp\/v2\/media?parent=94415"}],"wp:term":[{"taxonomy":"category","embeddable":true,"href":"https:\/\/www.europesays.com\/pt\/wp-json\/wp\/v2\/categories?post=94415"},{"taxonomy":"post_tag","embeddable":true,"href":"https:\/\/www.europesays.com\/pt\/wp-json\/wp\/v2\/tags?post=94415"}],"curies":[{"name":"wp","href":"https:\/\/api.w.org\/{rel}","templated":true}]}}