{"id":94427,"date":"2025-10-01T13:07:11","date_gmt":"2025-10-01T13:07:11","guid":{"rendered":"https:\/\/www.europesays.com\/pt\/94427\/"},"modified":"2025-10-01T13:07:11","modified_gmt":"2025-10-01T13:07:11","slug":"arabia-saudita-encontrados-62-paineis-de-arte-rupestre-com-12-mil-anos","status":"publish","type":"post","link":"https:\/\/www.europesays.com\/pt\/94427\/","title":{"rendered":"Ar\u00e1bia Saudita. Encontrados 62 pain\u00e9is de arte rupestre com 12 mil anos"},"content":{"rendered":"<p><b>A arte rupestre encontrado no deserto ar\u00e1bico revela um conjunto de representa\u00e7\u00f5es em tamanho real inscrito em arenito espulpidas por grupos humanos de ca\u00e7adores-recoletores que por ali circuraram h\u00e1 pelo menos 12 mil anos, no final da \u00faltima Idade do Gelo.<\/b><\/p>\n<p>Estes <b>62 pain\u00e9is com 176 gravuras<\/b> sugerem apontar o caminho para os habitantes humanos mais antigos da Ar\u00e1bia Saudita e os o\u00e1sis do deserto que teriam usado.&#13;\n<\/p>\n<p>Para al\u00e9m de representa\u00e7\u00f5es de camelo, foram documentadas figuras de cabra selvagem, equideos selvagens, gazelas e auroques (bovino selvagem extinto).<\/p>\n<p><img decoding=\"async\" src=\"https:\/\/www.europesays.com\/pt\/wp-content\/uploads\/2025\/10\/f122364ecb2131b65703f1e660fd9bba\"\/><\/p>\n<p>&#13;<br \/>\n&#13;<br \/>\nO tra\u00e7ado branco mostra a camada mais antiga e diferentes tons de azul mostram as gravuras sobrepostas. A escala visivel no canto inferior direito da foto tem 10 cent\u00edmetros de comprimento | Cr\u00e9dito da imagem: Maria Guagnin\/Sahout Rock Art and Archaeology Project <br \/>&#13;\n<\/p>\n<p>&#13;<br \/>\nArte rupestre monumental&#13;<br \/>\n&#13;\n<\/p>\n<p>&#13;<br \/>\nAs esculturas datam de cerca de 12 mil anos atr\u00e1s e muitas t\u00eam mais de 1,8 metro de altura.\u00a0&#13;\n<\/p>\n<p>&#13;<br \/>\nO novo estudo, publicado na Nature esta ter\u00e7a-feira, explica que esta descoberta faz recuar a presen\u00e7a humana na regi\u00e3o em dois mil anos. Ou seja, as esculturas de animais e ferramentas de grava\u00e7\u00e3o encontradas no local mostram que as pessoas j\u00e1 estavam a viver na regi\u00e3o cerca de 2.000 anos antes do que os cientistas pensavam.&#13;\n<\/p>\n<p>&#13;<br \/>\nN\u00e3o est\u00e1 claro como estas popula\u00e7\u00f5es sobreviveram em condi\u00e7\u00f5es t\u00e3o \u00e1ridas, nomeadamente, se recorriam a lagos rasos que acumulavam \u00e1gua doce em alguma \u00e9poca do ano ou se recolhiam essa \u00e1gua em fendas profundas das forma\u00e7\u00f5es rochosas.&#13;\n<\/p>\n<p><img decoding=\"async\" src=\"https:\/\/www.europesays.com\/pt\/wp-content\/uploads\/2025\/10\/bddacaf3b0b20bf50d3976cfbffa95d1\"\/><\/p>\n<p>&#13;<br \/>\nPerspetiva da escava\u00e7\u00e3o de uma trincheira diretamente abaixo de um painel de arte rupestre com uma gravura de um camelo\u00a0marcada em arenito num local chamado Jebel Arnaan, ao sul do deserto de Nefud, no norte da Ar\u00e1bia Saudita | Sahout Rock Art and Archaeology Project via Reuters<br \/>&#13;\n<\/p>\n<p>&#13;<br \/>\nOs arque\u00f3logos dizem que as representa\u00e7\u00f5es foram elaboradas usando uma rocha em forma de cunha para criar linhas n\u00edtidas. Durante as escava\u00e7\u00f5es, os investigadores encontraram uma pedra enterrada na paisagem que estava imediatamente abaixo das esculturas, permitindo a data\u00e7\u00e3o da ferramenta associada \u00e0 arte realizada.&#13;\n<\/p>\n<p>&#13;<br \/>\n<br \/>&#13;<br \/>\n\u201cPara gravar tanto detalhe com apenas uma rocha requer habilidade real\u201d, disse Maria Guagnin, arque\u00f3loga do Instituto Max Planck de Geoantropologia na Alemanha, que esteve envolvida na descoberta.&#13;\n<\/p>\n<p><img decoding=\"async\" src=\"https:\/\/www.europesays.com\/pt\/wp-content\/uploads\/2025\/10\/2a741066f9fa91ecd35e517e86c1d343\"\/><\/p>\n<p>&#13;<br \/>\nImagem A &#8211; Dois lados da ferramenta de riscar. A escala \u00e9 de 1 cm. Imagem B, C corresponde \u00e0 ferramenta desgastada em forma semi-circular ,\u00a0a an\u00e1lise\u00a0traceol\u00f3gica mostrou danos consistentes com a grava\u00e7\u00e3o no arenito (a Traceologia permite determinar a fun\u00e7\u00e3o dos utens\u00edlios em pedra atrav\u00e9s da an\u00e1lise das marcas conservadas na superf\u00edcie dos objectos) | Sahout Rock Art and Archaeology Project<br \/>&#13;\n<\/p>\n<p>&#13;<br \/>\nSimbolismo do camelo e da mobilidade das popula\u00e7\u00f5es<br \/>&#13;<br \/>\n<br \/>&#13;\n<\/p>\n<p>&#13;<br \/>\nDe acordo com a investiga\u00e7\u00e3o &#8220;<b>as gravuras expressam um simbolismo que se relaciona com animais do deserto e com a sazonalidade, nomeadamente a representa\u00e7\u00e3o de camelos machos<\/b>, que podem representar a \u00e9poca de acasalamento destes animais ap\u00f3s as chuvas de inverno , e potencialmente tamb\u00e9m a sua extraordin\u00e1ria resili\u00eancia nestas paisagens \u00e1ridas&#8221;.<br \/>&#13;\n<\/p>\n<p>&#13;<br \/>\nPara os arque\u00f3logos as evid\u00eancias arqueol\u00f3gicas sugerem contato repetido entre popula\u00e7\u00f5es humanas no norte da Ar\u00e1bia e no Levante, no entanto, ao contr\u00e1rio dos vizinhos levantinos, &#8220;<b>estes grupos produziram arte rupestre monumental que gira em torno de um simbolismo animal do deserto: o camelo&#8221;.<\/b>&#13;\n<\/p>\n<p>&#13;<br \/>\n<b>Parte das gravuras que se estendem por 23 metros em duas superf\u00edcies de penhasco a uma altura de 34 m e 39 m d\u00e3o a esta arte rupestre uma escala monumental, descrevem os investigadores.<br \/>&#13;<br \/>\n<\/b>&#13;\n<\/p>\n<p><img decoding=\"async\" src=\"https:\/\/www.europesays.com\/pt\/wp-content\/uploads\/2025\/10\/494b4489ba3c717fe9410dfa627898b4\"\/><\/p>\n<p>&#13;<br \/>\nA imagem A e B documenta a localiza\u00e7\u00e3o de alguns dos pain\u00e9is que est\u00e3o a 34 e 39 metros de altura. A imagem C revela linhas coloridas colocadas pelos arque\u00f3logos graficamente para melhor se compreender os tra\u00e7os da arte rupestre a mostrar 19 camelos em tamanho real. Os animais naturalistas pertencentes \u00e0 fase 3 est\u00e3o identificados com tra\u00e7os a branco. As representa\u00e7\u00f5es mais estilizadas e padronizadas da fase 4 est\u00e3o delineadas a azul, e incluem duas gravuras de equideos identificados a azul escuro e camelos estilizados sobrepostos tra\u00e7ados a azul claro. A preto est\u00e3o linhas n\u00e3o identificadas. As figuras brancas t\u00eam 1,7-1,9 m de comprimento; os camelos azuis t\u00eam 2,15-2,6 m de comprimento. Foi adicionada uma figura humana na extrema esquerda da foto para funcionar como escala (1,7 m) | Sahout Rock Art and Archaeology Project<br \/>&#13;\n<\/p>\n<p>&#13;<br \/>\nDurante a transi\u00e7\u00e3o &#8220;das terras secas do Pleistoceno-Holoceno (entre 12,8 e 11,4 mil anos), os grupos ca\u00e7adores-coletores provavelmente eram altamente m\u00f3veis&#8221;, explica o estudo. <br \/>&#13;\n<\/p>\n<p>&#8220;A distribui\u00e7\u00e3o da monumental arte rupestre ao longo de rotas que ligam corpos de \u00e1gua sazonais sugere alta mobilidade, e movimentos regulares em dist\u00e2ncias consider\u00e1veis podem ter sido uma adapta\u00e7\u00e3o fundamental \u00e0 disponibilidade c\u00edclica de \u00e1gua&#8221; acrescenta a\u00a0<a href=\"https:\/\/www.nature.com\/articles\/s41467-025-63417-y\" rel=\"nofollow noopener\" target=\"_blank\">investiga\u00e7\u00e3o<\/a> com o t\u00edtulo &#8220;A arte rupestre monumental ilustra que os humanos prosperaram no deserto \u00e1rabe durante a transi\u00e7\u00e3o do Pleistoceno-Holoceno&#8221;.<\/p>\n<p>&#13;<br \/>\n<br \/>&#13;<br \/>\n<b>&#8220;As representa\u00e7\u00f5es de animais selvagens e a marca\u00e7\u00e3o de paisagens naturais podem ter sido um mecanismo para marcar rotas e talvez tamb\u00e9m servir como marcadores territoriais que documentam direitos de acesso atrav\u00e9s de imagens impressionantes que teriam \u201cguardado\u201d locais na aus\u00eancia de certo grupo humano&#8221;<\/b>, sustentam os arque\u00f3logos.<br \/>&#13;\n<\/p>\n<p>\n\u201cEstes grupos humanos devem ter sido comunidades completamente estabelecidas, adaptadas ao deserto, que conheceriam a paisagem muito bem\u201d, conclui Guagnin.<\/p>\n","protected":false},"excerpt":{"rendered":"A arte rupestre encontrado no deserto ar\u00e1bico revela um conjunto de representa\u00e7\u00f5es em tamanho real inscrito em arenito&hellip;\n","protected":false},"author":2,"featured_media":94428,"comment_status":"","ping_status":"","sticky":false,"template":"","format":"standard","meta":{"footnotes":""},"categories":[50],"tags":[1145,3504,23437,27,28,23438,15,16,14,25,26,21,22,62,12,13,19,20,23,24,17,18,29,30,31,63,64,65],"class_list":{"0":"post-94427","1":"post","2":"type-post","3":"status-publish","4":"format-standard","5":"has-post-thumbnail","7":"category-mundo","8":"tag-arabia-saudita","9":"tag-arqueologia","10":"tag-arte-rupestre","11":"tag-breaking-news","12":"tag-breakingnews","13":"tag-camelos","14":"tag-featured-news","15":"tag-featurednews","16":"tag-headlines","17":"tag-latest-news","18":"tag-latestnews","19":"tag-main-news","20":"tag-mainnews","21":"tag-mundo","22":"tag-news","23":"tag-noticias","24":"tag-noticias-principais","25":"tag-noticiasprincipais","26":"tag-principais-noticias","27":"tag-principaisnoticias","28":"tag-top-stories","29":"tag-topstories","30":"tag-ultimas","31":"tag-ultimas-noticias","32":"tag-ultimasnoticias","33":"tag-world","34":"tag-world-news","35":"tag-worldnews"},"share_on_mastodon":{"url":"","error":""},"_links":{"self":[{"href":"https:\/\/www.europesays.com\/pt\/wp-json\/wp\/v2\/posts\/94427","targetHints":{"allow":["GET"]}}],"collection":[{"href":"https:\/\/www.europesays.com\/pt\/wp-json\/wp\/v2\/posts"}],"about":[{"href":"https:\/\/www.europesays.com\/pt\/wp-json\/wp\/v2\/types\/post"}],"author":[{"embeddable":true,"href":"https:\/\/www.europesays.com\/pt\/wp-json\/wp\/v2\/users\/2"}],"replies":[{"embeddable":true,"href":"https:\/\/www.europesays.com\/pt\/wp-json\/wp\/v2\/comments?post=94427"}],"version-history":[{"count":0,"href":"https:\/\/www.europesays.com\/pt\/wp-json\/wp\/v2\/posts\/94427\/revisions"}],"wp:featuredmedia":[{"embeddable":true,"href":"https:\/\/www.europesays.com\/pt\/wp-json\/wp\/v2\/media\/94428"}],"wp:attachment":[{"href":"https:\/\/www.europesays.com\/pt\/wp-json\/wp\/v2\/media?parent=94427"}],"wp:term":[{"taxonomy":"category","embeddable":true,"href":"https:\/\/www.europesays.com\/pt\/wp-json\/wp\/v2\/categories?post=94427"},{"taxonomy":"post_tag","embeddable":true,"href":"https:\/\/www.europesays.com\/pt\/wp-json\/wp\/v2\/tags?post=94427"}],"curies":[{"name":"wp","href":"https:\/\/api.w.org\/{rel}","templated":true}]}}