{"id":9445,"date":"2025-07-31T01:29:12","date_gmt":"2025-07-31T01:29:12","guid":{"rendered":"https:\/\/www.europesays.com\/pt\/9445\/"},"modified":"2025-07-31T01:29:12","modified_gmt":"2025-07-31T01:29:12","slug":"foo-fighters-anuncia-novo-baterista-saiba-quem-e","status":"publish","type":"post","link":"https:\/\/www.europesays.com\/pt\/9445\/","title":{"rendered":"Foo Fighters anuncia novo baterista; saiba quem \u00e9"},"content":{"rendered":"<p class=\"my-5 break-words\">Ap\u00f3s a <strong>morte de Taylor Hawkins<\/strong> em 2022, e a demiss\u00e3o de <strong>Josh Freese<\/strong> em maio, a banda americana<strong> Foo Fighters<\/strong> parece ter encontrado o seu novo baterista. O escolhido \u00e9<strong> Ilan Rubin<\/strong>, conhecido por integrar as bandas Nine Inch Nails e Angels &amp; Airwaves.<\/p>\n<p class=\"my-5 break-words\">A novidade foi revelada pelo The Hollywood Reporter, que tamb\u00e9m afirmou que o ex-baterista <strong><a href=\"https:\/\/www.cnnbrasil.com.br\/entretenimento\/josh-freese-e-demitido-do-foo-fighters-e-reage-chocado-e-desapontado\/\" class=\"text-red-600 underline hover:text-red-500 font-medium break-words\" target=\"_self\" rel=\"nofollow noopener\">John Freese<\/a> retornar\u00e1 ao Nine Inch Nails<\/strong>, que publicou uma foto do baterista recentemente e aqueceu para seu retorno.<\/p>\n<p class=\"my-5 break-words\">Segundo a publica\u00e7\u00e3o, ainda n\u00e3o se sabe se <strong>Rubin ser\u00e1 um membro fixo da banda ou apenas em uma turn\u00ea espec\u00edfica<\/strong> do <a href=\"https:\/\/www.cnnbrasil.com.br\/entretenimento\/foo-fighters-celebra-30-anos-com-lancamento-surpresa-de-todays-song-ouca\/\" class=\"text-red-600 underline hover:text-red-500 font-medium break-words\" target=\"_self\" rel=\"nofollow noopener\">Foo Fighters<\/a>, e o m\u00fasico teria informado recentemente o vocalista e l\u00edder do Nine Inch Nails, Trent Reznor, que ele teria aceitado assumir o posto de baterista em uma outra banda. Por enquanto, ainda n\u00e3o h\u00e1 previs\u00e3o de estreia do baterista.<\/p>\n<p class=\"my-5 break-words\">Rubin \u00e9 conhecido por ter tocado em bandas como <strong>Nine Inch Nails<\/strong>,<strong> Paramore<\/strong>, <strong>Lostprophets<\/strong>,<strong> Angels &amp; Airwaves<\/strong>, e suas parcerias com o m\u00fasico <strong>Danny Elfman<\/strong>. Em 2020, ele entrou para o Rock and Roll Hall of Fame e se tornou o m\u00fasico mais jovem a ser introduzido na seleta lista de artistas.<\/p>\n<p class=\"my-5 break-words\">Ele tamb\u00e9m atuou como compositor de filmes como &#8220;Bobcat Moretti&#8221;, &#8220;Monsters of California&#8221; e &#8220;Matador de Aluguel&#8221;.<\/p>\n<p class=\"my-5 break-words\"><a href=\"https:\/\/www.cnnbrasil.com.br\/entretenimento\/foo-fighters-celebra-30-anos-com-lancamento-surpresa-de-todays-song-ouca\/\" class=\"text-red-600 underline hover:text-red-500 font-medium break-words\" target=\"_self\" rel=\"nofollow noopener\">Foo Fighters<\/a> foi fundada em 1994 pelo baterista do Nirvana, Dave Grohl, e conta com os m\u00fasicos Nate Mendel, Chris Shiflett, Pat Smear e Rami Jaffee. Em 2022, o baterista <a href=\"https:\/\/www.cnnbrasil.com.br\/entretenimento\/morre-taylor-hawkins-baterista-do-foo-fighters\/\" class=\"text-red-600 underline hover:text-red-500 font-medium break-words\" target=\"_self\" rel=\"nofollow noopener\">Taylor Hawkins foi encontrado morto<\/a> em Bogot\u00e1, pouco antes da apresenta\u00e7\u00e3o da banda no Festival Est\u00e9reo Picnic.<\/p>\n","protected":false},"excerpt":{"rendered":"Ap\u00f3s a morte de Taylor Hawkins em 2022, e a demiss\u00e3o de Josh Freese em maio, a banda&hellip;\n","protected":false},"author":2,"featured_media":9446,"comment_status":"","ping_status":"","sticky":false,"template":"","format":"standard","meta":{"footnotes":""},"categories":[141],"tags":[114,115,149,150,32,33],"class_list":{"0":"post-9445","1":"post","2":"type-post","3":"status-publish","4":"format-standard","5":"has-post-thumbnail","7":"category-musica","8":"tag-entertainment","9":"tag-entretenimento","10":"tag-music","11":"tag-musica","12":"tag-portugal","13":"tag-pt"},"share_on_mastodon":{"url":"","error":""},"_links":{"self":[{"href":"https:\/\/www.europesays.com\/pt\/wp-json\/wp\/v2\/posts\/9445","targetHints":{"allow":["GET"]}}],"collection":[{"href":"https:\/\/www.europesays.com\/pt\/wp-json\/wp\/v2\/posts"}],"about":[{"href":"https:\/\/www.europesays.com\/pt\/wp-json\/wp\/v2\/types\/post"}],"author":[{"embeddable":true,"href":"https:\/\/www.europesays.com\/pt\/wp-json\/wp\/v2\/users\/2"}],"replies":[{"embeddable":true,"href":"https:\/\/www.europesays.com\/pt\/wp-json\/wp\/v2\/comments?post=9445"}],"version-history":[{"count":0,"href":"https:\/\/www.europesays.com\/pt\/wp-json\/wp\/v2\/posts\/9445\/revisions"}],"wp:featuredmedia":[{"embeddable":true,"href":"https:\/\/www.europesays.com\/pt\/wp-json\/wp\/v2\/media\/9446"}],"wp:attachment":[{"href":"https:\/\/www.europesays.com\/pt\/wp-json\/wp\/v2\/media?parent=9445"}],"wp:term":[{"taxonomy":"category","embeddable":true,"href":"https:\/\/www.europesays.com\/pt\/wp-json\/wp\/v2\/categories?post=9445"},{"taxonomy":"post_tag","embeddable":true,"href":"https:\/\/www.europesays.com\/pt\/wp-json\/wp\/v2\/tags?post=9445"}],"curies":[{"name":"wp","href":"https:\/\/api.w.org\/{rel}","templated":true}]}}