{"id":94594,"date":"2025-10-01T16:02:13","date_gmt":"2025-10-01T16:02:13","guid":{"rendered":"https:\/\/www.europesays.com\/pt\/94594\/"},"modified":"2025-10-01T16:02:13","modified_gmt":"2025-10-01T16:02:13","slug":"troca-de-olhares-e-flirt-caliente-mariana-aproxima-se-da-boca-de-rui-e-este-nem-se-mexeu-secret-story","status":"publish","type":"post","link":"https:\/\/www.europesays.com\/pt\/94594\/","title":{"rendered":"Troca de olhares e flirt caliente! Mariana aproxima-se da boca de Rui e este nem se mexeu &#8211; Secret Story"},"content":{"rendered":"<p>No Secret Story 9, Mariana e Rui t\u00eam um segredo em comum a esconder: s\u00e3o guardi\u00e3es da Voz. No entanto, os dois est\u00e3o cada vez mais pr\u00f3ximos e, numa conversa na sala, a concorrente aproxima-se da boca do concorrente. Veja tudo.<\/p>\n<p>Esta semana, h\u00e1 seis nomeados em risco de expuls\u00e3o. Vote para salvar o seu favorito:<\/p>\n<p>F\u00c1BIO \u2013 761 20 20 08<br \/>JOANA \u2013 761 20 20 11<br \/>LEANDRO \u2013 761 20 20 12<br \/>LILIANA \u2013 761 20 20 14<br \/>PEDRO \u2013 761 20 20 18<br \/>SANDRO \u2013 761 20 20 20<\/p>\n<p><a href=\"https:\/\/tvi.iol.pt\/secretstory\/aominuto\" rel=\"nofollow noopener\" target=\"_blank\">Acompanhe aqui tudo o que se passa na casa mais vigiada do pa\u00eds!<\/a><\/p>\n<p>\u00a0<\/p>\n","protected":false},"excerpt":{"rendered":"No Secret Story 9, Mariana e Rui t\u00eam um segredo em comum a esconder: s\u00e3o guardi\u00e3es da Voz.&hellip;\n","protected":false},"author":2,"featured_media":94595,"comment_status":"","ping_status":"","sticky":false,"template":"","format":"standard","meta":{"footnotes":""},"categories":[142],"tags":[114,115,884,18800,32,33,2444,151,162,18801],"class_list":{"0":"post-94594","1":"post","2":"type-post","3":"status-publish","4":"format-standard","5":"has-post-thumbnail","7":"category-tv","8":"tag-entertainment","9":"tag-entretenimento","10":"tag-mariana","11":"tag-momentos-virais-secret-story","12":"tag-portugal","13":"tag-pt","14":"tag-rui","15":"tag-tv","16":"tag-tvi","17":"tag-videos-virais-concorrentes"},"share_on_mastodon":{"url":"","error":""},"_links":{"self":[{"href":"https:\/\/www.europesays.com\/pt\/wp-json\/wp\/v2\/posts\/94594","targetHints":{"allow":["GET"]}}],"collection":[{"href":"https:\/\/www.europesays.com\/pt\/wp-json\/wp\/v2\/posts"}],"about":[{"href":"https:\/\/www.europesays.com\/pt\/wp-json\/wp\/v2\/types\/post"}],"author":[{"embeddable":true,"href":"https:\/\/www.europesays.com\/pt\/wp-json\/wp\/v2\/users\/2"}],"replies":[{"embeddable":true,"href":"https:\/\/www.europesays.com\/pt\/wp-json\/wp\/v2\/comments?post=94594"}],"version-history":[{"count":0,"href":"https:\/\/www.europesays.com\/pt\/wp-json\/wp\/v2\/posts\/94594\/revisions"}],"wp:featuredmedia":[{"embeddable":true,"href":"https:\/\/www.europesays.com\/pt\/wp-json\/wp\/v2\/media\/94595"}],"wp:attachment":[{"href":"https:\/\/www.europesays.com\/pt\/wp-json\/wp\/v2\/media?parent=94594"}],"wp:term":[{"taxonomy":"category","embeddable":true,"href":"https:\/\/www.europesays.com\/pt\/wp-json\/wp\/v2\/categories?post=94594"},{"taxonomy":"post_tag","embeddable":true,"href":"https:\/\/www.europesays.com\/pt\/wp-json\/wp\/v2\/tags?post=94594"}],"curies":[{"name":"wp","href":"https:\/\/api.w.org\/{rel}","templated":true}]}}