{"id":94614,"date":"2025-10-01T16:13:08","date_gmt":"2025-10-01T16:13:08","guid":{"rendered":"https:\/\/www.europesays.com\/pt\/94614\/"},"modified":"2025-10-01T16:13:08","modified_gmt":"2025-10-01T16:13:08","slug":"robbie-williams-diagnosticado-com-sindrome-de-tourette","status":"publish","type":"post","link":"https:\/\/www.europesays.com\/pt\/94614\/","title":{"rendered":"Robbie Williams diagnosticado com s\u00edndrome de Tourette"},"content":{"rendered":"<p>O cantor brit\u00e2nico, de 51 anos, foi o convidado do primeiro epis\u00f3dio da nova temporada do podcast &#8220;I&#8217;m ADHD! No you&#8217;re not&#8221; onde revelou ter sido recentemente diagnosticado com s\u00edndrome de Tourette.<\/p>\n<p data-remotead-prev-elm=\"true\" data-remotead-elm-id=\"inread\">&#8220;S\u00e3o pensamentos intrusivos que acontecem. Estava a andar na rua outro dia e percebi que esses pensamentos fazem parte da s\u00edndrome de Tourette. Eles simplesmente n\u00e3o desaparecem&#8221;, partilhou o artista, falando abertamente acerca da condi\u00e7\u00e3o neurol\u00f3gica.<\/p>\n<p>Robbie Williams explicou ainda que estar em palco n\u00e3o atenua os sintomas. &#8220;Podia pensar-se que um est\u00e1dio cheio de pessoas a declarar o seu amor funcionaria como distra\u00e7\u00e3o. Mas, seja o que for que est\u00e1 dentro de mim, eu n\u00e3o consigo ouvir. N\u00e3o consigo absorver&#8221;.<\/p>\n<p data-remotead-prev-elm=\"true\" data-remotead-elm-id=\"centro1\">Esta luta interna levou-o a desenvolver um certo p\u00e2nico associado \u00e0s atua\u00e7\u00f5es ao vivo, for\u00e7ando-o a adotar uma postura de coragem que, segundo o pr\u00f3prio, est\u00e1 longe do que realmente sente. &#8220;Tenho uma rela\u00e7\u00e3o muito complicada com as digress\u00f5es e os concertos ao vivo. As pessoas dizem: &#8216;Deves estar entusiasmado com a nova digress\u00e3o&#8217;. N\u00e3o exatamente. Estou apavorado&#8221;.<\/p>\n<p>Adi\u00e7\u00e3o e TDAH<\/p>\n<p>Al\u00e9m da s\u00edndrome de Tourette, que descreve como &#8220;intrusiva&#8221;, com explos\u00f5es contidas, mas pensamentos intensos que nem mesmo a aclama\u00e7\u00e3o de milhares de f\u00e3s consegue silenciar, Robbie Williams enfrenta outros desafios ao n\u00edvel da sa\u00fade mental.<\/p>\n<p data-remotead-prev-elm=\"true\" data-remotead-elm-id=\"centro2\">Diagnosticado com Transtorno de D\u00e9fice de Aten\u00e7\u00e3o com Hiperatividade (TDAH), o cantor tem tamb\u00e9m um historial de depend\u00eancia. Desde que atingiu a fama nos anos 90, enfrentou v\u00e1rios epis\u00f3dios de adi\u00e7\u00e3o ao \u00e1lcool e a drogas, tendo passado por diversos per\u00edodos de reabilita\u00e7\u00e3o.<\/p>\n<p>A sua luta pessoal foi retratada no filme &#8220;Better man&#8221;, realizado por Michael Gracey, que foi nomeado para os Oscares deste ano na categoria de Melhores Efeitos Visuais.<\/p>\n","protected":false},"excerpt":{"rendered":"O cantor brit\u00e2nico, de 51 anos, foi o convidado do primeiro epis\u00f3dio da nova temporada do podcast &#8220;I&#8217;m&hellip;\n","protected":false},"author":2,"featured_media":94615,"comment_status":"","ping_status":"","sticky":false,"template":"","format":"standard","meta":{"footnotes":""},"categories":[145],"tags":[211,210,114,115,32,33,23472,23473],"class_list":{"0":"post-94614","1":"post","2":"type-post","3":"status-publish","4":"format-standard","5":"has-post-thumbnail","7":"category-celebridades","8":"tag-celebridades","9":"tag-celebrities","10":"tag-entertainment","11":"tag-entretenimento","12":"tag-portugal","13":"tag-pt","14":"tag-robbie-williams","15":"tag-sindrome-de-tourette"},"share_on_mastodon":{"url":"","error":""},"_links":{"self":[{"href":"https:\/\/www.europesays.com\/pt\/wp-json\/wp\/v2\/posts\/94614","targetHints":{"allow":["GET"]}}],"collection":[{"href":"https:\/\/www.europesays.com\/pt\/wp-json\/wp\/v2\/posts"}],"about":[{"href":"https:\/\/www.europesays.com\/pt\/wp-json\/wp\/v2\/types\/post"}],"author":[{"embeddable":true,"href":"https:\/\/www.europesays.com\/pt\/wp-json\/wp\/v2\/users\/2"}],"replies":[{"embeddable":true,"href":"https:\/\/www.europesays.com\/pt\/wp-json\/wp\/v2\/comments?post=94614"}],"version-history":[{"count":0,"href":"https:\/\/www.europesays.com\/pt\/wp-json\/wp\/v2\/posts\/94614\/revisions"}],"wp:featuredmedia":[{"embeddable":true,"href":"https:\/\/www.europesays.com\/pt\/wp-json\/wp\/v2\/media\/94615"}],"wp:attachment":[{"href":"https:\/\/www.europesays.com\/pt\/wp-json\/wp\/v2\/media?parent=94614"}],"wp:term":[{"taxonomy":"category","embeddable":true,"href":"https:\/\/www.europesays.com\/pt\/wp-json\/wp\/v2\/categories?post=94614"},{"taxonomy":"post_tag","embeddable":true,"href":"https:\/\/www.europesays.com\/pt\/wp-json\/wp\/v2\/tags?post=94614"}],"curies":[{"name":"wp","href":"https:\/\/api.w.org\/{rel}","templated":true}]}}