{"id":94616,"date":"2025-10-01T16:15:09","date_gmt":"2025-10-01T16:15:09","guid":{"rendered":"https:\/\/www.europesays.com\/pt\/94616\/"},"modified":"2025-10-01T16:15:09","modified_gmt":"2025-10-01T16:15:09","slug":"professora-de-capivari-de-baixo-lanca-livro-sobre-pratica-docente-inicio","status":"publish","type":"post","link":"https:\/\/www.europesays.com\/pt\/94616\/","title":{"rendered":"Professora de Capivari de\u00a0Baixo lan\u00e7a livro\u00a0sobre pr\u00e1tica docente &#8211; In\u00edcio"},"content":{"rendered":"<p>A professora Carine da Silva Salvador, da Escola de Educa\u00e7\u00e3o B\u00e1sica Martinho Ghizzo, de Tubar\u00e3o, lan\u00e7ou no \u00faltimo s\u00e1bado (27), o livro \u201cAlfabetiza\u00e7\u00e3o em destaque\u201d. O lan\u00e7amento ocorreu em Capivari de Baixo. A obra da pedagoga re\u00fane relatos, mem\u00f3rias e pr\u00e1ticas de alfabetiza\u00e7\u00e3o vitoriosas com alunos em dificuldade. Al\u00e9m disso, o volume traz reflex\u00f5es sobre o valor da escrita manual na aprendizagem dos estudantes.<\/p>\n<p>A escritora relata que foram necess\u00e1rios tr\u00eas meses para escrever o livro. \u201cEm 2023, fui convidada pela escritora Eliana Camargo de Balne\u00e1rio Cambori\u00fa, para dividir a coautoria da obra. Acordava muito cedo para escrever toda a experi\u00eancia iniciada em 2005. Algumas vezes meu filho com 2 anos na \u00e9poca, participava do processo de escrita no meu colo\u201d, conta.<\/p>\n<p>Segundo a educadora, todo este trabalho n\u00e3o teria sucesso sem a participa\u00e7\u00e3o direta de outros profissionais, dos alunos e das fam\u00edlias. Ela assegura que alfabetizar \u00e9 mais do que ensinar a ler e escrever. \u201cAlfabetizar \u00e9 dar ferramentas essenciais para que uma crian\u00e7a se desenvolva plenamente como cidad\u00e3\u201d, pontua.<\/p>\n<p>Para Carine, um trabalho forte de alfabetiza\u00e7\u00e3o e letramento \u00e9 uma das chaves para o sucesso da alfabetiza\u00e7\u00e3o. Ela acredita na riqueza e na for\u00e7a que um trabalho bem-organizado, direcionado, sistematizado, com continuidade. \u201cAlfabetizar \u00e9 proporcionar a base para os aprendizados, para as rela\u00e7\u00f5es e para a vida. Exige t\u00e9cnica, compromisso e inspira\u00e7\u00e3o. \u00c9 uma das miss\u00f5es mais enriquecedoras na vida de um professor\u201d, finaliza.<\/p>\n<p>Carine foi convidada para ser coautora da obra ap\u00f3s Eliana visualizar os trabalhos da docente do Sul do Estado nas redes sociais. A professora compartilhava suas atividades de sala de aulas nas redes sociais.<\/p>\n","protected":false},"excerpt":{"rendered":"A professora Carine da Silva Salvador, da Escola de Educa\u00e7\u00e3o B\u00e1sica Martinho Ghizzo, de Tubar\u00e3o, lan\u00e7ou no \u00faltimo&hellip;\n","protected":false},"author":2,"featured_media":94617,"comment_status":"","ping_status":"","sticky":false,"template":"","format":"standard","meta":{"footnotes":""},"categories":[143],"tags":[169,114,115,170,32,33],"class_list":{"0":"post-94616","1":"post","2":"type-post","3":"status-publish","4":"format-standard","5":"has-post-thumbnail","7":"category-livros","8":"tag-books","9":"tag-entertainment","10":"tag-entretenimento","11":"tag-livros","12":"tag-portugal","13":"tag-pt"},"share_on_mastodon":{"url":"","error":""},"_links":{"self":[{"href":"https:\/\/www.europesays.com\/pt\/wp-json\/wp\/v2\/posts\/94616","targetHints":{"allow":["GET"]}}],"collection":[{"href":"https:\/\/www.europesays.com\/pt\/wp-json\/wp\/v2\/posts"}],"about":[{"href":"https:\/\/www.europesays.com\/pt\/wp-json\/wp\/v2\/types\/post"}],"author":[{"embeddable":true,"href":"https:\/\/www.europesays.com\/pt\/wp-json\/wp\/v2\/users\/2"}],"replies":[{"embeddable":true,"href":"https:\/\/www.europesays.com\/pt\/wp-json\/wp\/v2\/comments?post=94616"}],"version-history":[{"count":0,"href":"https:\/\/www.europesays.com\/pt\/wp-json\/wp\/v2\/posts\/94616\/revisions"}],"wp:featuredmedia":[{"embeddable":true,"href":"https:\/\/www.europesays.com\/pt\/wp-json\/wp\/v2\/media\/94617"}],"wp:attachment":[{"href":"https:\/\/www.europesays.com\/pt\/wp-json\/wp\/v2\/media?parent=94616"}],"wp:term":[{"taxonomy":"category","embeddable":true,"href":"https:\/\/www.europesays.com\/pt\/wp-json\/wp\/v2\/categories?post=94616"},{"taxonomy":"post_tag","embeddable":true,"href":"https:\/\/www.europesays.com\/pt\/wp-json\/wp\/v2\/tags?post=94616"}],"curies":[{"name":"wp","href":"https:\/\/api.w.org\/{rel}","templated":true}]}}