{"id":94620,"date":"2025-10-01T16:17:09","date_gmt":"2025-10-01T16:17:09","guid":{"rendered":"https:\/\/www.europesays.com\/pt\/94620\/"},"modified":"2025-10-01T16:17:09","modified_gmt":"2025-10-01T16:17:09","slug":"abigeato-em-sao-ludgero-gera-prejuizo-de-r-25-mil-a-familia","status":"publish","type":"post","link":"https:\/\/www.europesays.com\/pt\/94620\/","title":{"rendered":"Abigeato em S\u00e3o Ludgero gera preju\u00edzo de R$ 25 mil \u00e0 fam\u00edlia"},"content":{"rendered":"<p>\t\t\t\t\t\tSEGURAN\u00c7A<\/p>\n<p>01\/10\/2025 08h21<\/p>\n<p class=\"linhadeapoio\">Quatro vacas foram furtadas <\/p>\n<p>\t\t\t\t\t\t\t\t\t<img decoding=\"async\" src=\"https:\/\/www.europesays.com\/pt\/wp-content\/uploads\/2025\/10\/01-G.jpg\" \/><br \/>\n\t\t\t\t\t\t\t\t\t\t\t\t\t\t\t\t\t\tFoto: Reprodu\u00e7\u00e3o\/Ilustrativa<\/p>\n<p>Um furto de gado foi registrado na manh\u00e3 desta ter\u00e7a-feira (30), no bairro Morro do Cruzeiro, em S\u00e3o Ludgero.<\/p>\n<p>De acordo com a Pol\u00edcia Militar, o caso ocorreu por volta das 6h30, quando o propriet\u00e1rio do local percebeu a falta de quatro vacas ao ir realizar a ordenha. Ele e a esposa procuraram pelos animais no pasto, mas n\u00e3o os encontraram.<\/p>\n<p>O preju\u00edzo foi estimado em cerca de R$ 25 mil. A PM registrou um boletim de ocorr\u00eancia e deve investigar o caso.<\/p>\n<p>CONTINUA DEPOIS DA PUBLICIDADE<\/p>\n<p>\u00a0<\/p>\n<p><strong>Receba as principais informa\u00e7\u00f5es do portal em nosso grupo de leitores do WhatsApp. Entre\u00a0<a href=\"https:\/\/chat.whatsapp.com\/HeG3PqbYKi46U6f677uvai\" rel=\"nofollow noopener\" target=\"_blank\">aqui<\/a>.<\/strong><\/p>\n<p>Fonte: Reda\u00e7\u00e3o<\/p>\n","protected":false},"excerpt":{"rendered":"SEGURAN\u00c7A 01\/10\/2025 08h21 Quatro vacas foram furtadas Foto: Reprodu\u00e7\u00e3o\/Ilustrativa Um furto de gado foi registrado na manh\u00e3 desta&hellip;\n","protected":false},"author":2,"featured_media":94621,"comment_status":"","ping_status":"","sticky":false,"template":"","format":"standard","meta":{"footnotes":""},"categories":[141],"tags":[114,115,149,150,32,33],"class_list":{"0":"post-94620","1":"post","2":"type-post","3":"status-publish","4":"format-standard","5":"has-post-thumbnail","7":"category-musica","8":"tag-entertainment","9":"tag-entretenimento","10":"tag-music","11":"tag-musica","12":"tag-portugal","13":"tag-pt"},"share_on_mastodon":{"url":"","error":""},"_links":{"self":[{"href":"https:\/\/www.europesays.com\/pt\/wp-json\/wp\/v2\/posts\/94620","targetHints":{"allow":["GET"]}}],"collection":[{"href":"https:\/\/www.europesays.com\/pt\/wp-json\/wp\/v2\/posts"}],"about":[{"href":"https:\/\/www.europesays.com\/pt\/wp-json\/wp\/v2\/types\/post"}],"author":[{"embeddable":true,"href":"https:\/\/www.europesays.com\/pt\/wp-json\/wp\/v2\/users\/2"}],"replies":[{"embeddable":true,"href":"https:\/\/www.europesays.com\/pt\/wp-json\/wp\/v2\/comments?post=94620"}],"version-history":[{"count":0,"href":"https:\/\/www.europesays.com\/pt\/wp-json\/wp\/v2\/posts\/94620\/revisions"}],"wp:featuredmedia":[{"embeddable":true,"href":"https:\/\/www.europesays.com\/pt\/wp-json\/wp\/v2\/media\/94621"}],"wp:attachment":[{"href":"https:\/\/www.europesays.com\/pt\/wp-json\/wp\/v2\/media?parent=94620"}],"wp:term":[{"taxonomy":"category","embeddable":true,"href":"https:\/\/www.europesays.com\/pt\/wp-json\/wp\/v2\/categories?post=94620"},{"taxonomy":"post_tag","embeddable":true,"href":"https:\/\/www.europesays.com\/pt\/wp-json\/wp\/v2\/tags?post=94620"}],"curies":[{"name":"wp","href":"https:\/\/api.w.org\/{rel}","templated":true}]}}