{"id":94632,"date":"2025-10-01T16:24:14","date_gmt":"2025-10-01T16:24:14","guid":{"rendered":"https:\/\/www.europesays.com\/pt\/94632\/"},"modified":"2025-10-01T16:24:14","modified_gmt":"2025-10-01T16:24:14","slug":"oktoberfest-fechado-ate-quarta-feira-a-tarde","status":"publish","type":"post","link":"https:\/\/www.europesays.com\/pt\/94632\/","title":{"rendered":"Oktoberfest Fechado at\u00e9 Quarta-feira \u00e0 Tarde"},"content":{"rendered":"<p>O Oktoberfest, o festival de cerveja em Munique, vai manter-se encerrado por tempo indeterminado, depois de a pol\u00edcia ter informado que descobriu esta quarta-feira, 1 de outubro, explosivos que se incendiaram e causaram uma morte num edif\u00edcio residencial no norte da cidade.<\/p>\n<p>As autoridades est\u00e3o a levar a cabo uma grande opera\u00e7\u00e3o, com as for\u00e7as especiais a investigar uma \u00e1rea no norte de Munique onde o jornal Bild e v\u00e1rias outros meios de comunica\u00e7\u00e3o social relataram tiros e explos\u00f5es.<\/p>\n<p>A pol\u00edcia informou que o edif\u00edcio residencial foi deliberadamente incendiado no \u00e2mbito de uma disputa familiar e que uma pessoa morreu e outra est\u00e1 desaparecida, mas n\u00e3o se acredita que esteja em perigo.<\/p>\n","protected":false},"excerpt":{"rendered":"O Oktoberfest, o festival de cerveja em Munique, vai manter-se encerrado por tempo indeterminado, depois de a pol\u00edcia&hellip;\n","protected":false},"author":2,"featured_media":94633,"comment_status":"","ping_status":"","sticky":false,"template":"","format":"standard","meta":{"footnotes":""},"categories":[50],"tags":[1305,27,28,10922,15,16,14,25,26,21,22,62,23403,12,13,19,20,13097,23,24,17,18,29,30,31,63,64,65],"class_list":{"0":"post-94632","1":"post","2":"type-post","3":"status-publish","4":"format-standard","5":"has-post-thumbnail","7":"category-mundo","8":"tag-alemanha","9":"tag-breaking-news","10":"tag-breakingnews","11":"tag-explosao","12":"tag-featured-news","13":"tag-featurednews","14":"tag-headlines","15":"tag-latest-news","16":"tag-latestnews","17":"tag-main-news","18":"tag-mainnews","19":"tag-mundo","20":"tag-munique","21":"tag-news","22":"tag-noticias","23":"tag-noticias-principais","24":"tag-noticiasprincipais","25":"tag-oktoberfest","26":"tag-principais-noticias","27":"tag-principaisnoticias","28":"tag-top-stories","29":"tag-topstories","30":"tag-ultimas","31":"tag-ultimas-noticias","32":"tag-ultimasnoticias","33":"tag-world","34":"tag-world-news","35":"tag-worldnews"},"share_on_mastodon":{"url":"","error":""},"_links":{"self":[{"href":"https:\/\/www.europesays.com\/pt\/wp-json\/wp\/v2\/posts\/94632","targetHints":{"allow":["GET"]}}],"collection":[{"href":"https:\/\/www.europesays.com\/pt\/wp-json\/wp\/v2\/posts"}],"about":[{"href":"https:\/\/www.europesays.com\/pt\/wp-json\/wp\/v2\/types\/post"}],"author":[{"embeddable":true,"href":"https:\/\/www.europesays.com\/pt\/wp-json\/wp\/v2\/users\/2"}],"replies":[{"embeddable":true,"href":"https:\/\/www.europesays.com\/pt\/wp-json\/wp\/v2\/comments?post=94632"}],"version-history":[{"count":0,"href":"https:\/\/www.europesays.com\/pt\/wp-json\/wp\/v2\/posts\/94632\/revisions"}],"wp:featuredmedia":[{"embeddable":true,"href":"https:\/\/www.europesays.com\/pt\/wp-json\/wp\/v2\/media\/94633"}],"wp:attachment":[{"href":"https:\/\/www.europesays.com\/pt\/wp-json\/wp\/v2\/media?parent=94632"}],"wp:term":[{"taxonomy":"category","embeddable":true,"href":"https:\/\/www.europesays.com\/pt\/wp-json\/wp\/v2\/categories?post=94632"},{"taxonomy":"post_tag","embeddable":true,"href":"https:\/\/www.europesays.com\/pt\/wp-json\/wp\/v2\/tags?post=94632"}],"curies":[{"name":"wp","href":"https:\/\/api.w.org\/{rel}","templated":true}]}}