{"id":94638,"date":"2025-10-01T16:27:10","date_gmt":"2025-10-01T16:27:10","guid":{"rendered":"https:\/\/www.europesays.com\/pt\/94638\/"},"modified":"2025-10-01T16:27:10","modified_gmt":"2025-10-01T16:27:10","slug":"fanny-rodrigues-vende-roupa-na-feira-com-muito-orgulho","status":"publish","type":"post","link":"https:\/\/www.europesays.com\/pt\/94638\/","title":{"rendered":"Fanny Rodrigues vende roupa na feira: &#8220;Com muito orgulho!&#8221;"},"content":{"rendered":"<p>Depois de recuperar a conta no Instagram, <a href=\"https:\/\/selfie.iol.pt\/famosos\/casa-dos-segredos\/o-bom-filho-a-casa-torna-ao-lado-de-pessoa-unica-fanny-rodrigues-faz-revelacao\/20250927\/68d7def7d34e58bc679640df\" target=\"_blank\" rel=\"nofollow noopener\">Fanny Rodrigues<\/a> aproveitou para promover o novo projeto e convidar os f\u00e3s para irem ter com ela \u00e0 Festa da Senhora das Areias, de S\u00e3o Jacinto, em Aveiro, que decorre entre 3 e 5 de outubro.<\/p>\n<p>Segundo informou aquela que fiou conhecida como belle portugaise, Fanny estar\u00e1 a vender roupa naquela festa, ao lado de outros feirantes, depois de ter estado a fazer o mesmo nas festas em Honra de Nossa Senhora da Sa\u00fade, na Costa Nova do Prado: &#8220;A realidade da minha fam\u00edlia h\u00e1 mais de 50 anos. Sou filha\/neta de feirantes com muito orgulho!&#8221;.<\/p>\n<p>Nesta nova aventura, <a href=\"https:\/\/selfie.iol.pt\/famosos\/fanny-rodrigues\/fanny-rodrigues-declara-se-a-detchi-e-recebe-resposta-inesperada\/20250915\/68c7f676d34ee0c2fed01bb8\" target=\"_blank\" rel=\"nofollow noopener\">Fanny Rodrigues<\/a>, de 33 anos, conta com o apoio do namorado, Bernardo Calheiros, mais conhecido por <a href=\"https:\/\/selfie.iol.pt\/famosos\/fanny-rodrigues\/apos-reves-namorado-apoia-fanny-rodrigues-desistir-nunca\/20250825\/68ac7deed34e3f0baea1f81c\" target=\"_blank\" rel=\"nofollow noopener\">Detchi<\/a>, de 22.\u00a0&#8220;Nasceu para assumir o neg\u00f3cio comigo&#8221;, escreveu Fanny, que mostrou ainda v\u00e1rios momentos do rapper com a fam\u00edlia, revelando assim que a rela\u00e7\u00e3o do casal est\u00e1 de pedra e cal.<\/p>\n<p style=\"text-align:center\"><img loading=\"lazy\" decoding=\"async\" alt=\"\" height=\"842\" src=\"https:\/\/www.europesays.com\/pt\/wp-content\/uploads\/2025\/10\/68dd1239d34e58bc67966565.webp\" width=\"555\"\/><\/p>\n<p>\u00a0<\/p>\n","protected":false},"excerpt":{"rendered":"Depois de recuperar a conta no Instagram, Fanny Rodrigues aproveitou para promover o novo projeto e convidar os&hellip;\n","protected":false},"author":2,"featured_media":94639,"comment_status":"","ping_status":"","sticky":false,"template":"","format":"standard","meta":{"footnotes":""},"categories":[145],"tags":[211,210,114,115,980,23478,5795,1015,619,32,33,1012],"class_list":{"0":"post-94638","1":"post","2":"type-post","3":"status-publish","4":"format-standard","5":"has-post-thumbnail","7":"category-celebridades","8":"tag-celebridades","9":"tag-celebrities","10":"tag-entertainment","11":"tag-entretenimento","12":"tag-famosos","13":"tag-fanny","14":"tag-fanny-rodrigues","15":"tag-instagram","16":"tag-nacional","17":"tag-portugal","18":"tag-pt","19":"tag-selfie"},"share_on_mastodon":{"url":"","error":""},"_links":{"self":[{"href":"https:\/\/www.europesays.com\/pt\/wp-json\/wp\/v2\/posts\/94638","targetHints":{"allow":["GET"]}}],"collection":[{"href":"https:\/\/www.europesays.com\/pt\/wp-json\/wp\/v2\/posts"}],"about":[{"href":"https:\/\/www.europesays.com\/pt\/wp-json\/wp\/v2\/types\/post"}],"author":[{"embeddable":true,"href":"https:\/\/www.europesays.com\/pt\/wp-json\/wp\/v2\/users\/2"}],"replies":[{"embeddable":true,"href":"https:\/\/www.europesays.com\/pt\/wp-json\/wp\/v2\/comments?post=94638"}],"version-history":[{"count":0,"href":"https:\/\/www.europesays.com\/pt\/wp-json\/wp\/v2\/posts\/94638\/revisions"}],"wp:featuredmedia":[{"embeddable":true,"href":"https:\/\/www.europesays.com\/pt\/wp-json\/wp\/v2\/media\/94639"}],"wp:attachment":[{"href":"https:\/\/www.europesays.com\/pt\/wp-json\/wp\/v2\/media?parent=94638"}],"wp:term":[{"taxonomy":"category","embeddable":true,"href":"https:\/\/www.europesays.com\/pt\/wp-json\/wp\/v2\/categories?post=94638"},{"taxonomy":"post_tag","embeddable":true,"href":"https:\/\/www.europesays.com\/pt\/wp-json\/wp\/v2\/tags?post=94638"}],"curies":[{"name":"wp","href":"https:\/\/api.w.org\/{rel}","templated":true}]}}