{"id":94640,"date":"2025-10-01T16:29:13","date_gmt":"2025-10-01T16:29:13","guid":{"rendered":"https:\/\/www.europesays.com\/pt\/94640\/"},"modified":"2025-10-01T16:29:13","modified_gmt":"2025-10-01T16:29:13","slug":"pedro-bial-thalita-reboucas-e-sergio-rodrigues-cancelam-participacao-na-i-bienal-do-livro-do-parana","status":"publish","type":"post","link":"https:\/\/www.europesays.com\/pt\/94640\/","title":{"rendered":"Pedro Bial, Thalita Rebou\u00e7as e S\u00e9rgio Rodrigues cancelam participa\u00e7\u00e3o na I Bienal do Livro do Paran\u00e1"},"content":{"rendered":"<p>                <a class=\"gh-article-tag\" href=\"https:\/\/www.plural.jor.br\/bienal-do-livro-do-parana\/\" rel=\"nofollow noopener\" target=\"_blank\">Bienal do Livro do Paran\u00e1<\/a><\/p>\n<p class=\"gh-article-excerpt is-body\">Al\u00e9m dos tr\u00eas, Jarid Arraes tamb\u00e9m n\u00e3o estar\u00e1 no evento. Fora as baixas e um v\u00eddeo falso publicado, a produ\u00e7\u00e3o enfrenta outros problemas <\/p>\n<p>                            <a href=\"https:\/\/www.plural.jor.br\/author\/luciana\/\" rel=\"nofollow noopener\" target=\"_blank\"><br \/>\n                                <img decoding=\"async\" class=\"author-profile-image\" src=\"https:\/\/www.europesays.com\/pt\/wp-content\/uploads\/2025\/10\/e511182108abaae1250976c569f31317\" alt=\"Luciana Nogueira Melo\"\/><br \/>\n                            <\/a><\/p>\n<p>        <img decoding=\"async\"   src=\"https:\/\/www.europesays.com\/pt\/wp-content\/uploads\/2025\/10\/Pedro-Bial-e-Thatita-Rebouc-as---reproduc-a-o-site-Bienal---Se-rgio-Rebouc-as-por-Renato-Parada-1.jp.jpeg\" alt=\"Pedro Bial, Thalita Rebou\u00e7as e S\u00e9rgio Rodrigues cancelam participa\u00e7\u00e3o na I Bienal do Livro do Paran\u00e1\"\/><br \/>\n            Escritores Pedro Bial e Thatita Rebouc\u0327as e Se\u0301rgio Rodrigues (Fotos 1 e 2: Reproduc\u0327a\u0303o do site da I Bienal do Livro do Paran\u00e1. Foto 3: Renato-Parada.)<\/p>\n<p>Tr\u00eas dos principais nomes anunciados pela I Bienal do Livro do Paran\u00e1 anunciaram nesta quarta (1) que n\u00e3o ir\u00e3o mais participar do evento. Os jornalistas Pedro Bial e S\u00e9rgio Rodrigues e a escritora Thalita Rebou\u00e7as cancelaram sua participa\u00e7\u00e3o no evento, agendado para os dias 10 a 19 de outubro no Jockey, em Curitiba. A programa\u00e7\u00e3o completa que estava nos destaques do Instagram do evento foi retirada do ar.<\/p>\n<p>A assessoria de Thalita Rebou\u00e7as informou que o contrato n\u00e3o foi assinado em tempo h\u00e1bil e solicitou a retirada do nome da escritora da divulga\u00e7\u00e3o. A reportagem tamb\u00e9m apurou a sa\u00edda dos outros dois convidados com fontes pr\u00f3ximas dos autores. Bial alegou problemas de sa\u00fade para o cancelamento.<\/p>\n<p>A escritora Jarid Arraes tamb\u00e9m <a href=\"https:\/\/www.instagram.com\/p\/DPO-0SZiJsE\/?img_index=2&amp;ref=plural.jor.br\" rel=\"noreferrer nofollow noopener\" target=\"_blank\">comunicou em suas redes sociais<\/a> que n\u00e3o estar\u00e1 no evento, por motivo de sa\u00fade.<\/p>\n<p>Problemas<\/p>\n<p>O <strong>Plural<\/strong> publicou na semana passada <a href=\"https:\/\/www.plural.jor.br\/entenda-tudo-o-que-coloca-em-risco-a-1a-bienal-do-livro-do-parana\/\" rel=\"noreferrer nofollow noopener\" target=\"_blank\">uma longa reportagem<\/a> mostrando diversos problemas e d\u00favidas que pairam sobre a Bienal, como processos judiciais contra a organizadora e sua empresa, que inclusive est\u00e1 com contas banc\u00e1rias bloqueadas.<\/p>\n<p>A reportagem tamb\u00e9m confirmou que o v\u00eddeo com uma montagem grandiosa publicado sexta-feira (26\/09) no Instagram da Bienal mostrando o in\u00edcio das montagens de estruturas n\u00e3o \u00e9 do evento. S\u00e3o imagens do Super Tenda, que aconteceu no Jockey Club do Paran\u00e1 dias 27 e 28 de setembro.<\/p>\n<p>O <strong>Plural<\/strong> est\u00e1 apurando como quem comprou ingresso poder\u00e1 pedir reembolso para a empresa Fever.<\/p>\n<p><strong>Esta reportagem foi atualizada em 1\u00ba de agosto de 2025, \u00e0s 12:35.<\/strong><\/p>\n<p>Leia tamb\u00e9m<a class=\"kg-bookmark-container\" href=\"https:\/\/www.plural.jor.br\/entenda-tudo-o-que-coloca-em-risco-a-1a-bienal-do-livro-do-parana\/\" rel=\"nofollow noopener\" target=\"_blank\"><\/p>\n<p>Entenda tudo o que coloca em risco a 1\u00aa Bienal do Livro do Paran\u00e1<\/p>\n<p>Sobram reclama\u00e7\u00f5es enquanto faltam patroc\u00ednios e apoios no evento \u2013 que j\u00e1 foi adiado, trocou de endere\u00e7o e dificilmente ser\u00e1 o esperado. Confira novas informa\u00e7\u00f5es sobre o caso<\/p>\n<p><img decoding=\"async\" src=\"https:\/\/www.europesays.com\/pt\/wp-content\/uploads\/2025\/10\/Bienal-do-Livro-no-Parana--pode-ser-cancelada.jpg\" alt=\"\" onerror=\"this.style.display = 'none'\"\/><\/a><br \/>\n        <script async src=\"\/\/www.instagram.com\/embed.js\"><\/script><\/p>\n","protected":false},"excerpt":{"rendered":"Bienal do Livro do Paran\u00e1 Al\u00e9m dos tr\u00eas, Jarid Arraes tamb\u00e9m n\u00e3o estar\u00e1 no evento. Fora as baixas&hellip;\n","protected":false},"author":2,"featured_media":94641,"comment_status":"","ping_status":"","sticky":false,"template":"","format":"standard","meta":{"footnotes":""},"categories":[143],"tags":[169,114,115,170,32,33],"class_list":{"0":"post-94640","1":"post","2":"type-post","3":"status-publish","4":"format-standard","5":"has-post-thumbnail","7":"category-livros","8":"tag-books","9":"tag-entertainment","10":"tag-entretenimento","11":"tag-livros","12":"tag-portugal","13":"tag-pt"},"share_on_mastodon":{"url":"","error":""},"_links":{"self":[{"href":"https:\/\/www.europesays.com\/pt\/wp-json\/wp\/v2\/posts\/94640","targetHints":{"allow":["GET"]}}],"collection":[{"href":"https:\/\/www.europesays.com\/pt\/wp-json\/wp\/v2\/posts"}],"about":[{"href":"https:\/\/www.europesays.com\/pt\/wp-json\/wp\/v2\/types\/post"}],"author":[{"embeddable":true,"href":"https:\/\/www.europesays.com\/pt\/wp-json\/wp\/v2\/users\/2"}],"replies":[{"embeddable":true,"href":"https:\/\/www.europesays.com\/pt\/wp-json\/wp\/v2\/comments?post=94640"}],"version-history":[{"count":0,"href":"https:\/\/www.europesays.com\/pt\/wp-json\/wp\/v2\/posts\/94640\/revisions"}],"wp:featuredmedia":[{"embeddable":true,"href":"https:\/\/www.europesays.com\/pt\/wp-json\/wp\/v2\/media\/94641"}],"wp:attachment":[{"href":"https:\/\/www.europesays.com\/pt\/wp-json\/wp\/v2\/media?parent=94640"}],"wp:term":[{"taxonomy":"category","embeddable":true,"href":"https:\/\/www.europesays.com\/pt\/wp-json\/wp\/v2\/categories?post=94640"},{"taxonomy":"post_tag","embeddable":true,"href":"https:\/\/www.europesays.com\/pt\/wp-json\/wp\/v2\/tags?post=94640"}],"curies":[{"name":"wp","href":"https:\/\/api.w.org\/{rel}","templated":true}]}}