{"id":94654,"date":"2025-10-01T16:37:14","date_gmt":"2025-10-01T16:37:14","guid":{"rendered":"https:\/\/www.europesays.com\/pt\/94654\/"},"modified":"2025-10-01T16:37:14","modified_gmt":"2025-10-01T16:37:14","slug":"shutdown-governo-dos-eua-entra-em-paralisacao","status":"publish","type":"post","link":"https:\/\/www.europesays.com\/pt\/94654\/","title":{"rendered":"&#8220;Shutdown&#8221;: governo dos EUA entra em paralisa\u00e7\u00e3o"},"content":{"rendered":"<p>\t                A incapacidade de republicanos e democratas para chegarem a acordo sobre o financiamento federal desencadeou uma paralisa\u00e7\u00e3o parcial, que afeta atualmente os servi\u00e7os n\u00e3o essenciais, mas pode comprometer outras fun\u00e7\u00f5es se o impasse persistir<\/p>\n<p>A Administra\u00e7\u00e3o federal dos Estados Unidos ficou oficialmente sem or\u00e7amento \u00e0 meia-noite (05:00 em Lisboa), entrando em vigor planos de conting\u00eancia que preveem a dispensa de centenas de milhares de funcion\u00e1rios p\u00fablicos.\u00a0<\/p>\n<p>A incapacidade de republicanos e democratas para chegarem a acordo sobre o financiamento federal desencadeou uma paralisa\u00e7\u00e3o parcial, que afeta atualmente os servi\u00e7os n\u00e3o essenciais, mas pode comprometer outras fun\u00e7\u00f5es se o impasse persistir.<\/p>\n<p>Na ter\u00e7a-feira \u00e0 noite, a c\u00e2mara alta do parlamento dos Estados Unidos chumbou\u00a0uma proposta legislativa republicana e outra democrata para evitar a paralisa\u00e7\u00e3o, que aconteceu pela \u00faltima vez h\u00e1 sete anos.\u00a0<\/p>\n<p>Ap\u00f3s o chumbo da proposta democrata no Senado, de maioria republicana, tamb\u00e9m foi rejeitada esta noite\u00a0uma proposta do partido do presidente Donald Trump\u00a0que prolongava temporariamente o financiamento federal, at\u00e9 21 de novembro.\u00a0\u00a0<\/p>\n<p>A proposta, que daria a ambos os partidos mais sete semanas para negociar o or\u00e7amento completo para o pr\u00f3ximo ano fiscal, teve 55 votos a favor e 45 contra, com os democratas a unirem-se para que\u00a0ficasse aqu\u00e9m dos 60 votos necess\u00e1rios para ser aprovada.<\/p>\n<p>Ap\u00f3s a vota\u00e7\u00e3o, o Gabinete de Gest\u00e3o e Or\u00e7amento da Casa Branca emitiu um memorando dizendo que \u201cas ag\u00eancias afetadas devem agora executar os seus planos para um encerramento ordenado\u201d.<\/p>\n<p>O gabinete estima que aproximadamente 750 mil funcion\u00e1rios p\u00fablicos ser\u00e3o afastados. As viagens a\u00e9reas podem ser afetadas, enquanto o pagamento de determinados benef\u00edcios sociais dever\u00e1 ser suspenso.<\/p>\n<p>Os parques nacionais ficar\u00e3o tamb\u00e9m privados dos guardas florestais respons\u00e1veis \u200b\u200bpela manuten\u00e7\u00e3o, com o aproximar do outono, que atrai milh\u00f5es de turistas aos Estados Unidos.<\/p>\n<p>As for\u00e7as de seguran\u00e7a, as For\u00e7as Armadas, os aeroportos e a seguran\u00e7a social continuar\u00e3o a funcionar normalmente, mas os funcion\u00e1rios destas \u00e1reas n\u00e3o ir\u00e3o receber os sal\u00e1rios at\u00e9 que os dois partidos aprovem um novo or\u00e7amento.<\/p>\n<p>O\u00a0Senado norte-americano j\u00e1 havia rejeitado, a 19 de setembro, o\u00a0projeto-lei de financiamento tempor\u00e1rio do estado aprovado anteriormente\u00a0na c\u00e2mara baixa do Congresso, tamb\u00e9m de maioria republicana.\u00a0 \u00a0 \u00a0<\/p>\n<p>O projeto de lei, em geral, financiaria a administra\u00e7\u00e3o p\u00fablica aos n\u00edveis atuais, com algumas exce\u00e7\u00f5es &#8211; como mais 88 milh\u00f5es de d\u00f3lares (75 milh\u00f5es de euros) para a seguran\u00e7a dos membros do Congresso, Supremo Tribunal e do governo, numa altura de crescentes amea\u00e7as sobre estes e do assass\u00ednio do ativista conservador Charlie Kirk.<\/p>\n<p>Os democratas apresentaram uma proposta alternativa de financiamento que protegeria os subs\u00eddios aos cuidados de sa\u00fade.\u00a0 \u00a0<\/p>\n<p>Os respons\u00e1veis do governo Trump t\u00eam procurado responsabilizar a oposi\u00e7\u00e3o democrata pela falta de acordo, apesar da aus\u00eancia de iniciativa negocial por parte dos republicanos.\u00a0\u00a0<\/p>\n<p>O l\u00edder democrata no Senado, Chuck Schumer,\u00a0amea\u00e7ou repetidamente com uma paralisa\u00e7\u00e3o se\u00a0n\u00e3o fossem atendidas as exig\u00eancias de reposi\u00e7\u00e3o de fundos para a\u00a0sa\u00fade p\u00fablica, cortados pelo pacote legislativo de Trump batizado pelo pr\u00f3prio de &#8220;grande e bela lei&#8221;.\u00a0\u00a0\u00a0\u00a0<\/p>\n<p>O pacote legislativo de Trump sobre isen\u00e7\u00f5es fiscais e cortes de despesas contempla poupan\u00e7as que cortam o acesso de milh\u00f5es de pessoas ao Medicaid e outros programas p\u00fablicos de assist\u00eancia de sa\u00fade.<\/p>\n<p>De acordo com os c\u00e1lculos dos analistas da seguradora Nationwide, cada semana de paragem pode reduzir o crescimento anual da economia dos Estados Unidos em 0,2 pontos percentuais.<\/p>\n","protected":false},"excerpt":{"rendered":"A incapacidade de republicanos e democratas para chegarem a acordo sobre o financiamento federal desencadeou uma paralisa\u00e7\u00e3o parcial,&hellip;\n","protected":false},"author":2,"featured_media":53435,"comment_status":"","ping_status":"","sticky":false,"template":"","format":"standard","meta":{"footnotes":""},"categories":[83],"tags":[609,836,611,27,88,607,608,333,832,604,135,610,92,476,89,90,301,830,603,570,831,833,62,834,13,835,602,23479,52,32,33,23480,29],"class_list":{"0":"post-94654","1":"post","2":"type-post","3":"status-publish","4":"format-standard","5":"has-post-thumbnail","7":"category-empresas","8":"tag-alerta","9":"tag-analise","10":"tag-ao-minuto","11":"tag-breaking-news","12":"tag-business","13":"tag-cnn","14":"tag-cnn-portugal","15":"tag-comentadores","16":"tag-costa","17":"tag-crime","18":"tag-desporto","19":"tag-direto","20":"tag-donald-trump","21":"tag-economia","22":"tag-economy","23":"tag-empresas","24":"tag-governo","25":"tag-guerra","26":"tag-justica","27":"tag-live","28":"tag-mais-vistas","29":"tag-marcelo","30":"tag-mundo","31":"tag-negocios","32":"tag-noticias","33":"tag-opiniao","34":"tag-pais","35":"tag-paralisacao","36":"tag-politica","37":"tag-portugal","38":"tag-pt","39":"tag-shutdown","40":"tag-ultimas"},"share_on_mastodon":{"url":"","error":""},"_links":{"self":[{"href":"https:\/\/www.europesays.com\/pt\/wp-json\/wp\/v2\/posts\/94654","targetHints":{"allow":["GET"]}}],"collection":[{"href":"https:\/\/www.europesays.com\/pt\/wp-json\/wp\/v2\/posts"}],"about":[{"href":"https:\/\/www.europesays.com\/pt\/wp-json\/wp\/v2\/types\/post"}],"author":[{"embeddable":true,"href":"https:\/\/www.europesays.com\/pt\/wp-json\/wp\/v2\/users\/2"}],"replies":[{"embeddable":true,"href":"https:\/\/www.europesays.com\/pt\/wp-json\/wp\/v2\/comments?post=94654"}],"version-history":[{"count":0,"href":"https:\/\/www.europesays.com\/pt\/wp-json\/wp\/v2\/posts\/94654\/revisions"}],"wp:featuredmedia":[{"embeddable":true,"href":"https:\/\/www.europesays.com\/pt\/wp-json\/wp\/v2\/media\/53435"}],"wp:attachment":[{"href":"https:\/\/www.europesays.com\/pt\/wp-json\/wp\/v2\/media?parent=94654"}],"wp:term":[{"taxonomy":"category","embeddable":true,"href":"https:\/\/www.europesays.com\/pt\/wp-json\/wp\/v2\/categories?post=94654"},{"taxonomy":"post_tag","embeddable":true,"href":"https:\/\/www.europesays.com\/pt\/wp-json\/wp\/v2\/tags?post=94654"}],"curies":[{"name":"wp","href":"https:\/\/api.w.org\/{rel}","templated":true}]}}