{"id":94655,"date":"2025-10-01T16:38:09","date_gmt":"2025-10-01T16:38:09","guid":{"rendered":"https:\/\/www.europesays.com\/pt\/94655\/"},"modified":"2025-10-01T16:38:09","modified_gmt":"2025-10-01T16:38:09","slug":"o-papa-sejam-instrumentos-de-reconciliacao-no-mundo","status":"publish","type":"post","link":"https:\/\/www.europesays.com\/pt\/94655\/","title":{"rendered":"O Papa: &#8220;Sejam instrumentos de reconcilia\u00e7\u00e3o no mundo&#8221;"},"content":{"rendered":"<p>Na catequese da Audi\u00eancia Geral desta quarta-feira, o Santo Padre falou sobre a ressurrei\u00e7\u00e3o de Jesus, definindo-a &#8220;um testemunho maravilhoso de como o amor \u00e9 capaz de ressurgir ap\u00f3s uma grande derrota para continuar a sua viagem impar\u00e1vel&#8221;. As feridas de Jesus &#8220;s\u00e3o a prova de que no momento do nosso fracasso, Deus n\u00e3o recuou. Ele n\u00e3o desistiu de n\u00f3s&#8221;.<\/p>\n<p><b>Mariangela Jaguraba &#8211; Vatican News<\/b><\/p>\n<p>&#8220;O centro da nossa f\u00e9 e o cora\u00e7\u00e3o da nossa esperan\u00e7a est\u00e3o profundamente enraizados na ressurrei\u00e7\u00e3o de Cristo.&#8221; Com estas palavras o Papa Le\u00e3o XVI iniciou sua catequese na Audi\u00eancia Geral, desta quarta-feira (1\u00b0\/10), realizada na Pra\u00e7a S\u00e3o Pedro.<\/p>\n<p>De acordo com o Papa, &#8220;<b>a ressurrei\u00e7\u00e3o de Jesus n\u00e3o \u00e9 um triunfo retumbante, nem \u00e9 uma vingan\u00e7a ou uma desforra contra os seus inimigos. \u00c9 um testemunho maravilhoso de como o amor \u00e9 capaz de ressurgir ap\u00f3s uma grande derrota para continuar a sua viagem impar\u00e1vel<\/b>&#8220;.<\/p>\n<blockquote>\n<p>\u201cQuando recuperamos de um trauma causado por outros, a nossa primeira rea\u00e7\u00e3o \u00e9, normalmente, a raiva, o desejo de fazer algu\u00e9m pagar pelo que sofremos. O Ressuscitado n\u00e3o reage assim. Tendo emergido das profundezas da morte, Jesus n\u00e3o se vinga. N\u00e3o retribui com gestos de poder, mas com mansid\u00e3o manifesta a alegria de um amor maior do que qualquer ferida e mais forte do que qualquer trai\u00e7\u00e3o.\u201d<\/p>\n<\/blockquote>\n<p>Jesus leva o dom da paz <\/p>\n<p>Le\u00e3o XIV frisou que &#8220;o Ressuscitado n\u00e3o sente necessidade de reiterar ou afirmar a sua superioridade. Ele aparece aos seus amigos \u2014 os disc\u00edpulos \u2014 e o faz com extrema discri\u00e7\u00e3o, sem for\u00e7ar a sua capacidade de o acolher. <b>O seu \u00fanico desejo \u00e9 regressar \u00e0 comunh\u00e3o com eles, ajudando-os a superar o sentimento de culpa<\/b>. Vemos isso muito claramente no Cen\u00e1culo, onde o Senhor aparece aos seus amigos aprisionados pelo medo&#8221;.<\/p>\n<blockquote>\n<p>\u201c\u00c9 um momento que expressa uma for\u00e7a extraordin\u00e1ria: Jesus, depois de descer \u00e0s profundezas da morte para libertar os que ali estavam presos, entra no quarto fechado dos paralisados \u200b\u200bpelo medo, levando um dom que ningu\u00e9m ousaria esperar: a paz.\u201d<\/p>\n<\/blockquote>\n<p>Serem instrumentos de reconcilia\u00e7\u00e3o no mundo <\/p>\n<p>&#8220;A sua sauda\u00e7\u00e3o \u00e9 simples, quase comum: \u00abA paz esteja com voc\u00eas!\u00bb&#8221;, disse ainda o Papa, e &#8220;Jesus mostra aos disc\u00edpulos as m\u00e3os e o lado, marcados pelas marcas da sua paix\u00e3o&#8221;, ou seja, &#8220;<b>as feridas<\/b>&#8221; que &#8220;n\u00e3o servem para repreender, mas para confirmar um amor mais forte do que qualquer infidelidade. S\u00e3o a prova de que no momento do nosso fracasso, Deus n\u00e3o recuou. Ele n\u00e3o desistiu de n\u00f3s&#8221;. &#8220;O Senhor mostra-se nu e desarmado. N\u00e3o exige, n\u00e3o chantageia. O seu \u00e9 um amor que n\u00e3o humilha; \u00e9 a paz de quem sofreu por amor e agora pode finalmente dizer que valeu a pena&#8221;.<\/p>\n<blockquote>\n<p>\u201cNo entanto, muitas vezes mascaramos as nossas feridas por orgulho ou medo de parecermos fracos. Dizemos: \u201cN\u00e3o faz mal\u201d, \u201cj\u00e1 passou\u201d, mas n\u00e3o estamos verdadeiramente em paz com as trai\u00e7\u00f5es que nos feriram. Por vezes, preferimos esconder a nossa luta para perdoar para n\u00e3o parecermos vulner\u00e1veis \u200b\u200be corrermos o risco de sofrer ainda mais. Jesus n\u00e3o faz isso. Ele oferece as suas chagas como garantia de perd\u00e3o. E mostra que a Ressurrei\u00e7\u00e3o n\u00e3o \u00e9 o apagamento do passado, mas a sua transfigura\u00e7\u00e3o em esperan\u00e7a de miseric\u00f3rdia.\u201d<\/p>\n<\/blockquote>\n<p>\u00abTal como o Pai me enviou, tamb\u00e9m Eu vos envio\u00bb. &#8220;Com estas palavras&#8221;, Jesus &#8220;confia aos ap\u00f3stolos uma tarefa que n\u00e3o \u00e9 tanto um poder, mas uma responsabilidade: <b>serem instrumentos de reconcilia\u00e7\u00e3o no mundo<\/b>&#8220;.<\/p>\n<p>Redescobrir a beleza de regressar\u00a0\u00e0 vida <\/p>\n<p>&#8220;Jesus sopra sobre eles e d\u00e1-lhes o Esp\u00edrito Santo. \u00c9 o mesmo Esp\u00edrito que o sustentou na sua obedi\u00eancia ao Pai e no seu amor at\u00e9 \u00e0 cruz. A partir desse momento, os ap\u00f3stolos n\u00e3o podem mais calar-se sobre o que viram e ouviram: que Deus perdoa, ressuscita e restaura a confian\u00e7a&#8221;, disse ainda Le\u00e3o XIV, acrescentando:<\/p>\n<blockquote>\n<p>\u201cEste \u00e9 o cerne da miss\u00e3o da Igreja: n\u00e3o exercer poder sobre os outros, mas comunicar a alegria daqueles que foram amados precisamente quando n\u00e3o o mereciam. \u00c9 a for\u00e7a que deu origem e crescimento \u00e0 comunidade crist\u00e3: homens e mulheres que descobriram a beleza de regressar \u00e0 vida para a dar aos outros.\u201d<\/p>\n<\/blockquote>\n<p>O Papa recordou que &#8220;tamb\u00e9m n\u00f3s somos enviados&#8221;, e convidou a n\u00e3o ter medo de mostrar nossas feridas, &#8220;curadas pela miseric\u00f3rdia&#8221;, a n\u00e3o ter medo de nos &#8220;aproximar daqueles que est\u00e3o presos no medo ou na culpa&#8221;. &#8220;Que o sopro do Esp\u00edrito nos torne tamb\u00e9m testemunhas dessa paz e desse amor mais forte do que qualquer derrota&#8221;, concluiu.<\/p>\n","protected":false},"excerpt":{"rendered":"Na catequese da Audi\u00eancia Geral desta quarta-feira, o Santo Padre falou sobre a ressurrei\u00e7\u00e3o de Jesus, definindo-a &#8220;um&hellip;\n","protected":false},"author":2,"featured_media":94656,"comment_status":"","ping_status":"","sticky":false,"template":"","format":"standard","meta":{"footnotes":""},"categories":[50],"tags":[2642,3991,27,28,3993,23481,15,16,14,2510,25,26,21,22,62,12,13,19,20,811,806,23,24,17,18,29,30,31,63,64,65],"class_list":{"0":"post-94655","1":"post","2":"type-post","3":"status-publish","4":"format-standard","5":"has-post-thumbnail","7":"category-mundo","8":"tag-amor","9":"tag-audiencia-geral","10":"tag-breaking-news","11":"tag-breakingnews","12":"tag-catequese","13":"tag-cruz","14":"tag-featured-news","15":"tag-featurednews","16":"tag-headlines","17":"tag-jesus","18":"tag-latest-news","19":"tag-latestnews","20":"tag-main-news","21":"tag-mainnews","22":"tag-mundo","23":"tag-news","24":"tag-noticias","25":"tag-noticias-principais","26":"tag-noticiasprincipais","27":"tag-papa-leao-xiv","28":"tag-paz","29":"tag-principais-noticias","30":"tag-principaisnoticias","31":"tag-top-stories","32":"tag-topstories","33":"tag-ultimas","34":"tag-ultimas-noticias","35":"tag-ultimasnoticias","36":"tag-world","37":"tag-world-news","38":"tag-worldnews"},"share_on_mastodon":{"url":"","error":""},"_links":{"self":[{"href":"https:\/\/www.europesays.com\/pt\/wp-json\/wp\/v2\/posts\/94655","targetHints":{"allow":["GET"]}}],"collection":[{"href":"https:\/\/www.europesays.com\/pt\/wp-json\/wp\/v2\/posts"}],"about":[{"href":"https:\/\/www.europesays.com\/pt\/wp-json\/wp\/v2\/types\/post"}],"author":[{"embeddable":true,"href":"https:\/\/www.europesays.com\/pt\/wp-json\/wp\/v2\/users\/2"}],"replies":[{"embeddable":true,"href":"https:\/\/www.europesays.com\/pt\/wp-json\/wp\/v2\/comments?post=94655"}],"version-history":[{"count":0,"href":"https:\/\/www.europesays.com\/pt\/wp-json\/wp\/v2\/posts\/94655\/revisions"}],"wp:featuredmedia":[{"embeddable":true,"href":"https:\/\/www.europesays.com\/pt\/wp-json\/wp\/v2\/media\/94656"}],"wp:attachment":[{"href":"https:\/\/www.europesays.com\/pt\/wp-json\/wp\/v2\/media?parent=94655"}],"wp:term":[{"taxonomy":"category","embeddable":true,"href":"https:\/\/www.europesays.com\/pt\/wp-json\/wp\/v2\/categories?post=94655"},{"taxonomy":"post_tag","embeddable":true,"href":"https:\/\/www.europesays.com\/pt\/wp-json\/wp\/v2\/tags?post=94655"}],"curies":[{"name":"wp","href":"https:\/\/api.w.org\/{rel}","templated":true}]}}