{"id":94659,"date":"2025-10-01T16:41:08","date_gmt":"2025-10-01T16:41:08","guid":{"rendered":"https:\/\/www.europesays.com\/pt\/94659\/"},"modified":"2025-10-01T16:41:08","modified_gmt":"2025-10-01T16:41:08","slug":"jose-condessa-e-luisinha-oliveira-encantam-fas-com-gesto-romantico-novelas","status":"publish","type":"post","link":"https:\/\/www.europesays.com\/pt\/94659\/","title":{"rendered":"Jos\u00e9 Condessa e Luisinha Oliveira encantam f\u00e3s com gesto rom\u00e2ntico &#8211; Novelas"},"content":{"rendered":"<p data-end=\"696\" data-start=\"201\">O ator <a href=\"https:\/\/tvi.iol.pt\/novelas\/verao\/dicas\/revelado-o-segredo-de-verao-de-jose-condessa-que-esta-a-deixar-os-fas-rendidos\" rel=\"nofollow noopener\" target=\"_blank\"><strong data-end=\"225\" data-start=\"208\">Jos\u00e9 Condessa<\/strong><\/a>, de 28 anos, conhecido por protagonizar a novela <strong data-end=\"284\" data-start=\"275\">Cacau<\/strong>, e a modelo e autora <a href=\"https:\/\/tvi.iol.pt\/novelas\/fotos\/jose-condessa-e-luisinha-oliveira-juntos-em-evento-e-pormenor-chama-a-atencao\/67444a0fd34e94b82907d49b\" rel=\"nofollow noopener\" target=\"_blank\"><strong data-end=\"327\" data-start=\"306\">Luisinha Oliveira<\/strong><\/a>, de 25 anos, t\u00eam conquistado a aten\u00e7\u00e3o dos seguidores n\u00e3o s\u00f3 pelo talento individual, mas tamb\u00e9m pelo <strong data-end=\"459\" data-start=\"430\">relacionamento apaixonado<\/strong> que assumiram publicamente em setembro de 2024. O casal, que se destacou nas redes sociais, j\u00e1 partilhou momentos importantes juntos, incluindo f\u00e9rias em fam\u00edlia e a celebra\u00e7\u00e3o do <strong data-end=\"674\" data-start=\"640\">primeiro anivers\u00e1rio de namoro<\/strong>, em agosto de 2025.<\/p>\n<p data-end=\"878\" data-start=\"698\">Recentemente, Jos\u00e9 Condessa protagonizou um <strong data-end=\"775\" data-start=\"742\">momento rom\u00e2ntico e divertido<\/strong> ao pentear a namorada, fazendo-lhe uma tran\u00e7a, e registou o momento nas redes sociais com a legenda: \u00abCabeleireilo Z\u00e9 com a melhor cliente do mundo a p\u00f4r em pr\u00e1tica a sua arte capilar por amor \u2764\ufe0f\u00bb<\/p>\n<p data-end=\"1075\" data-start=\"980\">A publica\u00e7\u00e3o rapidamente conquistou os f\u00e3s e recebeu rea\u00e7\u00f5es encantadas de Luisinha Oliveira:\u00abMelhor cabeleireiro do mundo \u2764\ufe0f\u2764\ufe0f\u2764\ufe0f\u00bb;\u00a0\u00abImpec\u00e1vel! \ud83d\udc4c\ud83c\udffb\ud83d\udc4c\ud83c\udffb\ud83d\ude0d\u00bb; \u00abQuando precisar de um assistente j\u00e1 sei\u00bb<br data-end=\"1192\" data-start=\"1189\"\/> \u00abEspet\u00e1culo. A tran\u00e7a t\u00e1 bonita\u00bb; \u00abOmds que fofo o Z\u00e9 \u2764\ufe0f\u00bb;\u00abUm namorado que faz tran\u00e7as \u00e9 todo um outro n\u00edvellllll\u00bb.<\/p>\n<p data-end=\"1574\" data-start=\"1319\">O epis\u00f3dio demonstra n\u00e3o s\u00f3 a <strong data-end=\"1375\" data-start=\"1349\">cumplicidade e carinho<\/strong> que existe entre Jos\u00e9 e Luisinha, mas tamb\u00e9m a forma leve e divertida com que partilham <strong data-end=\"1489\" data-start=\"1464\">momentos do dia a dia<\/strong>, aproximando-se dos seguidores e mostrando o lado mais humano e \u00edntimo da rela\u00e7\u00e3o.<\/p>\n<p data-end=\"1796\" data-start=\"1576\">Este gesto, simples mas significativo, refor\u00e7a a imagem de um casal <strong data-end=\"1684\" data-start=\"1644\">apaixonado, descontra\u00eddo e conectado<\/strong>, capaz de transformar pequenas a\u00e7\u00f5es em demonstra\u00e7\u00f5es de amor que encantam todos os que acompanham a rela\u00e7\u00e3o.<\/p>\n<p data-end=\"1796\" data-start=\"1576\">Veja aqui um dos videos mais sensuais do ator em Cabo verde:\u00a0<\/p>\n<p data-end=\"1796\" data-start=\"1576\"><strong>Veja tamb\u00e9m:\u00a0<\/strong><\/p>\n<p data-end=\"1796\" data-start=\"1576\"><a href=\"https:\/\/tvi.iol.pt\/novelas\/rita-pereira\/guillaume-lalung\/companheiro-de-rita-pereira-convida-o-sogro-para-jantar-e-e-isto-que-acontece\" rel=\"nofollow noopener\" target=\"_blank\">Companheiro de Rita Pereira convida o sogro para jantar e \u00e9 isto que acontece &#8211; Novelas &#8211; TVI<\/a><\/p>\n<p data-end=\"1796\" data-start=\"1576\"><a href=\"https:\/\/tvi.iol.pt\/novelas\/ana-guiomar\/casamento\/casamento-de-sonho-ana-guiomar-deixa-pista-no-ar-sobre-futuro\" rel=\"nofollow noopener\" target=\"_blank\">\u00abCasamento de sonho\u00bb: Ana Guiomar deixa pista no ar sobre futuro &#8211; Novelas &#8211; TVI<\/a><\/p>\n","protected":false},"excerpt":{"rendered":"O ator Jos\u00e9 Condessa, de 28 anos, conhecido por protagonizar a novela Cacau, e a modelo e autora&hellip;\n","protected":false},"author":2,"featured_media":94660,"comment_status":"","ping_status":"","sticky":false,"template":"","format":"standard","meta":{"footnotes":""},"categories":[145],"tags":[2642,160,1651,211,210,166,114,115,157,167,8203,164,8201,161,158,165,159,32,33,156,163,162],"class_list":{"0":"post-94659","1":"post","2":"type-post","3":"status-publish","4":"format-standard","5":"has-post-thumbnail","7":"category-celebridades","8":"tag-amor","9":"tag-ana-guiomar","10":"tag-casal","11":"tag-celebridades","12":"tag-celebrities","13":"tag-cristina-ferreira","14":"tag-entertainment","15":"tag-entretenimento","16":"tag-festa-e-festa","17":"tag-ficcao","18":"tag-jose-condessa","19":"tag-jose-fidalgo","20":"tag-luisinha-oliveira","21":"tag-novelas","22":"tag-para-sempre","23":"tag-pedro-sousa","24":"tag-pedro-teixeira","25":"tag-portugal","26":"tag-pt","27":"tag-queridos-papas","28":"tag-tiago-teotonio-pereira","29":"tag-tvi"},"share_on_mastodon":{"url":"","error":""},"_links":{"self":[{"href":"https:\/\/www.europesays.com\/pt\/wp-json\/wp\/v2\/posts\/94659","targetHints":{"allow":["GET"]}}],"collection":[{"href":"https:\/\/www.europesays.com\/pt\/wp-json\/wp\/v2\/posts"}],"about":[{"href":"https:\/\/www.europesays.com\/pt\/wp-json\/wp\/v2\/types\/post"}],"author":[{"embeddable":true,"href":"https:\/\/www.europesays.com\/pt\/wp-json\/wp\/v2\/users\/2"}],"replies":[{"embeddable":true,"href":"https:\/\/www.europesays.com\/pt\/wp-json\/wp\/v2\/comments?post=94659"}],"version-history":[{"count":0,"href":"https:\/\/www.europesays.com\/pt\/wp-json\/wp\/v2\/posts\/94659\/revisions"}],"wp:featuredmedia":[{"embeddable":true,"href":"https:\/\/www.europesays.com\/pt\/wp-json\/wp\/v2\/media\/94660"}],"wp:attachment":[{"href":"https:\/\/www.europesays.com\/pt\/wp-json\/wp\/v2\/media?parent=94659"}],"wp:term":[{"taxonomy":"category","embeddable":true,"href":"https:\/\/www.europesays.com\/pt\/wp-json\/wp\/v2\/categories?post=94659"},{"taxonomy":"post_tag","embeddable":true,"href":"https:\/\/www.europesays.com\/pt\/wp-json\/wp\/v2\/tags?post=94659"}],"curies":[{"name":"wp","href":"https:\/\/api.w.org\/{rel}","templated":true}]}}