{"id":94720,"date":"2025-10-01T17:22:07","date_gmt":"2025-10-01T17:22:07","guid":{"rendered":"https:\/\/www.europesays.com\/pt\/94720\/"},"modified":"2025-10-01T17:22:07","modified_gmt":"2025-10-01T17:22:07","slug":"nao-podemos-mostrar-fraqueza-macron-considera-que-europa-esta-em-confronto-com-a-russia","status":"publish","type":"post","link":"https:\/\/www.europesays.com\/pt\/94720\/","title":{"rendered":"N\u00e3o podemos mostrar fraqueza&#8221;. Macron considera que Europa est\u00e1 &#8220;em confronto com a R\u00fassia"},"content":{"rendered":"<p>&#13;<br \/>\nOs l\u00edderes europeus est\u00e3o reunidos, esta quarta-feira, para discutir a &#13;<br \/>\najuda a Kiev, mas tamb\u00e9m para avan\u00e7ar no desenvolvimento da &#8220;Europa da &#13;<br \/>\nDefesa&#8221;.\u00a0 Segundo o presidente franc\u00eas<b> \u00e9 necess\u00e1rio aumentar as capacidades de dissuas\u00e3o da Europa<\/b>: &#8220;\u00e9 preciso dissuadir com capacidades de tiro de longo alcance, capacidades bal\u00edsticas europeias e mais sistemas de defesa solar e anti-drones&#8221;.<br \/>&#13;\n<\/p>\n<p>Face aos sucessivos ataques da R\u00fassia e, em particular, a viola\u00e7\u00e3o do espa\u00e7o a\u00e9reo de v\u00e1rios pa\u00edses como a Dinamarca, Pol\u00f3nia ou Est\u00f3nia, o presidente franc\u00eas defende que a resposta europeia deve ser operacional. &#8220;N\u00e3o devemos mostrar qualquer fraqueza e \u00e9 preciso reiterar que &#13;<br \/>\nqualquer pessoa que viole o espa\u00e7o a\u00e9reo europeu est\u00e1 sujeita a &#13;<br \/>\nrepres\u00e1lias, porque \u00e9 nosso direito&#8221;, sublinhou Macron.\u00a0<\/p>\n<p>&#13;<br \/>\nA R\u00fassia \u00e9<b>\u00a0&#8220;h\u00e1 v\u00e1rios anos, um interveniente\u00a0muito agressivo no nosso espa\u00e7o informativo, nomeadamente no \u00e2mbito das &#13;<br \/>\nelei\u00e7\u00f5es, que multiplica os ciberataques, que lan\u00e7ou uma guerra de &#13;<br \/>\nagress\u00e3o na Ucr\u00e2nia, que utiliza a amea\u00e7a nuclear e que hoje provoca em &#13;<br \/>\nespa\u00e7os a\u00e9reos&#8221;<\/b>, explicou Macron, em declara\u00e7\u00f5es aos jornalistas.&#13;\n<\/p>\n<p>&#13;<br \/>\n&#8220;Nada est\u00e1 exclu\u00eddo&#8221;&#13;\n<\/p>\n<p>Em entrevista ao jornal alem\u00e3o<a href=\"https:\/\/www.faz.net\/aktuell\/politik\/ukraine\/emmanuel-macron-im-f-a-z-interview-russische-geheimarmee-in-europa-110712343.html\" target=\"_blank\" rel=\"nofollow noopener\"> Frankfurter Allgemeine Zeitung<\/a>, o presidente franc\u00eas afirmou que nada pode ser &#8220;exclu\u00eddo&#8221; em termos de resposta se um avi\u00e3o russo violar novamente o espa\u00e7o a\u00e9reo: <b>&#8220;De acordo com a doutrina da ambiguidade estrat\u00e9gica, posso dizer que nada est\u00e1 exclu\u00eddo\u201d,<\/b> afirmou. <br \/>\n&#8220;Estamos a preparar-nos. Mas, durante muito tempo, subestim\u00e1mos a R\u00fassia. (&#8230;) Estamos permanentemente em confronto. Al\u00e9m do terrorismo, a R\u00fassia \u00e9 a maior amea\u00e7a estrutural para os europeus.&#8221;, afirmou.<\/p>\n<p>Nesta <a href=\"https:\/\/www.faz.net\/aktuell\/politik\/ukraine\/emmanuel-macron-im-f-a-z-interview-russische-geheimarmee-in-europa-110712343.html\" target=\"_blank\" rel=\"nofollow noopener\">entrevista<\/a>, Emmanuel Macron anunciou estar a trabalhar na &#8220;atualiza\u00e7\u00e3o&#8221; da doutrina nuclear e que far\u00e1 no in\u00edcio de 2026 um discurso &#8220;sobre a doutrina nuclear&#8221; francesa, cujo o pa\u00eds \u00e9 o \u00fanico na Europa, juntamente com o Reino Unido, a possuir a bomba at\u00f3mica.\u00a0<\/p>\n<p><b>&#8220;Estou atualmente a trabalhar na atualiza\u00e7\u00e3o da nossa doutrina e desejo continuar a aprofundar o nosso di\u00e1logo estrat\u00e9gico com os europeus que o desejarem. De qualquer forma, existe uma dimens\u00e3o europeia desde 1962&#8221;<\/b>, afirmou o chefe de Estado.\u00a0&#13;<\/p>\n","protected":false},"excerpt":{"rendered":"&#13; Os l\u00edderes europeus est\u00e3o reunidos, esta quarta-feira, para discutir a &#13; ajuda a Kiev, mas tamb\u00e9m para&hellip;\n","protected":false},"author":2,"featured_media":94721,"comment_status":"","ping_status":"","sticky":false,"template":"","format":"standard","meta":{"footnotes":""},"categories":[50],"tags":[27,28,2537,445,15,16,23488,14,25,26,533,21,22,62,3400,12,13,19,20,23,24,839,1717,17,18,1977,29,30,31,63,64,65],"class_list":{"0":"post-94720","1":"post","2":"type-post","3":"status-publish","4":"format-standard","5":"has-post-thumbnail","7":"category-mundo","8":"tag-breaking-news","9":"tag-breakingnews","10":"tag-defesa","11":"tag-europa","12":"tag-featured-news","13":"tag-featurednews","14":"tag-frankfurter-allgemeine-zeitung","15":"tag-headlines","16":"tag-latest-news","17":"tag-latestnews","18":"tag-macron","19":"tag-main-news","20":"tag-mainnews","21":"tag-mundo","22":"tag-nato","23":"tag-news","24":"tag-noticias","25":"tag-noticias-principais","26":"tag-noticiasprincipais","27":"tag-principais-noticias","28":"tag-principaisnoticias","29":"tag-russia","30":"tag-seguranca","31":"tag-top-stories","32":"tag-topstories","33":"tag-ue","34":"tag-ultimas","35":"tag-ultimas-noticias","36":"tag-ultimasnoticias","37":"tag-world","38":"tag-world-news","39":"tag-worldnews"},"share_on_mastodon":{"url":"","error":""},"_links":{"self":[{"href":"https:\/\/www.europesays.com\/pt\/wp-json\/wp\/v2\/posts\/94720","targetHints":{"allow":["GET"]}}],"collection":[{"href":"https:\/\/www.europesays.com\/pt\/wp-json\/wp\/v2\/posts"}],"about":[{"href":"https:\/\/www.europesays.com\/pt\/wp-json\/wp\/v2\/types\/post"}],"author":[{"embeddable":true,"href":"https:\/\/www.europesays.com\/pt\/wp-json\/wp\/v2\/users\/2"}],"replies":[{"embeddable":true,"href":"https:\/\/www.europesays.com\/pt\/wp-json\/wp\/v2\/comments?post=94720"}],"version-history":[{"count":0,"href":"https:\/\/www.europesays.com\/pt\/wp-json\/wp\/v2\/posts\/94720\/revisions"}],"wp:featuredmedia":[{"embeddable":true,"href":"https:\/\/www.europesays.com\/pt\/wp-json\/wp\/v2\/media\/94721"}],"wp:attachment":[{"href":"https:\/\/www.europesays.com\/pt\/wp-json\/wp\/v2\/media?parent=94720"}],"wp:term":[{"taxonomy":"category","embeddable":true,"href":"https:\/\/www.europesays.com\/pt\/wp-json\/wp\/v2\/categories?post=94720"},{"taxonomy":"post_tag","embeddable":true,"href":"https:\/\/www.europesays.com\/pt\/wp-json\/wp\/v2\/tags?post=94720"}],"curies":[{"name":"wp","href":"https:\/\/api.w.org\/{rel}","templated":true}]}}