{"id":94726,"date":"2025-10-01T17:26:07","date_gmt":"2025-10-01T17:26:07","guid":{"rendered":"https:\/\/www.europesays.com\/pt\/94726\/"},"modified":"2025-10-01T17:26:07","modified_gmt":"2025-10-01T17:26:07","slug":"galeria-antonio-lopes-recebe-nova-exposicao","status":"publish","type":"post","link":"https:\/\/www.europesays.com\/pt\/94726\/","title":{"rendered":"Galeria Ant\u00f3nio Lopes recebe nova exposi\u00e7\u00e3o"},"content":{"rendered":"<p>A artista pl\u00e1stica Carina Leal abre as portas da exposi\u00e7\u00e3o \u201cTenho Sentidos\u201d, no pr\u00f3ximo dia 4 de outubro, pelas 17:00, na Galeria Ant\u00f3nio Lopes, na Covilh\u00e3.<\/p>\n<p>Em exibi\u00e7\u00e3o v\u00e3o estar diversas obras de pintura, desenho, fotografia e gravura, onde as formas da natureza e os cen\u00e1rios de vida di\u00e1ria s\u00e3o reinterpretados e transformados em universos \u00edntimos, sens\u00edveis e nost\u00e1lgicos.<\/p>\n<p>A mostra pode ser visitada entre os dias 4 de outubro e 30 de novembro, de ter\u00e7a-feira a domingo, no hor\u00e1rio das 10:00 \u00e0s 13:00 e das 14:00 \u00e0s 18:00, com entrada gratuita.<\/p>\n<p><strong>Biografia da artista:<\/strong><br \/>CARINA LEAL (Guarda, 1997) \u00e9 artista pl\u00e1stica e curadora residente em It\u00e1lia. Licenciada em Pintura pela Faculdade de Belas-Artes da Universidade de Lisboa (2019), frequentou o programa Erasmus+ na Academia de Belas-Artes e Design de Ljubljana, Eslov\u00e9nia, onde aprofundou o interesse pela gravura, ilustra\u00e7\u00e3o e fotografia. Em 2022 concluiu o Mestrado em Mercados da Arte no ISCTE, com est\u00e1gio numa galeria de Turim, cidade onde atualmente trabalha como diretora art\u00edstica e curadora na Galleria Febo &amp; Dafne.<br \/>A sua pr\u00e1tica art\u00edstica desenvolve-se na pintura, no desenho, na fotografia e na gravura, onde as formas da natureza s\u00e3o reinterpretadas e transformadas em universos \u00edntimos, sens\u00edveis e nost\u00e1lgicos. Em paralelo com a pr\u00e1tica art\u00edstica, Carina Leal tem consolidado o seu percurso como curadora, promovendo projetos coletivos em Portugal e em It\u00e1lia.<br \/>Esta dupla vertente de criadora e curadora evidencia n\u00e3o apenas a originalidade da sua obra, mas tamb\u00e9m a sua capacidade de estabelecer di\u00e1logos entre diferentes linguagens art\u00edsticas e contextos culturais.<\/p>\n","protected":false},"excerpt":{"rendered":"A artista pl\u00e1stica Carina Leal abre as portas da exposi\u00e7\u00e3o \u201cTenho Sentidos\u201d, no pr\u00f3ximo dia 4 de outubro,&hellip;\n","protected":false},"author":2,"featured_media":94727,"comment_status":"","ping_status":"","sticky":false,"template":"","format":"standard","meta":{"footnotes":""},"categories":[144],"tags":[207,205,206,203,201,202,204,114,115,32,33],"class_list":{"0":"post-94726","1":"post","2":"type-post","3":"status-publish","4":"format-standard","5":"has-post-thumbnail","7":"category-arte-e-design","8":"tag-arte","9":"tag-arte-e-design","10":"tag-artedesign","11":"tag-arts","12":"tag-arts-and-design","13":"tag-artsanddesign","14":"tag-design","15":"tag-entertainment","16":"tag-entretenimento","17":"tag-portugal","18":"tag-pt"},"share_on_mastodon":{"url":"","error":""},"_links":{"self":[{"href":"https:\/\/www.europesays.com\/pt\/wp-json\/wp\/v2\/posts\/94726","targetHints":{"allow":["GET"]}}],"collection":[{"href":"https:\/\/www.europesays.com\/pt\/wp-json\/wp\/v2\/posts"}],"about":[{"href":"https:\/\/www.europesays.com\/pt\/wp-json\/wp\/v2\/types\/post"}],"author":[{"embeddable":true,"href":"https:\/\/www.europesays.com\/pt\/wp-json\/wp\/v2\/users\/2"}],"replies":[{"embeddable":true,"href":"https:\/\/www.europesays.com\/pt\/wp-json\/wp\/v2\/comments?post=94726"}],"version-history":[{"count":0,"href":"https:\/\/www.europesays.com\/pt\/wp-json\/wp\/v2\/posts\/94726\/revisions"}],"wp:featuredmedia":[{"embeddable":true,"href":"https:\/\/www.europesays.com\/pt\/wp-json\/wp\/v2\/media\/94727"}],"wp:attachment":[{"href":"https:\/\/www.europesays.com\/pt\/wp-json\/wp\/v2\/media?parent=94726"}],"wp:term":[{"taxonomy":"category","embeddable":true,"href":"https:\/\/www.europesays.com\/pt\/wp-json\/wp\/v2\/categories?post=94726"},{"taxonomy":"post_tag","embeddable":true,"href":"https:\/\/www.europesays.com\/pt\/wp-json\/wp\/v2\/tags?post=94726"}],"curies":[{"name":"wp","href":"https:\/\/api.w.org\/{rel}","templated":true}]}}