{"id":94748,"date":"2025-10-01T17:45:08","date_gmt":"2025-10-01T17:45:08","guid":{"rendered":"https:\/\/www.europesays.com\/pt\/94748\/"},"modified":"2025-10-01T17:45:08","modified_gmt":"2025-10-01T17:45:08","slug":"pedra-por-pedra-catarinense-passou-20-anos-erguendo-casa-de-pedra-inspirada-nas-moradias-da-italia-e-finalmente-concluiu-me-virei-como-pude","status":"publish","type":"post","link":"https:\/\/www.europesays.com\/pt\/94748\/","title":{"rendered":"Pedra por pedra, catarinense passou 20 anos erguendo casa de pedra inspirada nas moradias da It\u00e1lia e finalmente concluiu: &#8220;Me virei como pude&#8221;"},"content":{"rendered":"<p>Agricultor catarinense levou 20 anos para erguer sozinho uma casa de pedra, mantendo vivas as tradi\u00e7\u00f5es italianas no Vale do Itaja\u00ed<\/p>\n<p>Morador da comunidade de Ipiranga, em Rodeio, Dion\u00edsio Bertoldi, de 69 anos, construiu sozinho um verdadeiro marco de sua vida. Descendente de fam\u00edlias italianas, ele levou duas d\u00e9cadas para erguer uma casa de pedra inspirada nas<a href=\"https:\/\/clickpetroleoegas.com.br\/cidade-de-sc-esconde-castelo-medieval-no-estilo-game-of-thrones-com-tracos-espanhois-paredes-de-pedra-segredos-e-hoje-palco-de-casamentos-rpc95\/\" target=\"_blank\" rel=\"noreferrer noopener nofollow\"> moradias<\/a> t\u00edpicas da It\u00e1lia.<\/p>\n<p>Uma obra feita quase sem ajuda<\/p>\n<p>Dion\u00edsio estima que usou cerca de 2 mil pedras para erguer a resid\u00eancia, algumas pesando at\u00e9 duas toneladas. <\/p>\n<p>Segundo ele, se tivesse experi\u00eancia em cortar e trabalhar a pedra, a obra poderia ter sido finalizada em apenas tr\u00eas anos.<\/p>\n<p>        \u2014 ARTIGO CONTINUA ABAIXO \u2014<\/p>\n<p>Mesmo assim, n\u00e3o desistiu. Durante todo o processo, contou apenas com um pequeno aux\u00edlio: um compadre e dois pedreiros ajudaram por meio per\u00edodo na laje. <\/p>\n<p>Depois disso, ele mesmo continuou, sem m\u00e3o de obra constante.<\/p>\n<p>Obst\u00e1culos que atrasaram o sonho<\/p>\n<p>O agricultor come\u00e7ou a obra em 1995, logo ap\u00f3s o primeiro casamento. No entanto, a vida lhe trouxe duros golpes. <\/p>\n<p>A morte de seu primeiro filho no parto e o falecimento de outros familiares fizeram com que a constru\u00e7\u00e3o fosse interrompida por quase dez anos.<\/p>\n<p>Nesse tempo, mudou-se para um bairro vizinho e deixou a casa inacabada. A desmotiva\u00e7\u00e3o era grande, mas o sonho n\u00e3o foi abandonado. <\/p>\n<p>Em 2015, finalmente concluiu a resid\u00eancia e passou a viver nela, celebrando a persist\u00eancia.<\/p>\n<p>Cultura italiana preservada no Vale do Itaja\u00ed<\/p>\n<p>O estilo da casa n\u00e3o \u00e9 apenas uma escolha arquitet\u00f4nica. Ele representa a liga\u00e7\u00e3o de Dion\u00edsio com suas ra\u00edzes italianas. <\/p>\n<p>Os av\u00f3s, que vieram da It\u00e1lia, eram arquitetos e chegaram a construir igrejas na regi\u00e3o.<\/p>\n<p>Para o agricultor, morar em uma casa de pedra tem benef\u00edcios pr\u00e1ticos. O ambiente \u00e9 fresco durante o ver\u00e3o e mant\u00e9m o calor no inverno. <\/p>\n<p>Al\u00e9m disso, segundo ele, n\u00e3o acumula umidade, o que a torna mais saud\u00e1vel.<\/p>\n<p>Mais do que uma casa, um s\u00edmbolo<\/p>\n<p>Dion\u00edsio resume a experi\u00eancia dizendo que come\u00e7ou sozinho e terminou sozinho. Cada detalhe carrega esfor\u00e7o e lembran\u00e7as de momentos dif\u00edceis e tamb\u00e9m de supera\u00e7\u00e3o. <\/p>\n<p>A casa se tornou um marco na comunidade, um testemunho de sua determina\u00e7\u00e3o.<\/p>\n<p>\u201cEu me virei como pude, porque n\u00e3o tinha quem me ajudasse\u201d, afirmou. O resultado \u00e9 uma resid\u00eancia \u00fanica, feita com paci\u00eancia e dedica\u00e7\u00e3o.<\/p>\n<p>Tradi\u00e7\u00f5es que seguem vivas<\/p>\n<p>Al\u00e9m da arquitetura, Dion\u00edsio mant\u00e9m outros h\u00e1bitos que refor\u00e7am sua identidade cultural. Ele produz vinho artesanal e costuma cantar em italiano, tradi\u00e7\u00e3o herdada dos antepassados.<\/p>\n<p>Essas pr\u00e1ticas, assim como a casa de pedra, conectam o presente ao passado. Elas ajudam a manter viva a hist\u00f3ria de fam\u00edlias como Bertoldi, Feltrin e Fiamoncini, que marcaram a coloniza\u00e7\u00e3o da regi\u00e3o.<\/p>\n<p>Assim, a trajet\u00f3ria do agricultor mostra como perseveran\u00e7a e apego \u00e0s ra\u00edzes podem transformar dificuldades em conquistas. <\/p>\n<p>A casa de pedra n\u00e3o \u00e9 apenas um lugar para morar, mas tamb\u00e9m uma prova de que os sonhos podem resistir ao tempo.<\/p>\n<p><strong>Com informa\u00e7\u00f5es de ND Mais.<\/strong><\/p>\n","protected":false},"excerpt":{"rendered":"Agricultor catarinense levou 20 anos para erguer sozinho uma casa de pedra, mantendo vivas as tradi\u00e7\u00f5es italianas no&hellip;\n","protected":false},"author":2,"featured_media":94749,"comment_status":"","ping_status":"","sticky":false,"template":"","format":"standard","meta":{"footnotes":""},"categories":[144],"tags":[207,205,206,203,201,202,23490,204,114,115,9025,32,33],"class_list":{"0":"post-94748","1":"post","2":"type-post","3":"status-publish","4":"format-standard","5":"has-post-thumbnail","7":"category-arte-e-design","8":"tag-arte","9":"tag-arte-e-design","10":"tag-artedesign","11":"tag-arts","12":"tag-arts-and-design","13":"tag-artsanddesign","14":"tag-casa-de-pedra","15":"tag-design","16":"tag-entertainment","17":"tag-entretenimento","18":"tag-pedra","19":"tag-portugal","20":"tag-pt"},"share_on_mastodon":{"url":"","error":""},"_links":{"self":[{"href":"https:\/\/www.europesays.com\/pt\/wp-json\/wp\/v2\/posts\/94748","targetHints":{"allow":["GET"]}}],"collection":[{"href":"https:\/\/www.europesays.com\/pt\/wp-json\/wp\/v2\/posts"}],"about":[{"href":"https:\/\/www.europesays.com\/pt\/wp-json\/wp\/v2\/types\/post"}],"author":[{"embeddable":true,"href":"https:\/\/www.europesays.com\/pt\/wp-json\/wp\/v2\/users\/2"}],"replies":[{"embeddable":true,"href":"https:\/\/www.europesays.com\/pt\/wp-json\/wp\/v2\/comments?post=94748"}],"version-history":[{"count":0,"href":"https:\/\/www.europesays.com\/pt\/wp-json\/wp\/v2\/posts\/94748\/revisions"}],"wp:featuredmedia":[{"embeddable":true,"href":"https:\/\/www.europesays.com\/pt\/wp-json\/wp\/v2\/media\/94749"}],"wp:attachment":[{"href":"https:\/\/www.europesays.com\/pt\/wp-json\/wp\/v2\/media?parent=94748"}],"wp:term":[{"taxonomy":"category","embeddable":true,"href":"https:\/\/www.europesays.com\/pt\/wp-json\/wp\/v2\/categories?post=94748"},{"taxonomy":"post_tag","embeddable":true,"href":"https:\/\/www.europesays.com\/pt\/wp-json\/wp\/v2\/tags?post=94748"}],"curies":[{"name":"wp","href":"https:\/\/api.w.org\/{rel}","templated":true}]}}