{"id":94750,"date":"2025-10-01T17:47:11","date_gmt":"2025-10-01T17:47:11","guid":{"rendered":"https:\/\/www.europesays.com\/pt\/94750\/"},"modified":"2025-10-01T17:47:11","modified_gmt":"2025-10-01T17:47:11","slug":"secret-story-liliana-surpreende-fabio-com-coracao-veja-o-video","status":"publish","type":"post","link":"https:\/\/www.europesays.com\/pt\/94750\/","title":{"rendered":"&#8220;Secret Story&#8221;. Liliana surpreende F\u00e1bio&#8230; com cora\u00e7\u00e3o: veja o v\u00eddeo!"},"content":{"rendered":"<p>Liliana referiu, na gala do &#8220;Secret Story&#8221;, da TVI, que foi para o ar no passado domingo, dia 28, que se iria afastar de <a href=\"https:\/\/selfie.iol.pt\/famosos\/liliana\/fabio-recebe-dura-sancao-em-secret-story-quebrou-uma-das-premissas-basicas\/20250930\/68dc454dd34e58bc67965f7d\" target=\"_blank\" rel=\"nofollow noopener\">F\u00e1bio<\/a>. O concorrente acedeu ao pedido da jovem, mas, em conversa com Cristina Ferreira, revelou que a nortenha n\u00e3o &#8220;aguentou&#8221; muito tempo.<\/p>\n<p>&#8220;Ela veio atr\u00e1s de mim e ainda me fez uma surpresa. Eu estava nas tarefas da casa de banho e ela na dos quartos. Foi-me chamar, porque tinha feito um cora\u00e7\u00e3o com o len\u00e7ol&#8221;, contou F\u00e1bio, no &#8220;Especial&#8221; que foi exibido na noite da passada ter\u00e7a-feira, dia 30.<\/p>\n<p>&#8220;Est\u00e3o no jogo do gato e do rato&#8221;, comentou Cristina Ferreira.<\/p>\n<p>&#8220;\u00c0s vezes, parece&#8221;, respondeu o concorrente.<\/p>\n<p>&#8220;Vamos l\u00e1 ver quem \u00e9 que cai na ratoeira&#8221;, rematou a apresentadora.<\/p>\n<p>Veja, agora, o v\u00eddeo.<\/p>\n","protected":false},"excerpt":{"rendered":"Liliana referiu, na gala do &#8220;Secret Story&#8221;, da TVI, que foi para o ar no passado domingo, dia&hellip;\n","protected":false},"author":2,"featured_media":94751,"comment_status":"","ping_status":"","sticky":false,"template":"","format":"standard","meta":{"footnotes":""},"categories":[142],"tags":[166,114,115,19082,980,19016,619,32,33,1014,1315,1012,151,162],"class_list":{"0":"post-94750","1":"post","2":"type-post","3":"status-publish","4":"format-standard","5":"has-post-thumbnail","7":"category-tv","8":"tag-cristina-ferreira","9":"tag-entertainment","10":"tag-entretenimento","11":"tag-fabio","12":"tag-famosos","13":"tag-liliana","14":"tag-nacional","15":"tag-portugal","16":"tag-pt","17":"tag-reality-show","18":"tag-secret-story","19":"tag-selfie","20":"tag-tv","21":"tag-tvi"},"share_on_mastodon":{"url":"","error":""},"_links":{"self":[{"href":"https:\/\/www.europesays.com\/pt\/wp-json\/wp\/v2\/posts\/94750","targetHints":{"allow":["GET"]}}],"collection":[{"href":"https:\/\/www.europesays.com\/pt\/wp-json\/wp\/v2\/posts"}],"about":[{"href":"https:\/\/www.europesays.com\/pt\/wp-json\/wp\/v2\/types\/post"}],"author":[{"embeddable":true,"href":"https:\/\/www.europesays.com\/pt\/wp-json\/wp\/v2\/users\/2"}],"replies":[{"embeddable":true,"href":"https:\/\/www.europesays.com\/pt\/wp-json\/wp\/v2\/comments?post=94750"}],"version-history":[{"count":0,"href":"https:\/\/www.europesays.com\/pt\/wp-json\/wp\/v2\/posts\/94750\/revisions"}],"wp:featuredmedia":[{"embeddable":true,"href":"https:\/\/www.europesays.com\/pt\/wp-json\/wp\/v2\/media\/94751"}],"wp:attachment":[{"href":"https:\/\/www.europesays.com\/pt\/wp-json\/wp\/v2\/media?parent=94750"}],"wp:term":[{"taxonomy":"category","embeddable":true,"href":"https:\/\/www.europesays.com\/pt\/wp-json\/wp\/v2\/categories?post=94750"},{"taxonomy":"post_tag","embeddable":true,"href":"https:\/\/www.europesays.com\/pt\/wp-json\/wp\/v2\/tags?post=94750"}],"curies":[{"name":"wp","href":"https:\/\/api.w.org\/{rel}","templated":true}]}}