{"id":94766,"date":"2025-10-01T17:56:09","date_gmt":"2025-10-01T17:56:09","guid":{"rendered":"https:\/\/www.europesays.com\/pt\/94766\/"},"modified":"2025-10-01T17:56:09","modified_gmt":"2025-10-01T17:56:09","slug":"jovem-morre-em-empresa-de-producao-de-racoes-em-paredes","status":"publish","type":"post","link":"https:\/\/www.europesays.com\/pt\/94766\/","title":{"rendered":"Jovem morre em empresa de produ\u00e7\u00e3o de ra\u00e7\u00f5es em Paredes"},"content":{"rendered":"<p>Segundo apurou o JN, o jovem estava a trabalhar numa empresa de produ\u00e7\u00e3o de ra\u00e7\u00f5es, quando foi atingido pelo conte\u00fado de um saco de grandes dimens\u00f5es, ficando soterrado.<\/p>\n<p data-remotead-prev-elm=\"true\" data-remotead-elm-id=\"inread\">Edgar Bessa, de 25 anos e residente em Vilela, Paredes, ainda foi assistido no local pelos elementos da delega\u00e7\u00e3o de Vilela da Cruz Vermelha Portuguesa e pela equipa da Viatura M\u00e9dica de Emerg\u00eancia e Reanima\u00e7\u00e3o (VMER) do Vale do Sousa, mas n\u00e3o resistiu.<\/p>\n<p>O \u00f3bito foi declarado no local e o corpo foi transportado para o Instituto de Medicina Legal de Penafiel.<\/p>\n<p data-remotead-prev-elm=\"true\" data-remotead-elm-id=\"centro1\">Edgar Bessa era s\u00f3cio do Clube Motard Os Galhofas, de Arreigada, Pa\u00e7os de Ferreira e a &#8220;fam\u00edlia Galhofa&#8221; j\u00e1 reagiu \u00e0 morte do jovem. &#8220;Edgar foi mais do que um s\u00f3cio &#8211; era presen\u00e7a constante, sempre trazendo alegria e boas conversas a nossa associa\u00e7\u00e3o. Deixar\u00e1 muitas saudades em todos n\u00f3s que tivemos o privil\u00e9gio de partilhar momentos com ele. Neste momento dif\u00edcil, expressamos os nossos sentimentos e solidariedade \u00e0 fam\u00edlia e aos amigos. Descanse em paz, Edgar. A sua lembran\u00e7a permanecer\u00e1 sempre viva em nossos cora\u00e7\u00f5es&#8221;, escreveram no Facebook.<\/p>\n<p><img decoding=\"async\" class=\"ngx-body\" guid=\"b85e90a3-6ad0-4480-871d-a7f7352f4b6a\" src=\"https:\/\/www.europesays.com\/pt\/wp-content\/uploads\/2025\/10\/1759341369_268_image.jpg\" width=\"100%\"\/><\/p>\n","protected":false},"excerpt":{"rendered":"Segundo apurou o JN, o jovem estava a trabalhar numa empresa de produ\u00e7\u00e3o de ra\u00e7\u00f5es, quando foi atingido&hellip;\n","protected":false},"author":2,"featured_media":94767,"comment_status":"","ping_status":"","sticky":false,"template":"","format":"standard","meta":{"footnotes":""},"categories":[10],"tags":[27,28,23518,15,16,14,25,26,21,22,12,13,19,20,32,23,24,33,17,18,29,30,31],"class_list":{"0":"post-94766","1":"post","2":"type-post","3":"status-publish","4":"format-standard","5":"has-post-thumbnail","7":"category-portugal","8":"tag-breaking-news","9":"tag-breakingnews","10":"tag-concelho-paredes","11":"tag-featured-news","12":"tag-featurednews","13":"tag-headlines","14":"tag-latest-news","15":"tag-latestnews","16":"tag-main-news","17":"tag-mainnews","18":"tag-news","19":"tag-noticias","20":"tag-noticias-principais","21":"tag-noticiasprincipais","22":"tag-portugal","23":"tag-principais-noticias","24":"tag-principaisnoticias","25":"tag-pt","26":"tag-top-stories","27":"tag-topstories","28":"tag-ultimas","29":"tag-ultimas-noticias","30":"tag-ultimasnoticias"},"share_on_mastodon":{"url":"","error":""},"_links":{"self":[{"href":"https:\/\/www.europesays.com\/pt\/wp-json\/wp\/v2\/posts\/94766","targetHints":{"allow":["GET"]}}],"collection":[{"href":"https:\/\/www.europesays.com\/pt\/wp-json\/wp\/v2\/posts"}],"about":[{"href":"https:\/\/www.europesays.com\/pt\/wp-json\/wp\/v2\/types\/post"}],"author":[{"embeddable":true,"href":"https:\/\/www.europesays.com\/pt\/wp-json\/wp\/v2\/users\/2"}],"replies":[{"embeddable":true,"href":"https:\/\/www.europesays.com\/pt\/wp-json\/wp\/v2\/comments?post=94766"}],"version-history":[{"count":0,"href":"https:\/\/www.europesays.com\/pt\/wp-json\/wp\/v2\/posts\/94766\/revisions"}],"wp:featuredmedia":[{"embeddable":true,"href":"https:\/\/www.europesays.com\/pt\/wp-json\/wp\/v2\/media\/94767"}],"wp:attachment":[{"href":"https:\/\/www.europesays.com\/pt\/wp-json\/wp\/v2\/media?parent=94766"}],"wp:term":[{"taxonomy":"category","embeddable":true,"href":"https:\/\/www.europesays.com\/pt\/wp-json\/wp\/v2\/categories?post=94766"},{"taxonomy":"post_tag","embeddable":true,"href":"https:\/\/www.europesays.com\/pt\/wp-json\/wp\/v2\/tags?post=94766"}],"curies":[{"name":"wp","href":"https:\/\/api.w.org\/{rel}","templated":true}]}}