{"id":94768,"date":"2025-10-01T17:57:07","date_gmt":"2025-10-01T17:57:07","guid":{"rendered":"https:\/\/www.europesays.com\/pt\/94768\/"},"modified":"2025-10-01T17:57:07","modified_gmt":"2025-10-01T17:57:07","slug":"miguel-nogueira-e-o-arbitro-do-fc-porto-benfica","status":"publish","type":"post","link":"https:\/\/www.europesays.com\/pt\/94768\/","title":{"rendered":"Miguel Nogueira \u00e9 o \u00e1rbitro do FC Porto-Benfica"},"content":{"rendered":"<p>Miguel Nogueira \u00e9 o \u00e1rbitro do FC Porto-Benfica, cl\u00e1ssico da <a href=\"https:\/\/maisfutebol.iol.pt\/resultadoseclassificacoes\/128\/Portugal\/Primeira-Liga\" target=\"_blank\" rel=\"nofollow noopener\"><strong>s\u00e9tima jornada da Liga<\/strong><\/a>, agendado para as 21h15 do pr\u00f3ximo domingo, no Est\u00e1dio do Drag\u00e3o. As equipas de arbitragem para a ronda sete do campeonato foram anunciadas pela Federa\u00e7\u00e3o Portuguesa de Futebol (FPF), na tarde desta quarta-feira.<\/p>\n<p>No Drag\u00e3o, Paulo Br\u00e1s e Nuno Pires s\u00e3o os assistentes de Miguel Nogueira. Gustavo Correia \u00e9 o quarto \u00e1rbitro e, no v\u00eddeo-\u00e1rbitro, vai estar Bruno Esteves, assistido por Pedro Felisberto.<\/p>\n<p>Noutro dos grandes jogos da jornada, o Sporting-Sp. Braga, tamb\u00e9m no domingo, Cl\u00e1udio Pereira ser\u00e1 o \u00e1rbitro em Alvalade. No mesmo dia, o Arouca-Famalic\u00e3o tem arbitragem de Lu\u00eds Godinho e o Rio Ave-Tondela \u00e9 dirigido por Ant\u00f3nio Nobre.<\/p>\n<p>Antes, na sexta-feira, no jogo que abre a jornada, o Casa Pia-Estoril, Lu\u00eds Filipe \u00e9 o \u00e1rbitro. No s\u00e1bado, H\u00e9lder Malheiro apita o Nacional-Moreirense, M\u00e1rcio Torres o Gil Vicente-Estrela da Amadora, David Silva o AVS-Alverca e Jo\u00e3o Gon\u00e7alves o V. Guimar\u00e3es-Santa Clara.<\/p>\n<p><strong>Casa Pia-Estoril Praia (sexta-feira, 20h15)<\/strong><br \/>\u00c1rbitro: Lu\u00eds Filipe<br \/>Assistentes: Vasco Marques e R\u00faben Silva<br \/>4.\u00ba \u00e1rbitro: Gon\u00e7alo Neves<br \/>VAR: Manuel Oliveira<br \/>AVAR: Nuno Eiras<\/p>\n<p><strong>Nacional-Moreirense (s\u00e1bado, 15h30)<\/strong><br \/>\u00c1rbitro: H\u00e9lder Malheiro<br \/>Assistentes: Gon\u00e7alo Freire e Hugo Ribeiro<br \/>4.\u00ba \u00e1rbitro: Rui M\u00f3nica<br \/>VAR: Lu\u00eds Ferreira<br \/>AVAR: Andr\u00e9 Dias<\/p>\n<p><strong>Gil Vicente-Estrela da Amadora (s\u00e1bado, 15h30)<\/strong><br \/>\u00c1rbitro: M\u00e1rcio Torres<br \/>Assistentes: Jos\u00e9 Pereira e Andr\u00e9 Ferreira<br \/>4.\u00ba \u00e1rbitro: Miguel Fonseca<br \/>VAR: Tiago Martins<br \/>AVAR: Marco Vieira<\/p>\n<p><strong>AVS-Alverca (s\u00e1bado, 18h00)<\/strong><br \/>\u00c1rbitro: David Silva<br \/>Assistentes: Carlos Campos e F\u00e1bio Silva<br \/>4.\u00ba \u00e1rbitro: F\u00e1bio Melo<br \/>VAR: Ricardo Moreira<br \/>AVAR: Rui Cidade<\/p>\n<p><strong>Vit\u00f3ria SC-Santa Clara (s\u00e1bado, 20h30)<\/strong><br \/>\u00c1rbitro: Jo\u00e3o Gon\u00e7alves<br \/>Assistentes: Pedro Ribeiro e \u00c2ngelo Carneiro<br \/>4.\u00ba \u00e1rbitro: Diogo Ara\u00fajo<br \/>VAR: Jo\u00e3o Bento<br \/>AVAR: Jo\u00e3o Martins<\/p>\n<p><strong>Arouca-Famalic\u00e3o (domingo, 15h30)<\/strong><br \/>\u00c1rbitro: Lu\u00eds Godinho<br \/>Assistentes: Rui Teixeira e Pedro Mota<br \/>4.\u00ba \u00e1rbitro: Fl\u00e1vio Duarte<br \/>VAR: Pedro Ferreira<br \/>AVAR: Paulo Miranda<\/p>\n<p><strong>Rio Ave-Tondela (domingo, 17h30)<\/strong><br \/>\u00c1rbitro: Ant\u00f3nio Nobre<br \/>Assistentes: N\u00e9lson Pereira e Francisco Pereira<br \/>4.\u00ba \u00e1rbitro: Ricardo Baixinho<br \/>VAR: Rui Costa<br \/>AVAR: Tiago Leandro<\/p>\n<p><strong>Sporting-Sp. Braga (domingo, 19h15)<\/strong><br \/>\u00c1rbitro: Cl\u00e1udio Pereira<br \/>Assistentes: Tiago Costa e S\u00e9rgio Jesus<br \/>4.\u00ba \u00e1rbitro: F\u00e1bio Ver\u00edssimo<br \/>VAR: Cl\u00e1udia Ribeiro<br \/>AVAR: Jo\u00e3o Bessa Silva<\/p>\n<p><strong>FC Porto-Benfica (domingo, 21h15)<\/strong><br \/>\u00c1rbitro: Miguel Nogueira<br \/>Assistentes: Paulo Br\u00e1s e Nuno Pires<br \/>4.\u00ba \u00e1rbitro: Gustavo Correia<br \/>VAR: Bruno Esteves<br \/>AVAR: Pedro Felisberto<\/p>\n<p><strong>J\u00e1 segue o\u00a0<a href=\"http:\/\/whatsapp.com\/channel\/0029Va9lGKPGOj9nW79Pd117\" title=\"http:\/\/whatsapp.com\/channel\/0029Va9lGKPGOj9nW79Pd117\" wbo-id=\"177\" rel=\"nofollow noopener\" target=\"_blank\">canal de Whatsapp do Maisfutebol<\/a>?<\/strong>\u00a0<\/p>\n","protected":false},"excerpt":{"rendered":"Miguel Nogueira \u00e9 o \u00e1rbitro do FC Porto-Benfica, cl\u00e1ssico da s\u00e9tima jornada da Liga, agendado para as 21h15&hellip;\n","protected":false},"author":2,"featured_media":94769,"comment_status":"","ping_status":"","sticky":false,"template":"","format":"standard","meta":{"footnotes":""},"categories":[8],"tags":[3266,51,27,28,23520,282,15,16,14,25,26,36,21,22,46,23519,12,13845,13,19,20,32,23,24,33,47,17,18,29,30,31],"class_list":{"0":"post-94768","1":"post","2":"type-post","3":"status-publish","4":"format-standard","5":"has-post-thumbnail","7":"category-principais-noticias","8":"tag-arbitragem","9":"tag-benfica","10":"tag-breaking-news","11":"tag-breakingnews","12":"tag-bruno-esteves","13":"tag-fc-porto","14":"tag-featured-news","15":"tag-featurednews","16":"tag-headlines","17":"tag-latest-news","18":"tag-latestnews","19":"tag-liga","20":"tag-main-news","21":"tag-mainnews","22":"tag-maisfutebol","23":"tag-miguel-nogueira","24":"tag-news","25":"tag-nomeacoes","26":"tag-noticias","27":"tag-noticias-principais","28":"tag-noticiasprincipais","29":"tag-portugal","30":"tag-principais-noticias","31":"tag-principaisnoticias","32":"tag-pt","33":"tag-pura-paixao","34":"tag-top-stories","35":"tag-topstories","36":"tag-ultimas","37":"tag-ultimas-noticias","38":"tag-ultimasnoticias"},"share_on_mastodon":{"url":"","error":""},"_links":{"self":[{"href":"https:\/\/www.europesays.com\/pt\/wp-json\/wp\/v2\/posts\/94768","targetHints":{"allow":["GET"]}}],"collection":[{"href":"https:\/\/www.europesays.com\/pt\/wp-json\/wp\/v2\/posts"}],"about":[{"href":"https:\/\/www.europesays.com\/pt\/wp-json\/wp\/v2\/types\/post"}],"author":[{"embeddable":true,"href":"https:\/\/www.europesays.com\/pt\/wp-json\/wp\/v2\/users\/2"}],"replies":[{"embeddable":true,"href":"https:\/\/www.europesays.com\/pt\/wp-json\/wp\/v2\/comments?post=94768"}],"version-history":[{"count":0,"href":"https:\/\/www.europesays.com\/pt\/wp-json\/wp\/v2\/posts\/94768\/revisions"}],"wp:featuredmedia":[{"embeddable":true,"href":"https:\/\/www.europesays.com\/pt\/wp-json\/wp\/v2\/media\/94769"}],"wp:attachment":[{"href":"https:\/\/www.europesays.com\/pt\/wp-json\/wp\/v2\/media?parent=94768"}],"wp:term":[{"taxonomy":"category","embeddable":true,"href":"https:\/\/www.europesays.com\/pt\/wp-json\/wp\/v2\/categories?post=94768"},{"taxonomy":"post_tag","embeddable":true,"href":"https:\/\/www.europesays.com\/pt\/wp-json\/wp\/v2\/tags?post=94768"}],"curies":[{"name":"wp","href":"https:\/\/api.w.org\/{rel}","templated":true}]}}