{"id":94778,"date":"2025-10-01T18:03:07","date_gmt":"2025-10-01T18:03:07","guid":{"rendered":"https:\/\/www.europesays.com\/pt\/94778\/"},"modified":"2025-10-01T18:03:07","modified_gmt":"2025-10-01T18:03:07","slug":"o-telefone-preto-2-ganha-trailer-final-macabro","status":"publish","type":"post","link":"https:\/\/www.europesays.com\/pt\/94778\/","title":{"rendered":"O Telefone Preto 2 ganha trailer final macabro"},"content":{"rendered":"<p><strong>O Telefone Preto 2<\/strong>\u00a0se aproxima de seu lan\u00e7amento, e a\u00a0<strong>Universal Pictures\u00a0<\/strong>revelou o macabro trailer final do filme! Veja acima.<\/p>\n<p>Em\u00a0O Telefone Preto,\u00a0Ethan\u00a0Hawke\u00a0interpretou um serial killer que sequestra o jovem Finney (Mason Themes) e o prende em seu por\u00e3o \u00e0 prova de som.\u00a0A \u00fanica chance do rapaz \u00e9 um telefone preto grudado \u00e0 parede, pelo qual ele \u00e9 capaz de se comunicar com as v\u00edtimas anteriores do assassino.<\/p>\n<p>Leia a sinopse da continua\u00e7\u00e3o: &#8220;Quatro anos ap\u00f3s escapar de The Grabber, Finney Blake luta com sua vida ap\u00f3s o cativeiro. Quando sua irm\u00e3 Gwen come\u00e7a a receber liga\u00e7\u00f5es em sonhos do telefone preto e a ter vis\u00f5es perturbadoras de tr\u00eas garotos sendo perseguidos em um acampamento de inverno conhecido como Alpine Lake, os irm\u00e3os se determinam a desvendar o mist\u00e9rio e confrontar um assassino que se tornou mais poderoso na morte e mais significativo para eles do que qualquer um poderia imaginar.&#8221;<\/p>\n<p>O Telefone Preto\u00a0foi bem recebido pela cr\u00edtica e\u00a0fez sucesso nos cinemas, arrecadando mais de US$ 161 milh\u00f5es nas bilheterias ao redor do mundo.<\/p>\n<p data-gtm-vis-first-on-screen67967661_30=\"8448\" data-gtm-vis-has-fired67967661_30=\"1\" data-gtm-vis-total-visible-time67967661_30=\"100\">A sequ\u00eancia, O Telefone Preto 2,\u00a0estreia em 17 de outubro de 2025 nos cinemas.<\/p>\n","protected":false},"excerpt":{"rendered":"O Telefone Preto 2\u00a0se aproxima de seu lan\u00e7amento, e a\u00a0Universal Pictures\u00a0revelou o macabro trailer final do filme! Veja&hellip;\n","protected":false},"author":2,"featured_media":94779,"comment_status":"","ping_status":"","sticky":false,"template":"","format":"standard","meta":{"footnotes":""},"categories":[140],"tags":[114,115,147,148,146,32,33],"class_list":{"0":"post-94778","1":"post","2":"type-post","3":"status-publish","4":"format-standard","5":"has-post-thumbnail","7":"category-filmes","8":"tag-entertainment","9":"tag-entretenimento","10":"tag-film","11":"tag-filmes","12":"tag-movies","13":"tag-portugal","14":"tag-pt"},"share_on_mastodon":{"url":"","error":""},"_links":{"self":[{"href":"https:\/\/www.europesays.com\/pt\/wp-json\/wp\/v2\/posts\/94778","targetHints":{"allow":["GET"]}}],"collection":[{"href":"https:\/\/www.europesays.com\/pt\/wp-json\/wp\/v2\/posts"}],"about":[{"href":"https:\/\/www.europesays.com\/pt\/wp-json\/wp\/v2\/types\/post"}],"author":[{"embeddable":true,"href":"https:\/\/www.europesays.com\/pt\/wp-json\/wp\/v2\/users\/2"}],"replies":[{"embeddable":true,"href":"https:\/\/www.europesays.com\/pt\/wp-json\/wp\/v2\/comments?post=94778"}],"version-history":[{"count":0,"href":"https:\/\/www.europesays.com\/pt\/wp-json\/wp\/v2\/posts\/94778\/revisions"}],"wp:featuredmedia":[{"embeddable":true,"href":"https:\/\/www.europesays.com\/pt\/wp-json\/wp\/v2\/media\/94779"}],"wp:attachment":[{"href":"https:\/\/www.europesays.com\/pt\/wp-json\/wp\/v2\/media?parent=94778"}],"wp:term":[{"taxonomy":"category","embeddable":true,"href":"https:\/\/www.europesays.com\/pt\/wp-json\/wp\/v2\/categories?post=94778"},{"taxonomy":"post_tag","embeddable":true,"href":"https:\/\/www.europesays.com\/pt\/wp-json\/wp\/v2\/tags?post=94778"}],"curies":[{"name":"wp","href":"https:\/\/api.w.org\/{rel}","templated":true}]}}