{"id":94784,"date":"2025-10-01T18:06:08","date_gmt":"2025-10-01T18:06:08","guid":{"rendered":"https:\/\/www.europesays.com\/pt\/94784\/"},"modified":"2025-10-01T18:06:08","modified_gmt":"2025-10-01T18:06:08","slug":"morreu-pedro-leitao-ex-relacoes-publicas-e-produtor-de-moda-observador","status":"publish","type":"post","link":"https:\/\/www.europesays.com\/pt\/94784\/","title":{"rendered":"Morreu Pedro Leit\u00e3o, ex-rela\u00e7\u00f5es p\u00fablicas e produtor de moda \u2013 Observador"},"content":{"rendered":"<p>O antigo rela\u00e7\u00f5es p\u00fablicas e produtor de moda Pedro Leit\u00e3o morreu na madrugada desta quarta-feira aos 59 anos v\u00edtima de um cancro do pulm\u00e3o. A not\u00edcia foi confirmada pelo amigo, Paulo Sassetti, que nas redes sociais lamentou a morte de Leit\u00e3o.<\/p>\n<p>\u201cQue triste not\u00edcia. Acabei de saber que o Pedro Leit\u00e3o faleceu esta madrugada. Querido Amigo descansa em Paz. Um enorme Beijo e muita for\u00e7a para a M\u00e3e Henriqueta\u201d, escreveu o diretor geral do\u00a0Melia Lisboa Aeroporto <a href=\"https:\/\/www.facebook.com\/paulo.s.jorge\/posts\/10231908831649299?ref=embed_post\" rel=\"nofollow noopener\" target=\"_blank\">no Facebook<\/a>.<\/p>\n<p>Tamb\u00e9m no Facebook, a diretora da revista TV Guia e Flash, Luisa Jeremias, lamentou a morte de Pedro Leit\u00e3o, recordando os anos em que trabalhou com a Flash: \u201cFez produ\u00e7\u00f5es bel\u00edssimas de moda, celebridades, manequins, gente que ele tornava ainda mais bonita. Tinha um extremo bom gosto e foi das pessoas mais educadas que conheci\u201d.<\/p>\n<p>Antes de se dedicar ao mundo da moda, Pedro Leit\u00e3o foi tamb\u00e9m um dos rela\u00e7\u00f5es p\u00fablicas mais conhecidos nos anos 90 e in\u00edcio dos anos 2000. Amigo de personalidades como Lili Cane\u00e7as, trabalhou na \u00e1rea durante cerca de 25 anos, tendo estudando Marketing e publicidade em Nova York na City College of New York. Desde janeiro deste ano era consultor imobili\u00e1rio de luxo na Vanquish Properties em Cascais.<\/p>\n<p class=\"p1\"><b>[O que realmente se passou nas elei\u00e7\u00f5es presidenciais de 1986, as primeiras e \u00fanicas decididas a duas voltas? Uma hist\u00f3ria de truques sujos, acordos secretos, agress\u00f5es e d\u00favida at\u00e9 ao fim.\u00a0<\/b><b>A\u00a0<a href=\"https:\/\/observador.pt\/programas\/a-eleio-mais-louca-de-sempre\/estreia-a-eleicao-mais-louca-de-sempre-episodio-1-apostamos-no-cavalo-errado\/\" rel=\"nofollow noopener\" target=\"_blank\">\u201cElei\u00e7\u00e3o Mais Louca de Sempre\u201d<\/a>\u00a0\u00e9 o novo Podcast Plus do Observador. Uma s\u00e9rie narrada pelo ator Gon\u00e7alo Waddington, com banda sonora original de Samuel \u00daria.\u00a0<\/b><b>Ou\u00e7a\u00a0<\/b><b>o primeiro epis\u00f3dio no\u00a0<a href=\"https:\/\/observador.pt\/programas\/a-eleio-mais-louca-de-sempre\/estreia-a-eleicao-mais-louca-de-sempre-episodio-1-apostamos-no-cavalo-errado\/\" rel=\"nofollow noopener\" target=\"_blank\">site do Observador<\/a><\/b><b>, na\u00a0<\/b><a href=\"https:\/\/podcasts.apple.com\/pt\/podcast\/estreia-a-elei%C3%A7%C3%A3o-mais-louca-de-sempre-epis%C3%B3dio\/id1841273464?i=1000729172700\" rel=\"nofollow noopener\" target=\"_blank\"><b>Apple Podcasts<\/b><\/a><b>, no\u00a0<\/b><a href=\"https:\/\/open.spotify.com\/episode\/1ZnSZVNjPXTiIv6QWsJVmX?si=401c9fba9c694f9e\" rel=\"nofollow noopener\" target=\"_blank\"><b>Spotify<\/b><\/a><b>\u00a0e no\u00a0<\/b><a href=\"https:\/\/music.youtube.com\/watch?v=KpoeAs0qyz4&amp;si=5czSgRF-P1DnAFK4\" rel=\"nofollow noopener\" target=\"_blank\"><b>Youtube Music<\/b><\/a><b>.]<\/b><\/p>\n<p class=\"p1\"><b><\/b><a href=\"https:\/\/observador.pt\/programas\/a-eleio-mais-louca-de-sempre\/estreia-a-eleicao-mais-louca-de-sempre-episodio-1-apostamos-no-cavalo-errado\/\" rel=\"nofollow noopener\" target=\"_blank\"><\/p>\n<p>        <img src=\"https:\/\/bordalo.observador.pt\/v2\/q:60\/rs:fill:560\/plain\/https:\/\/s3.observador.pt\/wp-content\/uploads\/2025\/09\/22173657\/770-a-eleicao-mais-louca-de-sempre.jpg\" alt=\"\" loading=\"lazy\" decoding=\"async\" class=\"alignnone\" onload=\"this.parentElement.classList.remove('spinner')\" onerror=\"this.parentElement.classList.remove('spinner')\" width=\"770\" height=\"433\"\/>    <\/p>\n<p><\/a><\/p>\n","protected":false},"excerpt":{"rendered":"O antigo rela\u00e7\u00f5es p\u00fablicas e produtor de moda Pedro Leit\u00e3o morreu na madrugada desta quarta-feira aos 59 anos&hellip;\n","protected":false},"author":2,"featured_media":94785,"comment_status":"","ping_status":"","sticky":false,"template":"","format":"standard","meta":{"footnotes":""},"categories":[85],"tags":[211,114,115,186,32,33],"class_list":{"0":"post-94784","1":"post","2":"type-post","3":"status-publish","4":"format-standard","5":"has-post-thumbnail","7":"category-entretenimento","8":"tag-celebridades","9":"tag-entertainment","10":"tag-entretenimento","11":"tag-lifestyle","12":"tag-portugal","13":"tag-pt"},"share_on_mastodon":{"url":"","error":""},"_links":{"self":[{"href":"https:\/\/www.europesays.com\/pt\/wp-json\/wp\/v2\/posts\/94784","targetHints":{"allow":["GET"]}}],"collection":[{"href":"https:\/\/www.europesays.com\/pt\/wp-json\/wp\/v2\/posts"}],"about":[{"href":"https:\/\/www.europesays.com\/pt\/wp-json\/wp\/v2\/types\/post"}],"author":[{"embeddable":true,"href":"https:\/\/www.europesays.com\/pt\/wp-json\/wp\/v2\/users\/2"}],"replies":[{"embeddable":true,"href":"https:\/\/www.europesays.com\/pt\/wp-json\/wp\/v2\/comments?post=94784"}],"version-history":[{"count":0,"href":"https:\/\/www.europesays.com\/pt\/wp-json\/wp\/v2\/posts\/94784\/revisions"}],"wp:featuredmedia":[{"embeddable":true,"href":"https:\/\/www.europesays.com\/pt\/wp-json\/wp\/v2\/media\/94785"}],"wp:attachment":[{"href":"https:\/\/www.europesays.com\/pt\/wp-json\/wp\/v2\/media?parent=94784"}],"wp:term":[{"taxonomy":"category","embeddable":true,"href":"https:\/\/www.europesays.com\/pt\/wp-json\/wp\/v2\/categories?post=94784"},{"taxonomy":"post_tag","embeddable":true,"href":"https:\/\/www.europesays.com\/pt\/wp-json\/wp\/v2\/tags?post=94784"}],"curies":[{"name":"wp","href":"https:\/\/api.w.org\/{rel}","templated":true}]}}