{"id":94798,"date":"2025-10-01T18:13:08","date_gmt":"2025-10-01T18:13:08","guid":{"rendered":"https:\/\/www.europesays.com\/pt\/94798\/"},"modified":"2025-10-01T18:13:08","modified_gmt":"2025-10-01T18:13:08","slug":"oliveira-de-frades-a-fotografia-como-ponte-para-historias-pessoas-e-lugares-paisagem-com-gente-dentro","status":"publish","type":"post","link":"https:\/\/www.europesays.com\/pt\/94798\/","title":{"rendered":"Oliveira de Frades: A fotografia como ponte para hist\u00f3rias, pessoas e lugares: \u201cPaisagem com Gente Dentro\u201d"},"content":{"rendered":"<p>Ontem, dia 29 de setembro, demos o primeiro passo no projeto comunit\u00e1rio: \u201cPaisagem com Gente Dentro\u201d, uma iniciativa que une fotografia, cultura e inclus\u00e3o social.<\/p>\n<p>Este projeto, numa parceria da A\u00e7\u00e3o Social com a Cultura, resulta de uma candidatura realizada pelo Munic\u00edpio ao programa Portugal 2030 \u2013 CCDR Centro, no \u00e2mbito da medida \u201cInclus\u00e3o pela Cultura\u201d.<\/p>\n<p>Na sess\u00e3o de apresenta\u00e7\u00e3o, Filipe Soares, T\u00e9cnico do Munic\u00edpio, deu a conhecer o projeto, onde cada imagem ser\u00e1 um reflexo das pessoas que d\u00e3o vida ao nosso territ\u00f3rio, envolvendo institui\u00e7\u00f5es, associa\u00e7\u00f5es, comunidade e pessoas em situa\u00e7\u00e3o de vulnerabilidade.<\/p>\n<p>Estiveram presentes diversas institui\u00e7\u00f5es locais e regionais, mostrando que este \u00e9 um projeto feito em rede, com e para a comunidade.<\/p>\n<p>Ao longo dos pr\u00f3ximos meses, vamos dar voz a hist\u00f3rias, rostos e paisagens que revelam a riqueza do nosso concelho.<\/p>\n","protected":false},"excerpt":{"rendered":"Ontem, dia 29 de setembro, demos o primeiro passo no projeto comunit\u00e1rio: \u201cPaisagem com Gente Dentro\u201d, uma iniciativa&hellip;\n","protected":false},"author":2,"featured_media":94799,"comment_status":"","ping_status":"","sticky":false,"template":"","format":"standard","meta":{"footnotes":""},"categories":[144],"tags":[207,205,206,203,201,202,204,114,115,32,33],"class_list":{"0":"post-94798","1":"post","2":"type-post","3":"status-publish","4":"format-standard","5":"has-post-thumbnail","7":"category-arte-e-design","8":"tag-arte","9":"tag-arte-e-design","10":"tag-artedesign","11":"tag-arts","12":"tag-arts-and-design","13":"tag-artsanddesign","14":"tag-design","15":"tag-entertainment","16":"tag-entretenimento","17":"tag-portugal","18":"tag-pt"},"share_on_mastodon":{"url":"","error":""},"_links":{"self":[{"href":"https:\/\/www.europesays.com\/pt\/wp-json\/wp\/v2\/posts\/94798","targetHints":{"allow":["GET"]}}],"collection":[{"href":"https:\/\/www.europesays.com\/pt\/wp-json\/wp\/v2\/posts"}],"about":[{"href":"https:\/\/www.europesays.com\/pt\/wp-json\/wp\/v2\/types\/post"}],"author":[{"embeddable":true,"href":"https:\/\/www.europesays.com\/pt\/wp-json\/wp\/v2\/users\/2"}],"replies":[{"embeddable":true,"href":"https:\/\/www.europesays.com\/pt\/wp-json\/wp\/v2\/comments?post=94798"}],"version-history":[{"count":0,"href":"https:\/\/www.europesays.com\/pt\/wp-json\/wp\/v2\/posts\/94798\/revisions"}],"wp:featuredmedia":[{"embeddable":true,"href":"https:\/\/www.europesays.com\/pt\/wp-json\/wp\/v2\/media\/94799"}],"wp:attachment":[{"href":"https:\/\/www.europesays.com\/pt\/wp-json\/wp\/v2\/media?parent=94798"}],"wp:term":[{"taxonomy":"category","embeddable":true,"href":"https:\/\/www.europesays.com\/pt\/wp-json\/wp\/v2\/categories?post=94798"},{"taxonomy":"post_tag","embeddable":true,"href":"https:\/\/www.europesays.com\/pt\/wp-json\/wp\/v2\/tags?post=94798"}],"curies":[{"name":"wp","href":"https:\/\/api.w.org\/{rel}","templated":true}]}}